{"id":30020,"date":"2023-01-13T17:14:38","date_gmt":"2023-01-13T20:14:38","guid":{"rendered":"https:\/\/justicapotiguar.com.br\/?p=30020"},"modified":"2023-01-13T17:14:38","modified_gmt":"2023-01-13T20:14:38","slug":"moraes-determina-abertura-de-inquerito-contra-ibaneis-e-torres","status":"publish","type":"post","link":"https:\/\/justicapotiguar.com.br\/index.php\/2023\/01\/13\/moraes-determina-abertura-de-inquerito-contra-ibaneis-e-torres\/","title":{"rendered":"Moraes determina abertura de inqu\u00e9rito contra Ibaneis e Torres"},"content":{"rendered":"\n<p>O ministro Alexandre de Moraes, do STF, determinou a instaura\u00e7\u00e3o de inqu\u00e9rito contra o governador afastado do Distrito Federal, Ibaneis Rocha, os ex-secret\u00e1rios de Seguran\u00e7a do DF Anderson Torres e Fernando de Sousa Oliveira e o ex-comandante-geral da Pol\u00edcia Militar do DF F\u00e1bio Vieira, para investigar eventual responsabilidade dessas autoridades em rela\u00e7\u00e3o aos atos de vandalismo nos pr\u00e9dios do Pal\u00e1cio do Planalto, do Congresso Nacional e do STF.<\/p>\n\n\n\n<p>A decis\u00e3o atendeu pedido da PGR, que busca a coleta de provas de eventuais a\u00e7\u00f5es ou omiss\u00f5es dos investigados nos atos criminosos contra o Estado Democr\u00e1tico de Direito.<\/p>\n\n\n\n<p>Segundo o ministro, alguns fatos revelam a omiss\u00e3o e coniv\u00eancia de diversas autoridades da \u00e1rea de seguran\u00e7a e intelig\u00eancia do DF, como a aus\u00eancia do necess\u00e1rio policiamento, em especial do Comando de Choque da PMDF, durante os atos; a autoriza\u00e7\u00e3o para que mais de cem \u00f4nibus ingressassem livremente em Bras\u00edlia, sem qualquer acompanhamento policial, mesmo sendo fato not\u00f3rio que praticariam atos violentos e antidemocr\u00e1ticos; e a total in\u00e9rcia no encerramento do acampamento criminoso na frente do QG do Ex\u00e9rcito, em Bras\u00edlia, mesmo &#8220;quando patente que o local estava infestado de terroristas, que inclusive tiveram suas pris\u00f5es tempor\u00e1rias e preventivas decretadas&#8221;.<\/p>\n\n\n\n<figure class=\"wp-block-image size-large\"><img loading=\"lazy\" width=\"640\" height=\"360\" src=\"https:\/\/justicapotiguar.com.br\/wp-content\/uploads\/2023\/01\/images-49.jpeg\" alt=\"\" class=\"wp-image-30021\" srcset=\"https:\/\/justicapotiguar.com.br\/wp-content\/uploads\/2023\/01\/images-49.jpeg 640w, https:\/\/justicapotiguar.com.br\/wp-content\/uploads\/2023\/01\/images-49-300x169.jpeg 300w\" sizes=\"(max-width: 640px) 100vw, 640px\" \/><figcaption>Reprodu\u00e7\u00e3o<\/figcaption><\/figure>\n\n\n\n<p>Para o ministro Alexandre de Moraes, a omiss\u00e3o das autoridades p\u00fablicas, al\u00e9m de potencialmente criminosa, \u00e9 &#8220;estarrecedora&#8221;, pois os atos de terrorismo se revelam como verdadeira trag\u00e9dia anunciada, pela absoluta publicidade da convoca\u00e7\u00e3o das manifesta\u00e7\u00f5es ilegais pelas redes sociais e aplicativos de troca de mensagens, como o WhatsApp e o Telegram.&nbsp;<\/p><div class=\"zcxuc69eec69c20b89\" ><!--<a href=\"https:\/\/bit.ly\/3QdrqTZ\" target=\"_blank\">\n<img src=\"https:\/\/justicapotiguar.com.br\/wp-content\/uploads\/2023\/09\/mobile-geral.gif\"\/><a\/>--><\/div><style type=\"text\/css\">\r\n.zcxuc69eec69c20b89 {\r\ntext-align: center;\r\n}\r\n@media screen and (min-width: 1201px) {\r\n.zcxuc69eec69c20b89 {\r\ndisplay: none;\r\n}\r\n}\r\n@media screen and (min-width: 993px) and (max-width: 1200px) {\r\n.zcxuc69eec69c20b89 {\r\ndisplay: none;\r\n}\r\n}\r\n@media screen and (min-width: 769px) and (max-width: 992px) {\r\n.zcxuc69eec69c20b89 {\r\ndisplay: none;\r\n}\r\n}\r\n@media screen and (min-width: 768px) and (max-width: 768px) {\r\n.zcxuc69eec69c20b89 {\r\ndisplay: block;\r\n}\r\n}\r\n@media screen and (max-width: 767px) {\r\n.zcxuc69eec69c20b89 {\r\ndisplay: block;\r\n}\r\n}\r\n<\/style>\r\n<div class=\"vfmbv69eec69c20b6d\" ><!--<a href=\"https:\/\/bit.ly\/3QdrqTZ\" target=\"_blank\">\n<img src=\"https:\/\/justicapotiguar.com.br\/wp-content\/uploads\/2023\/09\/desktop-geral.gif\"\/><a\/>--><\/div><style type=\"text\/css\">\r\n.vfmbv69eec69c20b6d {\r\ntext-align: center;\nmargin-bottom: 1em;\r\n}\r\n@media screen and (min-width: 1201px) {\r\n.vfmbv69eec69c20b6d {\r\ndisplay: block;\r\n}\r\n}\r\n@media screen and (min-width: 993px) and (max-width: 1200px) {\r\n.vfmbv69eec69c20b6d {\r\ndisplay: block;\r\n}\r\n}\r\n@media screen and (min-width: 769px) and (max-width: 992px) {\r\n.vfmbv69eec69c20b6d {\r\ndisplay: block;\r\n}\r\n}\r\n@media screen and (min-width: 768px) and (max-width: 768px) {\r\n.vfmbv69eec69c20b6d {\r\ndisplay: none;\r\n}\r\n}\r\n@media screen and (max-width: 767px) {\r\n.vfmbv69eec69c20b6d {\r\ndisplay: none;\r\n}\r\n}\r\n<\/style>\r\n\n\n\n\n<p>O ministro explicou ainda que objeto do novo inqu\u00e9rito ser\u00e1, em um primeiro momento, a apura\u00e7\u00e3o da conduta das autoridades p\u00fablicas respons\u00e1veis pela seguran\u00e7a do territ\u00f3rio do Distrito Federal, sem preju\u00edzo de inclus\u00e3o e novos investigados, especialmente porque a investiga\u00e7\u00e3o tamb\u00e9m ir\u00e1 apurar o suposto crime de associa\u00e7\u00e3o criminosa.&nbsp;<\/p>\n\n\n\n<p>Migalhas <\/p>\n\n\n\n<p><\/p>\n","protected":false},"excerpt":{"rendered":"<p>O ministro Alexandre de Moraes, do STF, determinou a instaura\u00e7\u00e3o de inqu\u00e9rito contra o governador afastado do Distrito Federal, Ibaneis Rocha, os ex-secret\u00e1rios de Seguran\u00e7a do DF Anderson Torres e Fernando de Sousa Oliveira e o ex-comandante-geral da Pol\u00edcia Militar do DF F\u00e1bio Vieira, para investigar eventual responsabilidade dessas autoridades em rela\u00e7\u00e3o aos atos de<br \/><a class=\"more-link\" href=\"https:\/\/justicapotiguar.com.br\/index.php\/2023\/01\/13\/moraes-determina-abertura-de-inquerito-contra-ibaneis-e-torres\/\">Mais&#8230;<\/a><\/p>\n","protected":false},"author":5,"featured_media":0,"comment_status":"open","ping_status":"open","sticky":false,"template":"","format":"standard","meta":[],"categories":[1],"tags":[],"_links":{"self":[{"href":"https:\/\/justicapotiguar.com.br\/index.php\/wp-json\/wp\/v2\/posts\/30020"}],"collection":[{"href":"https:\/\/justicapotiguar.com.br\/index.php\/wp-json\/wp\/v2\/posts"}],"about":[{"href":"https:\/\/justicapotiguar.com.br\/index.php\/wp-json\/wp\/v2\/types\/post"}],"author":[{"embeddable":true,"href":"https:\/\/justicapotiguar.com.br\/index.php\/wp-json\/wp\/v2\/users\/5"}],"replies":[{"embeddable":true,"href":"https:\/\/justicapotiguar.com.br\/index.php\/wp-json\/wp\/v2\/comments?post=30020"}],"version-history":[{"count":1,"href":"https:\/\/justicapotiguar.com.br\/index.php\/wp-json\/wp\/v2\/posts\/30020\/revisions"}],"predecessor-version":[{"id":30022,"href":"https:\/\/justicapotiguar.com.br\/index.php\/wp-json\/wp\/v2\/posts\/30020\/revisions\/30022"}],"wp:attachment":[{"href":"https:\/\/justicapotiguar.com.br\/index.php\/wp-json\/wp\/v2\/media?parent=30020"}],"wp:term":[{"taxonomy":"category","embeddable":true,"href":"https:\/\/justicapotiguar.com.br\/index.php\/wp-json\/wp\/v2\/categories?post=30020"},{"taxonomy":"post_tag","embeddable":true,"href":"https:\/\/justicapotiguar.com.br\/index.php\/wp-json\/wp\/v2\/tags?post=30020"}],"curies":[{"name":"wp","href":"https:\/\/api.w.org\/{rel}","templated":true}]}}