{"id":30008,"date":"2023-01-13T08:23:43","date_gmt":"2023-01-13T11:23:43","guid":{"rendered":"https:\/\/justicapotiguar.com.br\/?p=30008"},"modified":"2023-01-12T23:23:59","modified_gmt":"2023-01-13T02:23:59","slug":"juiz-bloqueia-r-65-milhoes-de-acusados-de-financiar-atos-no-df","status":"publish","type":"post","link":"https:\/\/justicapotiguar.com.br\/index.php\/2023\/01\/13\/juiz-bloqueia-r-65-milhoes-de-acusados-de-financiar-atos-no-df\/","title":{"rendered":"Juiz bloqueia R$ 6,5 milh\u00f5es de acusados de financiar atos no DF"},"content":{"rendered":"\n<p>Quem financia atos de viol\u00eancia pode ser responsabilizado por eles, ainda que n\u00e3o tenha participado diretamente de epis\u00f3dios&nbsp;de vandalismo.&nbsp;O entendimento \u00e9 do juiz Francisco Alexandre Ribeiro, da 8\u00aa Vara Federal do Distrito Federal. Ele determinou o bloqueio de R$ 6,5 milh\u00f5es em bens de 52 pessoas e sete empresas que teriam financiado o fretamento de \u00f4nibus para os atos de terrorismo que ocorreram em Bras\u00edlia no \u00faltimo domingo (8\/1).<\/p>\n\n\n\n<figure class=\"wp-block-image\"><img src=\"https:\/\/www.conjur.com.br\/img\/b\/brasilia-8120235.jpeg\" alt=\"\"\/><figcaption><br><sup>Tiago Angelo\/ConJur<\/sup><\/figcaption><\/figure>\n\n\n\n<p>Na ocasi\u00e3o,&nbsp;<a href=\"https:\/\/www.conjur.com.br\/2023-jan-08\/brasil-teve-invasao-capitolio-foi-facil-participar-dela\" target=\"_blank\" rel=\"noreferrer noopener\">bolsonaristas invadiram<\/a>&nbsp;o Congresso Nacional, o Supremo Tribunal Federal e o Pal\u00e1cio do Planalto. Eles depredaram os locais.&nbsp;<\/p>\n\n\n\n<p>O magistrado atendeu a um&nbsp;<a href=\"https:\/\/www.conjur.com.br\/2023-jan-12\/agu-bloqueio-65-mi-envolvidos-terrorismo-df\" target=\"_blank\" rel=\"noreferrer noopener\">pedido da Advocacia-Geral da Uni\u00e3o<\/a>. De acordo com o \u00f3rg\u00e3o, os financiadores tiveram &#8220;papel decisivo no desenrolar f\u00e1tico ocorrido no \u00faltimo 8 de janeiro&#8221;.&nbsp;<\/p>\n\n\n\n<p>&#8220;Ainda que os referidos r\u00e9us, aparentemente, n\u00e3o tenham participado diretamente dos mais recentes atos e manifesta\u00e7\u00f5es antidemocr\u00e1ticas, incluindo o inusitado acampamento em frente ao Quartel General em Bras\u00edlia, \u00e9 absolutamente plaus\u00edvel a tese da Uni\u00e3o de que eles, por terem financiado o transporte de milhares de manifestantes que participaram dos eventos il\u00edcitos, fretando dezenas de \u00f4nibus&nbsp;interestaduais, concorreram para a consecu\u00e7\u00e3o dos vultosos danos ao patrim\u00f4nio p\u00fablico, sendo pass\u00edveis, portanto, da bastante responsabiliza\u00e7\u00e3o civil&#8221;, diz a decis\u00e3o.<\/p>\n\n\n\n<p>Ainda segundo o magistrado, era previs\u00edvel que bolsonaristas reunidos por causa de&nbsp;uma pauta &#8220;exclusivamente raivosa e hostil ao resultado das elei\u00e7\u00f5es&#8221; pudessem descambar para atos de viol\u00eancia.&nbsp;<\/p><div class=\"wpsiv69ec783d09032\" ><!--<a href=\"https:\/\/bit.ly\/3QdrqTZ\" target=\"_blank\">\n<img src=\"https:\/\/justicapotiguar.com.br\/wp-content\/uploads\/2023\/09\/mobile-geral.gif\"\/><a\/>--><\/div><style type=\"text\/css\">\r\n.wpsiv69ec783d09032 {\r\ntext-align: center;\r\n}\r\n@media screen and (min-width: 1201px) {\r\n.wpsiv69ec783d09032 {\r\ndisplay: none;\r\n}\r\n}\r\n@media screen and (min-width: 993px) and (max-width: 1200px) {\r\n.wpsiv69ec783d09032 {\r\ndisplay: none;\r\n}\r\n}\r\n@media screen and (min-width: 769px) and (max-width: 992px) {\r\n.wpsiv69ec783d09032 {\r\ndisplay: none;\r\n}\r\n}\r\n@media screen and (min-width: 768px) and (max-width: 768px) {\r\n.wpsiv69ec783d09032 {\r\ndisplay: block;\r\n}\r\n}\r\n@media screen and (max-width: 767px) {\r\n.wpsiv69ec783d09032 {\r\ndisplay: block;\r\n}\r\n}\r\n<\/style>\r\n<div class=\"lneov69ec783d09020\" ><!--<a href=\"https:\/\/bit.ly\/3QdrqTZ\" target=\"_blank\">\n<img src=\"https:\/\/justicapotiguar.com.br\/wp-content\/uploads\/2023\/09\/desktop-geral.gif\"\/><a\/>--><\/div><style type=\"text\/css\">\r\n.lneov69ec783d09020 {\r\ntext-align: center;\nmargin-bottom: 1em;\r\n}\r\n@media screen and (min-width: 1201px) {\r\n.lneov69ec783d09020 {\r\ndisplay: block;\r\n}\r\n}\r\n@media screen and (min-width: 993px) and (max-width: 1200px) {\r\n.lneov69ec783d09020 {\r\ndisplay: block;\r\n}\r\n}\r\n@media screen and (min-width: 769px) and (max-width: 992px) {\r\n.lneov69ec783d09020 {\r\ndisplay: block;\r\n}\r\n}\r\n@media screen and (min-width: 768px) and (max-width: 768px) {\r\n.lneov69ec783d09020 {\r\ndisplay: none;\r\n}\r\n}\r\n@media screen and (max-width: 767px) {\r\n.lneov69ec783d09020 {\r\ndisplay: none;\r\n}\r\n}\r\n<\/style>\r\n\n\n\n\n<p>De acordo com a AGU, o pedido de bloqueio \u00e9 preliminar,&nbsp;j\u00e1 que os preju\u00edzos causados \u00e0s sedes do Judici\u00e1rio, do Legislativo e do Executivo ainda n\u00e3o foram totalmente calculados. Ou seja, o \u00f3rg\u00e3o ainda pode pedir que o valor aumente. S\u00f3 na C\u00e2mara, por exemplo, os danos materiais calculados at\u00e9 o momento j\u00e1 chegam a R$ 3 milh\u00f5es.<\/p>\n\n\n\n<p>&#8220;Os r\u00e9us financiaram\/patrocinaram a contrata\u00e7\u00e3o de \u00f4nibus para transporte de manifestantes at\u00e9 a cidade de Bras\u00edlia, sendo que a partir desse transporte e aglomera\u00e7\u00e3o de manifestantes \u00e9 que se desenrolou toda a cadeia f\u00e1tica que culminou com a invas\u00e3o e depreda\u00e7\u00e3o de pr\u00e9dios p\u00fablicos federais&#8221;, afirmou a AGU no pedido.&nbsp;<\/p>\n\n\n\n<p><strong>Clique\u00a0<a rel=\"noreferrer noopener\" href=\"https:\/\/www.conjur.com.br\/dl\/juiz-bloqueia-65-milhoes-financiadores.pdf\" target=\"_blank\">aqui<\/a>\u00a0para ler a decis\u00e3o<br>Processo 1001708-82.2023.4.01.3400<\/strong><\/p>\n\n\n\n<p>Conjur<\/p>\n","protected":false},"excerpt":{"rendered":"<p>Quem financia atos de viol\u00eancia pode ser responsabilizado por eles, ainda que n\u00e3o tenha participado diretamente de epis\u00f3dios&nbsp;de vandalismo.&nbsp;O entendimento \u00e9 do juiz Francisco Alexandre Ribeiro, da 8\u00aa Vara Federal do Distrito Federal. Ele determinou o bloqueio de R$ 6,5 milh\u00f5es em bens de 52 pessoas e sete empresas que teriam financiado o fretamento de<br \/><a class=\"more-link\" href=\"https:\/\/justicapotiguar.com.br\/index.php\/2023\/01\/13\/juiz-bloqueia-r-65-milhoes-de-acusados-de-financiar-atos-no-df\/\">Mais&#8230;<\/a><\/p>\n","protected":false},"author":5,"featured_media":0,"comment_status":"open","ping_status":"open","sticky":false,"template":"","format":"standard","meta":[],"categories":[1],"tags":[],"_links":{"self":[{"href":"https:\/\/justicapotiguar.com.br\/index.php\/wp-json\/wp\/v2\/posts\/30008"}],"collection":[{"href":"https:\/\/justicapotiguar.com.br\/index.php\/wp-json\/wp\/v2\/posts"}],"about":[{"href":"https:\/\/justicapotiguar.com.br\/index.php\/wp-json\/wp\/v2\/types\/post"}],"author":[{"embeddable":true,"href":"https:\/\/justicapotiguar.com.br\/index.php\/wp-json\/wp\/v2\/users\/5"}],"replies":[{"embeddable":true,"href":"https:\/\/justicapotiguar.com.br\/index.php\/wp-json\/wp\/v2\/comments?post=30008"}],"version-history":[{"count":1,"href":"https:\/\/justicapotiguar.com.br\/index.php\/wp-json\/wp\/v2\/posts\/30008\/revisions"}],"predecessor-version":[{"id":30009,"href":"https:\/\/justicapotiguar.com.br\/index.php\/wp-json\/wp\/v2\/posts\/30008\/revisions\/30009"}],"wp:attachment":[{"href":"https:\/\/justicapotiguar.com.br\/index.php\/wp-json\/wp\/v2\/media?parent=30008"}],"wp:term":[{"taxonomy":"category","embeddable":true,"href":"https:\/\/justicapotiguar.com.br\/index.php\/wp-json\/wp\/v2\/categories?post=30008"},{"taxonomy":"post_tag","embeddable":true,"href":"https:\/\/justicapotiguar.com.br\/index.php\/wp-json\/wp\/v2\/tags?post=30008"}],"curies":[{"name":"wp","href":"https:\/\/api.w.org\/{rel}","templated":true}]}}