{"id":30000,"date":"2023-01-12T09:38:22","date_gmt":"2023-01-12T12:38:22","guid":{"rendered":"https:\/\/justicapotiguar.com.br\/?p=30000"},"modified":"2023-01-12T09:38:22","modified_gmt":"2023-01-12T12:38:22","slug":"moraes-afastou-governador-do-df-sem-pedido-de-orgaos-de-investigacao-ou-parlamentares","status":"publish","type":"post","link":"https:\/\/justicapotiguar.com.br\/index.php\/2023\/01\/12\/moraes-afastou-governador-do-df-sem-pedido-de-orgaos-de-investigacao-ou-parlamentares\/","title":{"rendered":"Moraes afastou governador do DF sem pedido de \u00f3rg\u00e3os de investiga\u00e7\u00e3o ou parlamentares"},"content":{"rendered":"\n<p>&nbsp;O ministro Alexandre de Moraes, do STF (Supremo Tribunal Federal), determinou o afastamento do governador Ibaneis Rocha (MDB) do cargo de of\u00edcio, ou seja, sem ter sido provocado por \u00f3rg\u00e3os de investiga\u00e7\u00e3o ou mesmo por parlamentares.<\/p>\n\n\n\n<p>\u00c9 a primeira vez que um magistrado retira um chefe de Executivo estadual do cargo sem que haja um pedido nesse sentido.<\/p>\n\n\n\n<p>Moraes mandou afastar o emedebista do comando da capital federal no \u00faltimo domingo (8), poucas horas depois de apoiadores do ex-presidente Jair Bolsonaro (PL) invadirem e vandalizarem as sedes dos Tr\u00eas Poderes.<\/p>\n\n\n\n<figure class=\"wp-block-image size-large\"><img loading=\"lazy\" width=\"1024\" height=\"683\" src=\"https:\/\/justicapotiguar.com.br\/wp-content\/uploads\/2019\/08\/Alexandre-de-Moraes-1024x683.jpg\" alt=\"\" class=\"wp-image-119\" srcset=\"https:\/\/justicapotiguar.com.br\/wp-content\/uploads\/2019\/08\/Alexandre-de-Moraes-1024x683.jpg 1024w, https:\/\/justicapotiguar.com.br\/wp-content\/uploads\/2019\/08\/Alexandre-de-Moraes-300x200.jpg 300w, https:\/\/justicapotiguar.com.br\/wp-content\/uploads\/2019\/08\/Alexandre-de-Moraes-768x512.jpg 768w, https:\/\/justicapotiguar.com.br\/wp-content\/uploads\/2019\/08\/Alexandre-de-Moraes.jpg 1140w\" sizes=\"(max-width: 1024px) 100vw, 1024px\" \/><figcaption>Reprodu\u00e7\u00e3o <\/figcaption><\/figure>\n\n\n\n<p>A ordem se soma a outras decis\u00f5es heterodoxas adotadas por Moraes em inqu\u00e9ritos que investigam a ofensiva golpista contra as institui\u00e7\u00f5es patrocinadas por Bolsonaro e sua milit\u00e2ncia. A maioria do STF j\u00e1 referendou a decis\u00e3o do magistrado contra Ibaneis, em julgamento realizado no plen\u00e1rio virtual.<\/p>\n\n\n\n<p>Em 2019, o STF foi alvo de cr\u00edticas por agir de of\u00edcio quando o ent\u00e3o presidente Dias Toffoli determinou a abertura do inqu\u00e9rito das fake news sem pedido da PGR (Procuradoria-Geral da Rep\u00fablica) nesse sentido.<\/p>\n\n\n\n<p>Tamb\u00e9m foi criticado o fato de Toffoli ter escolhido Moraes para relatar o caso, sem sorteio, como ocorre em todos os inqu\u00e9ritos instaurados na corte que n\u00e3o t\u00eam rela\u00e7\u00e3o com alguma outra investiga\u00e7\u00e3o em curso no tribunal.<\/p><div class=\"jiwlz69eef6dda461d\" ><!--<a href=\"https:\/\/bit.ly\/3QdrqTZ\" target=\"_blank\">\n<img src=\"https:\/\/justicapotiguar.com.br\/wp-content\/uploads\/2023\/09\/mobile-geral.gif\"\/><a\/>--><\/div><style type=\"text\/css\">\r\n.jiwlz69eef6dda461d {\r\ntext-align: center;\r\n}\r\n@media screen and (min-width: 1201px) {\r\n.jiwlz69eef6dda461d {\r\ndisplay: none;\r\n}\r\n}\r\n@media screen and (min-width: 993px) and (max-width: 1200px) {\r\n.jiwlz69eef6dda461d {\r\ndisplay: none;\r\n}\r\n}\r\n@media screen and (min-width: 769px) and (max-width: 992px) {\r\n.jiwlz69eef6dda461d {\r\ndisplay: none;\r\n}\r\n}\r\n@media screen and (min-width: 768px) and (max-width: 768px) {\r\n.jiwlz69eef6dda461d {\r\ndisplay: block;\r\n}\r\n}\r\n@media screen and (max-width: 767px) {\r\n.jiwlz69eef6dda461d {\r\ndisplay: block;\r\n}\r\n}\r\n<\/style>\r\n<div class=\"kqckz69eef6dda45fe\" ><!--<a href=\"https:\/\/bit.ly\/3QdrqTZ\" target=\"_blank\">\n<img src=\"https:\/\/justicapotiguar.com.br\/wp-content\/uploads\/2023\/09\/desktop-geral.gif\"\/><a\/>--><\/div><style type=\"text\/css\">\r\n.kqckz69eef6dda45fe {\r\ntext-align: center;\nmargin-bottom: 1em;\r\n}\r\n@media screen and (min-width: 1201px) {\r\n.kqckz69eef6dda45fe {\r\ndisplay: block;\r\n}\r\n}\r\n@media screen and (min-width: 993px) and (max-width: 1200px) {\r\n.kqckz69eef6dda45fe {\r\ndisplay: block;\r\n}\r\n}\r\n@media screen and (min-width: 769px) and (max-width: 992px) {\r\n.kqckz69eef6dda45fe {\r\ndisplay: block;\r\n}\r\n}\r\n@media screen and (min-width: 768px) and (max-width: 768px) {\r\n.kqckz69eef6dda45fe {\r\ndisplay: none;\r\n}\r\n}\r\n@media screen and (max-width: 767px) {\r\n.kqckz69eef6dda45fe {\r\ndisplay: none;\r\n}\r\n}\r\n<\/style>\r\n\n\n\n\n<p>Na \u00e9poca, a abertura da apura\u00e7\u00e3o sofreu grande resist\u00eancia no meio jur\u00eddico e dentro do pr\u00f3prio STF. Prova disso \u00e9 que Toffoli s\u00f3 submeteu a decis\u00e3o ao plen\u00e1rio da corte mais de um ano depois, em junho de 2020.<\/p>\n\n\n\n<p>\u00c0quela altura, o cen\u00e1rio havia mudado. A amplia\u00e7\u00e3o dos ataques contra integrantes da corte pela milit\u00e2ncia bolsonarista e pelo ent\u00e3o presidente mudou o humor da maioria dos ministros. Parte dos magistrados inicialmente era cr\u00edtica do inqu\u00e9rito, mas depois se tornou favor\u00e1vel por ver em Moraes um meio para proteger a institui\u00e7\u00e3o.<\/p>\n\n\n\n<p>Depois disso, as ordens judiciais heterodoxas de Moraes se acumularam. A \u00faltima foi a do afastamento de Ibaneis. A decis\u00e3o foi tomada em a\u00e7\u00f5es apresentadas pela AGU (Advocacia-Geral da Uni\u00e3o) e pelo l\u00edder do governo no Congresso, Randolfe Rodrigues (Rede-AP). Nenhum dos dois, por\u00e9m, pediu especificamente o afastamento do governador.<\/p>\n\n\n\n<p>Moraes descreveu os pedidos feitos por ambos e, em nenhum momento, citou solicita\u00e7\u00e3o para que o governador fosse retirado do cargo. A representa\u00e7\u00e3o da AGU pediu a &#8220;pris\u00e3o em flagrante de todos os envolvidos, inclusive do secret\u00e1rio de Seguran\u00e7a do DF e demais agentes p\u00fablicos respons\u00e1veis por atos e omiss\u00f5es&#8221;, mas n\u00e3o mencionou o nome de Ibaneis.<\/p>\n\n\n\n<p>O ministro afirmou que o afastamento do governador \u00e9 necess\u00e1rio para impedir que ele destrua provas sobre poss\u00edveis omiss\u00f5es que levaram \u00e0 atua\u00e7\u00e3o leniente da Pol\u00edcia Militar do DF que permitiu a invas\u00e3o dos pal\u00e1cios de Bras\u00edlia.<\/p>\n\n\n\n<p>Folhapress<\/p>\n","protected":false},"excerpt":{"rendered":"<p>&nbsp;O ministro Alexandre de Moraes, do STF (Supremo Tribunal Federal), determinou o afastamento do governador Ibaneis Rocha (MDB) do cargo de of\u00edcio, ou seja, sem ter sido provocado por \u00f3rg\u00e3os de investiga\u00e7\u00e3o ou mesmo por parlamentares. \u00c9 a primeira vez que um magistrado retira um chefe de Executivo estadual do cargo sem que haja um<br \/><a class=\"more-link\" href=\"https:\/\/justicapotiguar.com.br\/index.php\/2023\/01\/12\/moraes-afastou-governador-do-df-sem-pedido-de-orgaos-de-investigacao-ou-parlamentares\/\">Mais&#8230;<\/a><\/p>\n","protected":false},"author":5,"featured_media":0,"comment_status":"open","ping_status":"open","sticky":false,"template":"","format":"standard","meta":[],"categories":[1],"tags":[],"_links":{"self":[{"href":"https:\/\/justicapotiguar.com.br\/index.php\/wp-json\/wp\/v2\/posts\/30000"}],"collection":[{"href":"https:\/\/justicapotiguar.com.br\/index.php\/wp-json\/wp\/v2\/posts"}],"about":[{"href":"https:\/\/justicapotiguar.com.br\/index.php\/wp-json\/wp\/v2\/types\/post"}],"author":[{"embeddable":true,"href":"https:\/\/justicapotiguar.com.br\/index.php\/wp-json\/wp\/v2\/users\/5"}],"replies":[{"embeddable":true,"href":"https:\/\/justicapotiguar.com.br\/index.php\/wp-json\/wp\/v2\/comments?post=30000"}],"version-history":[{"count":1,"href":"https:\/\/justicapotiguar.com.br\/index.php\/wp-json\/wp\/v2\/posts\/30000\/revisions"}],"predecessor-version":[{"id":30001,"href":"https:\/\/justicapotiguar.com.br\/index.php\/wp-json\/wp\/v2\/posts\/30000\/revisions\/30001"}],"wp:attachment":[{"href":"https:\/\/justicapotiguar.com.br\/index.php\/wp-json\/wp\/v2\/media?parent=30000"}],"wp:term":[{"taxonomy":"category","embeddable":true,"href":"https:\/\/justicapotiguar.com.br\/index.php\/wp-json\/wp\/v2\/categories?post=30000"},{"taxonomy":"post_tag","embeddable":true,"href":"https:\/\/justicapotiguar.com.br\/index.php\/wp-json\/wp\/v2\/tags?post=30000"}],"curies":[{"name":"wp","href":"https:\/\/api.w.org\/{rel}","templated":true}]}}