{"id":29994,"date":"2023-01-12T09:29:00","date_gmt":"2023-01-12T12:29:00","guid":{"rendered":"https:\/\/justicapotiguar.com.br\/?p=29994"},"modified":"2023-01-11T23:31:08","modified_gmt":"2023-01-12T02:31:08","slug":"cnj-diz-que-ha-1-418-presos-por-ataques-as-sedes-dos-tres-poderes","status":"publish","type":"post","link":"https:\/\/justicapotiguar.com.br\/index.php\/2023\/01\/12\/cnj-diz-que-ha-1-418-presos-por-ataques-as-sedes-dos-tres-poderes\/","title":{"rendered":"CNJ diz que h\u00e1 1.418 presos por ataques \u00e0s sedes dos tr\u00eas poderes"},"content":{"rendered":"\n<p>O Conselho Nacional de Justi\u00e7a (CNJ) informou nesta quarta-feira (11) que 1.418 suspeitos est\u00e3o presos em flagrante por envolvimento nos\u00a0<a href=\"https:\/\/g1.globo.com\/df\/distrito-federal\/noticia\/2023\/01\/08\/o-dia-em-que-bolsonaristas-invadiram-o-congresso-o-planalto-e-o-stf-como-isso-aconteceu-e-quais-as-consequencias.ghtml\">ataques terroristas \u00e0s sedes dos tr\u00eas poderes<\/a>\u00a0da Rep\u00fablica no \u00faltimo domingo (8).<\/p>\n\n\n\n<figure class=\"wp-block-image size-large\"><img loading=\"lazy\" width=\"675\" height=\"450\" src=\"https:\/\/justicapotiguar.com.br\/wp-content\/uploads\/2023\/01\/images-45.jpeg\" alt=\"\" class=\"wp-image-29932\" srcset=\"https:\/\/justicapotiguar.com.br\/wp-content\/uploads\/2023\/01\/images-45.jpeg 675w, https:\/\/justicapotiguar.com.br\/wp-content\/uploads\/2023\/01\/images-45-300x200.jpeg 300w\" sizes=\"(max-width: 675px) 100vw, 675px\" \/><figcaption>Reprodu\u00e7\u00e3o<\/figcaption><\/figure>\n\n\n\n<p>Desse total, 222 foram detidos na Pra\u00e7a dos Tr\u00eas Poderes e 1.196, no acampamento em frente ao Quartel General do Ex\u00e9rcito, em Bras\u00edlia.<\/p>\n\n\n\n<p>O CNJ apontou tamb\u00e9m que outras 599 pessoas foram liberadas, sem serem ouvidas, por \u201cquest\u00f5es humanit\u00e1rias\u201d. Est\u00e3o nesse n\u00famero idosos, pessoas com problemas de sa\u00fade, em situa\u00e7\u00e3o de rua e m\u00e3es acompanhadas de crian\u00e7as.<\/p>\n\n\n\n<p>Segundo o CNJ, os presos que continuam detidos foram ouvidos pela Pol\u00edcia Federal e pela Pol\u00edcia Civil do Distrito Federal. O grupo tamb\u00e9m passou por triagem do Instituto M\u00e9dico Legal (IML).<\/p><div class=\"nwcoz69eee0cd9de91\" ><!--<a href=\"https:\/\/bit.ly\/3QdrqTZ\" target=\"_blank\">\n<img src=\"https:\/\/justicapotiguar.com.br\/wp-content\/uploads\/2023\/09\/mobile-geral.gif\"\/><a\/>--><\/div><style type=\"text\/css\">\r\n.nwcoz69eee0cd9de91 {\r\ntext-align: center;\r\n}\r\n@media screen and (min-width: 1201px) {\r\n.nwcoz69eee0cd9de91 {\r\ndisplay: none;\r\n}\r\n}\r\n@media screen and (min-width: 993px) and (max-width: 1200px) {\r\n.nwcoz69eee0cd9de91 {\r\ndisplay: none;\r\n}\r\n}\r\n@media screen and (min-width: 769px) and (max-width: 992px) {\r\n.nwcoz69eee0cd9de91 {\r\ndisplay: none;\r\n}\r\n}\r\n@media screen and (min-width: 768px) and (max-width: 768px) {\r\n.nwcoz69eee0cd9de91 {\r\ndisplay: block;\r\n}\r\n}\r\n@media screen and (max-width: 767px) {\r\n.nwcoz69eee0cd9de91 {\r\ndisplay: block;\r\n}\r\n}\r\n<\/style>\r\n<div class=\"icore69eee0cd9de7f\" ><!--<a href=\"https:\/\/bit.ly\/3QdrqTZ\" target=\"_blank\">\n<img src=\"https:\/\/justicapotiguar.com.br\/wp-content\/uploads\/2023\/09\/desktop-geral.gif\"\/><a\/>--><\/div><style type=\"text\/css\">\r\n.icore69eee0cd9de7f {\r\ntext-align: center;\nmargin-bottom: 1em;\r\n}\r\n@media screen and (min-width: 1201px) {\r\n.icore69eee0cd9de7f {\r\ndisplay: block;\r\n}\r\n}\r\n@media screen and (min-width: 993px) and (max-width: 1200px) {\r\n.icore69eee0cd9de7f {\r\ndisplay: block;\r\n}\r\n}\r\n@media screen and (min-width: 769px) and (max-width: 992px) {\r\n.icore69eee0cd9de7f {\r\ndisplay: block;\r\n}\r\n}\r\n@media screen and (min-width: 768px) and (max-width: 768px) {\r\n.icore69eee0cd9de7f {\r\ndisplay: none;\r\n}\r\n}\r\n@media screen and (max-width: 767px) {\r\n.icore69eee0cd9de7f {\r\ndisplay: none;\r\n}\r\n}\r\n<\/style>\r\n\n\n\n\n<p>Eles foram encaminhados \u00e0s penitenci\u00e1rias do DF. No caso dos homens, ao Complexo Penitenci\u00e1rio da Papuda; no das mulheres, \u00e0 Penitenci\u00e1ria Feminina do Distrito Federal, conhecida como Colmeia.<\/p>\n\n\n\n<p>Os suspeitos foram detidos entre domingo (8) e segunda (9), ap\u00f3s ataques terroristas no centro da capital federal. Eles s\u00e3o investigados por crimes como golpe de Estado, roubo, les\u00e3o corporal e outros.<\/p>\n\n\n\n<p>Mais cedo, a Pol\u00edcia Federal havia divulgado n\u00famero inferior ao apresentado pelo CNJ na noite desta quarta. Segundo a PF, 1.159 teriam sido presas e direcionadas \u00e0s penitenci\u00e1rias locais, e 684 pessoas teriam sido soltas, tamb\u00e9m por quest\u00f5es humanit\u00e1rias.<\/p>\n\n\n\n<p>G1<\/p>\n","protected":false},"excerpt":{"rendered":"<p>O Conselho Nacional de Justi\u00e7a (CNJ) informou nesta quarta-feira (11) que 1.418 suspeitos est\u00e3o presos em flagrante por envolvimento nos\u00a0ataques terroristas \u00e0s sedes dos tr\u00eas poderes\u00a0da Rep\u00fablica no \u00faltimo domingo (8). Desse total, 222 foram detidos na Pra\u00e7a dos Tr\u00eas Poderes e 1.196, no acampamento em frente ao Quartel General do Ex\u00e9rcito, em Bras\u00edlia. O<br \/><a class=\"more-link\" href=\"https:\/\/justicapotiguar.com.br\/index.php\/2023\/01\/12\/cnj-diz-que-ha-1-418-presos-por-ataques-as-sedes-dos-tres-poderes\/\">Mais&#8230;<\/a><\/p>\n","protected":false},"author":5,"featured_media":0,"comment_status":"open","ping_status":"open","sticky":false,"template":"","format":"standard","meta":[],"categories":[1],"tags":[],"_links":{"self":[{"href":"https:\/\/justicapotiguar.com.br\/index.php\/wp-json\/wp\/v2\/posts\/29994"}],"collection":[{"href":"https:\/\/justicapotiguar.com.br\/index.php\/wp-json\/wp\/v2\/posts"}],"about":[{"href":"https:\/\/justicapotiguar.com.br\/index.php\/wp-json\/wp\/v2\/types\/post"}],"author":[{"embeddable":true,"href":"https:\/\/justicapotiguar.com.br\/index.php\/wp-json\/wp\/v2\/users\/5"}],"replies":[{"embeddable":true,"href":"https:\/\/justicapotiguar.com.br\/index.php\/wp-json\/wp\/v2\/comments?post=29994"}],"version-history":[{"count":1,"href":"https:\/\/justicapotiguar.com.br\/index.php\/wp-json\/wp\/v2\/posts\/29994\/revisions"}],"predecessor-version":[{"id":29995,"href":"https:\/\/justicapotiguar.com.br\/index.php\/wp-json\/wp\/v2\/posts\/29994\/revisions\/29995"}],"wp:attachment":[{"href":"https:\/\/justicapotiguar.com.br\/index.php\/wp-json\/wp\/v2\/media?parent=29994"}],"wp:term":[{"taxonomy":"category","embeddable":true,"href":"https:\/\/justicapotiguar.com.br\/index.php\/wp-json\/wp\/v2\/categories?post=29994"},{"taxonomy":"post_tag","embeddable":true,"href":"https:\/\/justicapotiguar.com.br\/index.php\/wp-json\/wp\/v2\/tags?post=29994"}],"curies":[{"name":"wp","href":"https:\/\/api.w.org\/{rel}","templated":true}]}}