{"id":29970,"date":"2023-01-11T10:45:41","date_gmt":"2023-01-11T13:45:41","guid":{"rendered":"https:\/\/justicapotiguar.com.br\/?p=29970"},"modified":"2023-01-11T10:45:41","modified_gmt":"2023-01-11T13:45:41","slug":"tjrn-designa-juizes-para-a-coordenacao-dos-juizados-especiais-civeis-criminais-e-da-fazenda-publica","status":"publish","type":"post","link":"https:\/\/justicapotiguar.com.br\/index.php\/2023\/01\/11\/tjrn-designa-juizes-para-a-coordenacao-dos-juizados-especiais-civeis-criminais-e-da-fazenda-publica\/","title":{"rendered":"TJRN designa ju\u00edzes para a Coordena\u00e7\u00e3o dos Juizados Especiais C\u00edveis, Criminais e da Fazenda P\u00fablica"},"content":{"rendered":"\n<figure class=\"wp-block-image size-large\"><img loading=\"lazy\" width=\"600\" height=\"400\" src=\"https:\/\/justicapotiguar.com.br\/wp-content\/uploads\/2023\/01\/uditlgxgad-whatsapp-image-2023-01-11-at-101828.jpeg\" alt=\"\" class=\"wp-image-29971\" srcset=\"https:\/\/justicapotiguar.com.br\/wp-content\/uploads\/2023\/01\/uditlgxgad-whatsapp-image-2023-01-11-at-101828.jpeg 600w, https:\/\/justicapotiguar.com.br\/wp-content\/uploads\/2023\/01\/uditlgxgad-whatsapp-image-2023-01-11-at-101828-300x200.jpeg 300w\" sizes=\"(max-width: 600px) 100vw, 600px\" \/><figcaption>Reprodu\u00e7\u00e3o <\/figcaption><\/figure>\n\n\n\n<p>O Tribunal de Justi\u00e7a do Rio Grande do Norte (TJRN), sob a presid\u00eancia do desembargador Am\u00edlcar Maia, designou magistrados para integrarem a Coordena\u00e7\u00e3o dos Juizados Especiais C\u00edveis, Criminais e da Fazenda P\u00fablica do Estado do Rio Grande do Norte, pelo per\u00edodo de dois anos. A decis\u00e3o consta da Portaria N\u00ba 73\/2023, publicada no DJe em edi\u00e7\u00e3o de 9 de janeiro. A coordena\u00e7\u00e3o estadual dos Juizados em n\u00edvel estadual \u00e9 do juiz Cleanto Alves Pantale\u00e3o Filho.<\/p>\n\n\n\n<p>De acordo com a portaria, o juiz de Direito Cleanto Alves Pantale\u00e3o Filho assume o cargo de Coordenador 1\u00ba Secret\u00e1rio abrangendo o Juizado Especial da Fazenda P\u00fablica. J\u00e1 para compor o cargo de Coordenador 2\u00ba Secret\u00e1rio referente ao segmento de Juizado Especial C\u00edvel, foi nomeado o magistrado Gustavo Eug\u00eanio de Carvalho Bezerra.<\/p><div class=\"utofy69ec72644272e\" ><!--<a href=\"https:\/\/bit.ly\/3QdrqTZ\" target=\"_blank\">\n<img src=\"https:\/\/justicapotiguar.com.br\/wp-content\/uploads\/2023\/09\/mobile-geral.gif\"\/><a\/>--><\/div><style type=\"text\/css\">\r\n.utofy69ec72644272e {\r\ntext-align: center;\r\n}\r\n@media screen and (min-width: 1201px) {\r\n.utofy69ec72644272e {\r\ndisplay: none;\r\n}\r\n}\r\n@media screen and (min-width: 993px) and (max-width: 1200px) {\r\n.utofy69ec72644272e {\r\ndisplay: none;\r\n}\r\n}\r\n@media screen and (min-width: 769px) and (max-width: 992px) {\r\n.utofy69ec72644272e {\r\ndisplay: none;\r\n}\r\n}\r\n@media screen and (min-width: 768px) and (max-width: 768px) {\r\n.utofy69ec72644272e {\r\ndisplay: block;\r\n}\r\n}\r\n@media screen and (max-width: 767px) {\r\n.utofy69ec72644272e {\r\ndisplay: block;\r\n}\r\n}\r\n<\/style>\r\n<div class=\"edevu69ec726442713\" ><!--<a href=\"https:\/\/bit.ly\/3QdrqTZ\" target=\"_blank\">\n<img src=\"https:\/\/justicapotiguar.com.br\/wp-content\/uploads\/2023\/09\/desktop-geral.gif\"\/><a\/>--><\/div><style type=\"text\/css\">\r\n.edevu69ec726442713 {\r\ntext-align: center;\nmargin-bottom: 1em;\r\n}\r\n@media screen and (min-width: 1201px) {\r\n.edevu69ec726442713 {\r\ndisplay: block;\r\n}\r\n}\r\n@media screen and (min-width: 993px) and (max-width: 1200px) {\r\n.edevu69ec726442713 {\r\ndisplay: block;\r\n}\r\n}\r\n@media screen and (min-width: 769px) and (max-width: 992px) {\r\n.edevu69ec726442713 {\r\ndisplay: block;\r\n}\r\n}\r\n@media screen and (min-width: 768px) and (max-width: 768px) {\r\n.edevu69ec726442713 {\r\ndisplay: none;\r\n}\r\n}\r\n@media screen and (max-width: 767px) {\r\n.edevu69ec726442713 {\r\ndisplay: none;\r\n}\r\n}\r\n<\/style>\r\n\n\n\n\n<p>Al\u00e9m disso, a ju\u00edza de Direito Valentina Maria Helena de Lima Damasceno passa a integrar o Juizado Especial Criminal como Coordenadora 3\u00aa Secret\u00e1ria. E o juiz de Direito Ricardo Proc\u00f3pio Bandeira de Melo ir\u00e1 coordenar a \u00e1rea de Turma Recursal.<\/p>\n\n\n\n<p>Cada coordenador ter\u00e1 mandato de dois anos.<\/p>\n","protected":false},"excerpt":{"rendered":"<p>O Tribunal de Justi\u00e7a do Rio Grande do Norte (TJRN), sob a presid\u00eancia do desembargador Am\u00edlcar Maia, designou magistrados para integrarem a Coordena\u00e7\u00e3o dos Juizados Especiais C\u00edveis, Criminais e da Fazenda P\u00fablica do Estado do Rio Grande do Norte, pelo per\u00edodo de dois anos. A decis\u00e3o consta da Portaria N\u00ba 73\/2023, publicada no DJe em<br \/><a class=\"more-link\" href=\"https:\/\/justicapotiguar.com.br\/index.php\/2023\/01\/11\/tjrn-designa-juizes-para-a-coordenacao-dos-juizados-especiais-civeis-criminais-e-da-fazenda-publica\/\">Mais&#8230;<\/a><\/p>\n","protected":false},"author":5,"featured_media":0,"comment_status":"open","ping_status":"open","sticky":false,"template":"","format":"standard","meta":[],"categories":[1],"tags":[],"_links":{"self":[{"href":"https:\/\/justicapotiguar.com.br\/index.php\/wp-json\/wp\/v2\/posts\/29970"}],"collection":[{"href":"https:\/\/justicapotiguar.com.br\/index.php\/wp-json\/wp\/v2\/posts"}],"about":[{"href":"https:\/\/justicapotiguar.com.br\/index.php\/wp-json\/wp\/v2\/types\/post"}],"author":[{"embeddable":true,"href":"https:\/\/justicapotiguar.com.br\/index.php\/wp-json\/wp\/v2\/users\/5"}],"replies":[{"embeddable":true,"href":"https:\/\/justicapotiguar.com.br\/index.php\/wp-json\/wp\/v2\/comments?post=29970"}],"version-history":[{"count":1,"href":"https:\/\/justicapotiguar.com.br\/index.php\/wp-json\/wp\/v2\/posts\/29970\/revisions"}],"predecessor-version":[{"id":29972,"href":"https:\/\/justicapotiguar.com.br\/index.php\/wp-json\/wp\/v2\/posts\/29970\/revisions\/29972"}],"wp:attachment":[{"href":"https:\/\/justicapotiguar.com.br\/index.php\/wp-json\/wp\/v2\/media?parent=29970"}],"wp:term":[{"taxonomy":"category","embeddable":true,"href":"https:\/\/justicapotiguar.com.br\/index.php\/wp-json\/wp\/v2\/categories?post=29970"},{"taxonomy":"post_tag","embeddable":true,"href":"https:\/\/justicapotiguar.com.br\/index.php\/wp-json\/wp\/v2\/tags?post=29970"}],"curies":[{"name":"wp","href":"https:\/\/api.w.org\/{rel}","templated":true}]}}