{"id":29949,"date":"2023-01-10T13:14:51","date_gmt":"2023-01-10T16:14:51","guid":{"rendered":"https:\/\/justicapotiguar.com.br\/?p=29949"},"modified":"2023-01-10T13:14:51","modified_gmt":"2023-01-10T16:14:51","slug":"mp-de-contas-pede-bloqueio-de-bens-de-bolsonaro-ibaneis-e-torres-por-atos-criminosos-no-df","status":"publish","type":"post","link":"https:\/\/justicapotiguar.com.br\/index.php\/2023\/01\/10\/mp-de-contas-pede-bloqueio-de-bens-de-bolsonaro-ibaneis-e-torres-por-atos-criminosos-no-df\/","title":{"rendered":"MP de Contas pede bloqueio de bens de Bolsonaro, Ibaneis e Torres por atos criminosos no DF"},"content":{"rendered":"\n<figure class=\"wp-block-image size-large\"><img loading=\"lazy\" width=\"678\" height=\"452\" src=\"https:\/\/justicapotiguar.com.br\/wp-content\/uploads\/2023\/01\/images-46.jpeg\" alt=\"\" class=\"wp-image-29950\" srcset=\"https:\/\/justicapotiguar.com.br\/wp-content\/uploads\/2023\/01\/images-46.jpeg 678w, https:\/\/justicapotiguar.com.br\/wp-content\/uploads\/2023\/01\/images-46-300x200.jpeg 300w\" sizes=\"(max-width: 678px) 100vw, 678px\" \/><figcaption>Reprodu\u00e7\u00e3o<\/figcaption><\/figure>\n\n\n\n<p><\/p>\n\n\n\n<p>O Minist\u00e9rio P\u00fablico junto ao Tribunal de Contas de Uni\u00e3o (MPTCU) pediu para a corte o bloqueio de bens do ex-presidente Jair Bolsonaro (PL), do governador afastado do Distrito Federal (DF), Ibaneis Rocha (MDB), e do ex-secret\u00e1rio de Seguran\u00e7a P\u00fablica do DF, Anderson Torres.<\/p>\n\n\n\n<p>O pedido \u2013 assinado pelo sub-procurador geral do MPTCU, Lucas Rocha Furtado \u2013 feito ao ministro do TCU, Bruno Dantas, \u00e9 justificado pelos atos criminosos do \u00faltimo domingo (8) em Bras\u00edlia, no qual as sedes dos Tr\u00eas Poderes foram atacadas por bolsonaristas.<\/p>\n\n\n\n<p>\u201cEm raz\u00e3o de processo de Tomada de Contas e do vandalismo ocorrido no Distrito Federal no dia 8 de janeiro de 2023, que provocou in\u00fameros preju\u00edzos ao er\u00e1rio federal, solicito seja decretada a indisponibilidade de bens\u201d, escreve o pedido.<\/p><div class=\"okqkn69ec89176f508\" ><!--<a href=\"https:\/\/bit.ly\/3QdrqTZ\" target=\"_blank\">\n<img src=\"https:\/\/justicapotiguar.com.br\/wp-content\/uploads\/2023\/09\/mobile-geral.gif\"\/><a\/>--><\/div><style type=\"text\/css\">\r\n.okqkn69ec89176f508 {\r\ntext-align: center;\r\n}\r\n@media screen and (min-width: 1201px) {\r\n.okqkn69ec89176f508 {\r\ndisplay: none;\r\n}\r\n}\r\n@media screen and (min-width: 993px) and (max-width: 1200px) {\r\n.okqkn69ec89176f508 {\r\ndisplay: none;\r\n}\r\n}\r\n@media screen and (min-width: 769px) and (max-width: 992px) {\r\n.okqkn69ec89176f508 {\r\ndisplay: none;\r\n}\r\n}\r\n@media screen and (min-width: 768px) and (max-width: 768px) {\r\n.okqkn69ec89176f508 {\r\ndisplay: block;\r\n}\r\n}\r\n@media screen and (max-width: 767px) {\r\n.okqkn69ec89176f508 {\r\ndisplay: block;\r\n}\r\n}\r\n<\/style>\r\n<div class=\"sleht69ec89176f4ec\" ><!--<a href=\"https:\/\/bit.ly\/3QdrqTZ\" target=\"_blank\">\n<img src=\"https:\/\/justicapotiguar.com.br\/wp-content\/uploads\/2023\/09\/desktop-geral.gif\"\/><a\/>--><\/div><style type=\"text\/css\">\r\n.sleht69ec89176f4ec {\r\ntext-align: center;\nmargin-bottom: 1em;\r\n}\r\n@media screen and (min-width: 1201px) {\r\n.sleht69ec89176f4ec {\r\ndisplay: block;\r\n}\r\n}\r\n@media screen and (min-width: 993px) and (max-width: 1200px) {\r\n.sleht69ec89176f4ec {\r\ndisplay: block;\r\n}\r\n}\r\n@media screen and (min-width: 769px) and (max-width: 992px) {\r\n.sleht69ec89176f4ec {\r\ndisplay: block;\r\n}\r\n}\r\n@media screen and (min-width: 768px) and (max-width: 768px) {\r\n.sleht69ec89176f4ec {\r\ndisplay: none;\r\n}\r\n}\r\n@media screen and (max-width: 767px) {\r\n.sleht69ec89176f4ec {\r\ndisplay: none;\r\n}\r\n}\r\n<\/style>\r\n\n\n\n\n<p>Al\u00e9m do trio, o sub-procurador tamb\u00e9m solicita o bloqueio de bens \u201cde outros respons\u00e1veis, sobretudo de financiadores de mencionados atos ilegais\u201d.<\/p>\n\n\n\n<p>\u201cAproveito a oportunidade para me colocar \u00e0 disposi\u00e7\u00e3o dessa Corte para novos pedidos de indisponibilidade\u201d, conclui o pedido.<\/p>\n\n\n\n<p>A CNN tenta contato com a defesa de Bolsonaro, Ibaneis e Torres para comentar o pedido.<\/p>\n\n\n\n<p><strong>CNN Brasil<\/strong><\/p>\n","protected":false},"excerpt":{"rendered":"<p>O Minist\u00e9rio P\u00fablico junto ao Tribunal de Contas de Uni\u00e3o (MPTCU) pediu para a corte o bloqueio de bens do ex-presidente Jair Bolsonaro (PL), do governador afastado do Distrito Federal (DF), Ibaneis Rocha (MDB), e do ex-secret\u00e1rio de Seguran\u00e7a P\u00fablica do DF, Anderson Torres. O pedido \u2013 assinado pelo sub-procurador geral do MPTCU, Lucas Rocha<br \/><a class=\"more-link\" href=\"https:\/\/justicapotiguar.com.br\/index.php\/2023\/01\/10\/mp-de-contas-pede-bloqueio-de-bens-de-bolsonaro-ibaneis-e-torres-por-atos-criminosos-no-df\/\">Mais&#8230;<\/a><\/p>\n","protected":false},"author":5,"featured_media":0,"comment_status":"open","ping_status":"open","sticky":false,"template":"","format":"standard","meta":[],"categories":[1],"tags":[],"_links":{"self":[{"href":"https:\/\/justicapotiguar.com.br\/index.php\/wp-json\/wp\/v2\/posts\/29949"}],"collection":[{"href":"https:\/\/justicapotiguar.com.br\/index.php\/wp-json\/wp\/v2\/posts"}],"about":[{"href":"https:\/\/justicapotiguar.com.br\/index.php\/wp-json\/wp\/v2\/types\/post"}],"author":[{"embeddable":true,"href":"https:\/\/justicapotiguar.com.br\/index.php\/wp-json\/wp\/v2\/users\/5"}],"replies":[{"embeddable":true,"href":"https:\/\/justicapotiguar.com.br\/index.php\/wp-json\/wp\/v2\/comments?post=29949"}],"version-history":[{"count":1,"href":"https:\/\/justicapotiguar.com.br\/index.php\/wp-json\/wp\/v2\/posts\/29949\/revisions"}],"predecessor-version":[{"id":29951,"href":"https:\/\/justicapotiguar.com.br\/index.php\/wp-json\/wp\/v2\/posts\/29949\/revisions\/29951"}],"wp:attachment":[{"href":"https:\/\/justicapotiguar.com.br\/index.php\/wp-json\/wp\/v2\/media?parent=29949"}],"wp:term":[{"taxonomy":"category","embeddable":true,"href":"https:\/\/justicapotiguar.com.br\/index.php\/wp-json\/wp\/v2\/categories?post=29949"},{"taxonomy":"post_tag","embeddable":true,"href":"https:\/\/justicapotiguar.com.br\/index.php\/wp-json\/wp\/v2\/tags?post=29949"}],"curies":[{"name":"wp","href":"https:\/\/api.w.org\/{rel}","templated":true}]}}