{"id":2992,"date":"2019-10-10T09:05:13","date_gmt":"2019-10-10T12:05:13","guid":{"rendered":"https:\/\/justicapotiguar.com.br\/?p=2992"},"modified":"2019-10-10T07:48:18","modified_gmt":"2019-10-10T10:48:18","slug":"ex-prefeito-tem-condenacao-mantida-por-fraudar-licitacao-no-interior-do-rn","status":"publish","type":"post","link":"https:\/\/justicapotiguar.com.br\/index.php\/2019\/10\/10\/ex-prefeito-tem-condenacao-mantida-por-fraudar-licitacao-no-interior-do-rn\/","title":{"rendered":"Ex-prefeito tem condena\u00e7\u00e3o mantida por fraudar licita\u00e7\u00e3o no interior do RN"},"content":{"rendered":"\n<figure class=\"wp-block-image\"><img loading=\"lazy\" width=\"640\" height=\"427\" src=\"https:\/\/justicapotiguar.com.br\/wp-content\/uploads\/2019\/08\/justica-1.jpg\" alt=\"\" class=\"wp-image-1055\" srcset=\"https:\/\/justicapotiguar.com.br\/wp-content\/uploads\/2019\/08\/justica-1.jpg 640w, https:\/\/justicapotiguar.com.br\/wp-content\/uploads\/2019\/08\/justica-1-300x200.jpg 300w\" sizes=\"(max-width: 640px) 100vw, 640px\" \/><figcaption>Foto: Reprodu\u00e7\u00e3o<\/figcaption><\/figure>\n\n\n\n<p>A 2\u00aa C\u00e2mara C\u00edvel do Tribunal de Justi\u00e7a do RN, \u00e0 unanimidade de votos, negou provimento a um recurso do ex-prefeito de Jardim do Serid\u00f3, Patr\u00edcio Joaquim de Medeiros J\u00fanior, condenado em primeira inst\u00e2ncia pela pr\u00e1tica de improbidade administrativa. A decis\u00e3o manteve senten\u00e7a da Vara \u00danica de Jardim do Serid\u00f3 em julgamento relacionado \u00e0 pr\u00e1tica de fraude em licita\u00e7\u00e3o, ocorrida em 2006, durante a sua gest\u00e3o.<\/p>\n\n\n\n<p>Segundo o Minist\u00e9rio P\u00fablico Estadual, o r\u00e9u Patr\u00edcio Joaquim de Medeiros J\u00fanior, ent\u00e3o prefeito de Jardim do Serid\u00f3, e os demandados Sebasti\u00e3o Guilherme Caldas Neto, Alberto Fernandes de Medeiros e Jos\u00e9 Nilton de Oliveira, integrantes da Comiss\u00e3o de Licita\u00e7\u00e3o, teriam simulado o Procedimento Licitat\u00f3rio n\u00ba 08\/2001, com o objetivo de justificar a contrata\u00e7\u00e3o da Empresa Mar\u00e7al Engenharia, de propriedade do demandado Rosan Mar\u00e7al.<\/p>\n\n\n\n<p>O fato ocorreu em 10 de agosto de 2006, quando o MP instaurou procedimento administrativo objetivando apurar suposta irregularidade na Licita\u00e7\u00e3o n\u00ba 08\/2001, que visava a contrata\u00e7\u00e3o de empresa para a pavimenta\u00e7\u00e3o das ruas Maria Pires, Julieta Medeiros e Manoel Paulino, situadas na zona urbana do munic\u00edpio.<\/p><div class=\"elhhu69f410caa229d\" ><!--<a href=\"https:\/\/bit.ly\/3QdrqTZ\" target=\"_blank\">\n<img src=\"https:\/\/justicapotiguar.com.br\/wp-content\/uploads\/2023\/09\/mobile-geral.gif\"\/><a\/>--><\/div><style type=\"text\/css\">\r\n.elhhu69f410caa229d {\r\ntext-align: center;\r\n}\r\n@media screen and (min-width: 1201px) {\r\n.elhhu69f410caa229d {\r\ndisplay: none;\r\n}\r\n}\r\n@media screen and (min-width: 993px) and (max-width: 1200px) {\r\n.elhhu69f410caa229d {\r\ndisplay: none;\r\n}\r\n}\r\n@media screen and (min-width: 769px) and (max-width: 992px) {\r\n.elhhu69f410caa229d {\r\ndisplay: none;\r\n}\r\n}\r\n@media screen and (min-width: 768px) and (max-width: 768px) {\r\n.elhhu69f410caa229d {\r\ndisplay: block;\r\n}\r\n}\r\n@media screen and (max-width: 767px) {\r\n.elhhu69f410caa229d {\r\ndisplay: block;\r\n}\r\n}\r\n<\/style>\r\n<div class=\"nivwn69f410caa2280\" ><!--<a href=\"https:\/\/bit.ly\/3QdrqTZ\" target=\"_blank\">\n<img src=\"https:\/\/justicapotiguar.com.br\/wp-content\/uploads\/2023\/09\/desktop-geral.gif\"\/><a\/>--><\/div><style type=\"text\/css\">\r\n.nivwn69f410caa2280 {\r\ntext-align: center;\nmargin-bottom: 1em;\r\n}\r\n@media screen and (min-width: 1201px) {\r\n.nivwn69f410caa2280 {\r\ndisplay: block;\r\n}\r\n}\r\n@media screen and (min-width: 993px) and (max-width: 1200px) {\r\n.nivwn69f410caa2280 {\r\ndisplay: block;\r\n}\r\n}\r\n@media screen and (min-width: 769px) and (max-width: 992px) {\r\n.nivwn69f410caa2280 {\r\ndisplay: block;\r\n}\r\n}\r\n@media screen and (min-width: 768px) and (max-width: 768px) {\r\n.nivwn69f410caa2280 {\r\ndisplay: none;\r\n}\r\n}\r\n@media screen and (max-width: 767px) {\r\n.nivwn69f410caa2280 {\r\ndisplay: none;\r\n}\r\n}\r\n<\/style>\r\n\n\n\n\n<p>Segundo o julgamento, Patr\u00edcio Joaquim, Jos\u00e9 Nilton de Oliveira, Alberto Fernandes e Sebasti\u00e3o Guilherme Caldas Neto (falecido no curso da a\u00e7\u00e3o), respectivamente prefeito e integrantes da comiss\u00e3o de licita\u00e7\u00e3o, mesmos cientes dos princ\u00edpios e normas que norteiam a Administra\u00e7\u00e3o P\u00fablica, especialmente a Constitui\u00e7\u00e3o Federal, n\u00e3o teriam hesitado em, por ato volunt\u00e1rio, simularem procedimento licitat\u00f3rio.<\/p>\n\n\n\n<p>O \u00f3rg\u00e3o julgador rejeitou a preliminar de inadequa\u00e7\u00e3o da via eleita alegada pelo ex-prefeito, bem como rejeitou a prejudicial de prescri\u00e7\u00e3o do ato de improbidade administrativa levantada pelos apelantes Rosan Mar\u00e7al de Ara\u00fajo e Alberto Fernandes de Medeiros, e ainda a preliminar de nulidade da senten\u00e7a suscitada por Rosan Mar\u00e7al de Ara\u00fajo.<\/p>\n\n\n\n<p>Quanto ao ent\u00e3o gestor, foram definidas as penas de suspens\u00e3o dos direitos pol\u00edticos pelo prazo de tr\u00eas anos e pagamento de multa civil no montante equivalente a dez vezes o valor do \u00faltimo subs\u00eddio que o r\u00e9u tenha recebido dos cofres do Munic\u00edpio de Jardim do Serid\u00f3 no exerc\u00edcio do cargo de prefeito.<\/p>\n","protected":false},"excerpt":{"rendered":"<p>A decis\u00e3o manteve senten\u00e7a da Vara \u00danica de Jardim do Serid\u00f3 em julgamento relacionado \u00e0 pr\u00e1tica de fraude em licita\u00e7\u00e3o, ocorrida em 2006, durante a sua gest\u00e3o<br \/><a class=\"more-link\" href=\"https:\/\/justicapotiguar.com.br\/index.php\/2019\/10\/10\/ex-prefeito-tem-condenacao-mantida-por-fraudar-licitacao-no-interior-do-rn\/\">Mais&#8230;<\/a><\/p>\n","protected":false},"author":5,"featured_media":1055,"comment_status":"open","ping_status":"open","sticky":false,"template":"","format":"standard","meta":[],"categories":[3],"tags":[],"_links":{"self":[{"href":"https:\/\/justicapotiguar.com.br\/index.php\/wp-json\/wp\/v2\/posts\/2992"}],"collection":[{"href":"https:\/\/justicapotiguar.com.br\/index.php\/wp-json\/wp\/v2\/posts"}],"about":[{"href":"https:\/\/justicapotiguar.com.br\/index.php\/wp-json\/wp\/v2\/types\/post"}],"author":[{"embeddable":true,"href":"https:\/\/justicapotiguar.com.br\/index.php\/wp-json\/wp\/v2\/users\/5"}],"replies":[{"embeddable":true,"href":"https:\/\/justicapotiguar.com.br\/index.php\/wp-json\/wp\/v2\/comments?post=2992"}],"version-history":[{"count":1,"href":"https:\/\/justicapotiguar.com.br\/index.php\/wp-json\/wp\/v2\/posts\/2992\/revisions"}],"predecessor-version":[{"id":2993,"href":"https:\/\/justicapotiguar.com.br\/index.php\/wp-json\/wp\/v2\/posts\/2992\/revisions\/2993"}],"wp:featuredmedia":[{"embeddable":true,"href":"https:\/\/justicapotiguar.com.br\/index.php\/wp-json\/wp\/v2\/media\/1055"}],"wp:attachment":[{"href":"https:\/\/justicapotiguar.com.br\/index.php\/wp-json\/wp\/v2\/media?parent=2992"}],"wp:term":[{"taxonomy":"category","embeddable":true,"href":"https:\/\/justicapotiguar.com.br\/index.php\/wp-json\/wp\/v2\/categories?post=2992"},{"taxonomy":"post_tag","embeddable":true,"href":"https:\/\/justicapotiguar.com.br\/index.php\/wp-json\/wp\/v2\/tags?post=2992"}],"curies":[{"name":"wp","href":"https:\/\/api.w.org\/{rel}","templated":true}]}}