{"id":29898,"date":"2023-01-08T12:38:00","date_gmt":"2023-01-08T15:38:00","guid":{"rendered":"https:\/\/justicapotiguar.com.br\/?p=29898"},"modified":"2023-01-07T21:41:11","modified_gmt":"2023-01-08T00:41:11","slug":"tj-mantem-decisao-que-negou-pedido-para-proibir-exploracao-comercial-em-muriu","status":"publish","type":"post","link":"https:\/\/justicapotiguar.com.br\/index.php\/2023\/01\/08\/tj-mantem-decisao-que-negou-pedido-para-proibir-exploracao-comercial-em-muriu\/","title":{"rendered":"TJ mant\u00e9m decis\u00e3o que negou pedido para proibir explora\u00e7\u00e3o comercial em Muri\u00fa"},"content":{"rendered":"\n<p>A 2\u00aa C\u00e2mara C\u00edvel do Tribunal de Justi\u00e7a (TJRN), \u00e0 unanimidade de votos, negou recurso interposto pelo Minist\u00e9rio P\u00fablico Estadual contra decis\u00e3o liminar proferida pela 3\u00aa Vara de Cear\u00e1-Mirim que indeferiu o pedido liminar de urg\u00eancia que pretendia a absten\u00e7\u00e3o de explora\u00e7\u00e3o comercial nos bares instalados em \u00e1rea de preserva\u00e7\u00e3o ambiental. O local corresponde a faixa de APP, \u00e0s margens do Rio Lagoa Comprida, em Muri\u00fa. Com a negativa do pedido de liminar, o processo segue tramitando no primeiro grau.<\/p>\n\n\n\n<p>No recurso, o MP disse que ajuizou A\u00e7\u00e3o Civil P\u00fablica contra tr\u00eas comerciantes com o objetivo de, liminarmente, obrig\u00e1-los a se absterem de exercer qualquer tipo de explora\u00e7\u00e3o nos bares de suas propriedades, instalados em faixa de APP, \u00e0s margens do rio Lagoa Comprida, em Muri\u00fa, at\u00e9 a obten\u00e7\u00e3o de licen\u00e7a ambiental e alvar\u00e1 sanit\u00e1rio, caso estes sejam poss\u00edveis, sob pena de multa di\u00e1ria.<\/p>\n\n\n\n<p>Alegou que o pedido de tutela de urg\u00eancia foi indeferido na primeira inst\u00e2ncia, \u00e0 m\u00edngua dos requisitos da probabilidade do direito e do perigo da demora, os quais deveriam sim, mas n\u00e3o o foram, ser analisados \u00e0 luz da real necessidade da tutela ambiental, para o fim de evitar maior dano ainda ao resultado final buscado na a\u00e7\u00e3o judicial.<\/p>\n\n\n\n<p>Quanto ao funcionamento dos estabelecimentos questionados nos autos, destacou que, antes mesmo de ajuizar a a\u00e7\u00e3o, j\u00e1 havia requisitado \u00e0 Secretaria de Meio Ambiente uma vistoria no local nos autos do procedimento administrativo, mas que a resposta apenas foi apresentada j\u00e1 com a a\u00e7\u00e3o em tr\u00e2mite, motivo porque juntou o relat\u00f3rio apenas nesta oportunidade.<\/p>\n\n\n\n<figure class=\"wp-block-image size-large\"><img loading=\"lazy\" width=\"640\" height=\"480\" src=\"https:\/\/justicapotiguar.com.br\/wp-content\/uploads\/2023\/01\/images-42.jpeg\" alt=\"\" class=\"wp-image-29899\" srcset=\"https:\/\/justicapotiguar.com.br\/wp-content\/uploads\/2023\/01\/images-42.jpeg 640w, https:\/\/justicapotiguar.com.br\/wp-content\/uploads\/2023\/01\/images-42-300x225.jpeg 300w\" sizes=\"(max-width: 640px) 100vw, 640px\" \/><figcaption>Reprodu\u00e7\u00e3o<\/figcaption><\/figure>\n\n\n\n<p>O Minist\u00e9rio P\u00fablico disse ainda que, na ocasi\u00e3o, a equipe fiscalizat\u00f3ria constatou, em 14 de novembro de 2021, que muitos estabelecimentos estavam fechados ou em desuso, incluindo-se o das r\u00e9s, por\u00e9m, tal fato se deve, porque a vistoria foi realizada durante o per\u00edodo da pandemia, e no m\u00eas da baixa esta\u00e7\u00e3o, o que \u00e9 muito comum nas praias do litoral do Estado, e o que se observou ao longo de todos os anos de investiga\u00e7\u00e3o foi o funcionamento maior apenas em finais de semana e no ver\u00e3o.<\/p><div class=\"sfhjn69ef592e464cb\" ><!--<a href=\"https:\/\/bit.ly\/3QdrqTZ\" target=\"_blank\">\n<img src=\"https:\/\/justicapotiguar.com.br\/wp-content\/uploads\/2023\/09\/mobile-geral.gif\"\/><a\/>--><\/div><style type=\"text\/css\">\r\n.sfhjn69ef592e464cb {\r\ntext-align: center;\r\n}\r\n@media screen and (min-width: 1201px) {\r\n.sfhjn69ef592e464cb {\r\ndisplay: none;\r\n}\r\n}\r\n@media screen and (min-width: 993px) and (max-width: 1200px) {\r\n.sfhjn69ef592e464cb {\r\ndisplay: none;\r\n}\r\n}\r\n@media screen and (min-width: 769px) and (max-width: 992px) {\r\n.sfhjn69ef592e464cb {\r\ndisplay: none;\r\n}\r\n}\r\n@media screen and (min-width: 768px) and (max-width: 768px) {\r\n.sfhjn69ef592e464cb {\r\ndisplay: block;\r\n}\r\n}\r\n@media screen and (max-width: 767px) {\r\n.sfhjn69ef592e464cb {\r\ndisplay: block;\r\n}\r\n}\r\n<\/style>\r\n<div class=\"poayt69ef592e464ab\" ><!--<a href=\"https:\/\/bit.ly\/3QdrqTZ\" target=\"_blank\">\n<img src=\"https:\/\/justicapotiguar.com.br\/wp-content\/uploads\/2023\/09\/desktop-geral.gif\"\/><a\/>--><\/div><style type=\"text\/css\">\r\n.poayt69ef592e464ab {\r\ntext-align: center;\nmargin-bottom: 1em;\r\n}\r\n@media screen and (min-width: 1201px) {\r\n.poayt69ef592e464ab {\r\ndisplay: block;\r\n}\r\n}\r\n@media screen and (min-width: 993px) and (max-width: 1200px) {\r\n.poayt69ef592e464ab {\r\ndisplay: block;\r\n}\r\n}\r\n@media screen and (min-width: 769px) and (max-width: 992px) {\r\n.poayt69ef592e464ab {\r\ndisplay: block;\r\n}\r\n}\r\n@media screen and (min-width: 768px) and (max-width: 768px) {\r\n.poayt69ef592e464ab {\r\ndisplay: none;\r\n}\r\n}\r\n@media screen and (max-width: 767px) {\r\n.poayt69ef592e464ab {\r\ndisplay: none;\r\n}\r\n}\r\n<\/style>\r\n\n\n\n\n<p><strong>Aprecia\u00e7\u00e3o do caso<\/strong><\/p>\n\n\n\n<p>Ao analisar o recurso, a relatora, desembargadora Zeneide Bezerra, considerou que, apesar de entender que as medidas protetivas ao meio ambiente devem ser tomadas de imediato, porque visam frear qualquer agress\u00e3o ao meio ambiente, v\u00ea, por outro lado, \u201cque os comerciantes j\u00e1 est\u00e3o no local h\u00e1 muitos anos (s\u00f3 para se ter uma ideia a A\u00e7\u00e3o Civil P\u00fablica \u00e9 do ano de 2008)\u201d.<\/p>\n\n\n\n<p>Para ela, tomar medidas dr\u00e1sticas, neste momento do processo, para paralisar a atividade comercial daquelas fam\u00edlias que tiram o seu sustento explorando as belezas naturais da lagoa, caracterizaria risco de les\u00e3o grave ou de dif\u00edcil repara\u00e7\u00e3o a elas, principalmente quando enxerga o impacto social da medida e o contexto global p\u00f3s-pandemia, \u201conde a massa de desempregados s\u00f3 aumentou, criando um cen\u00e1rio desolador na economia dos pequenos munic\u00edpios do nordeste\u201d.<\/p>\n\n\n\n<p>\u201cBem assim, observo inexistir estudo conclusivo do \u00f3rg\u00e3o ambiental respons\u00e1vel atinente a demonstrar os danos causados nesta \u00e1rea em face da ocupa\u00e7\u00e3o, o que torna temer\u00e1ria, neste momento, qualquer medida que vise paralisar a atividade econ\u00f4mica dos Agravados, carecendo, pois, de dila\u00e7\u00e3o probat\u00f3ria diante da necessidade de confirmar a exist\u00eancia e extens\u00e3o do dano ao meio ambiente, al\u00e9m de promover a correta solu\u00e7\u00e3o da controv\u00e9rsia\u201d, comenta.<\/p>\n\n\n\n<p><strong>(Processo n\u00ba 0804428-91.2022.8.20.0000)<\/strong><\/p>\n","protected":false},"excerpt":{"rendered":"<p>A 2\u00aa C\u00e2mara C\u00edvel do Tribunal de Justi\u00e7a (TJRN), \u00e0 unanimidade de votos, negou recurso interposto pelo Minist\u00e9rio P\u00fablico Estadual contra decis\u00e3o liminar proferida pela 3\u00aa Vara de Cear\u00e1-Mirim que indeferiu o pedido liminar de urg\u00eancia que pretendia a absten\u00e7\u00e3o de explora\u00e7\u00e3o comercial nos bares instalados em \u00e1rea de preserva\u00e7\u00e3o ambiental. O local corresponde a<br \/><a class=\"more-link\" href=\"https:\/\/justicapotiguar.com.br\/index.php\/2023\/01\/08\/tj-mantem-decisao-que-negou-pedido-para-proibir-exploracao-comercial-em-muriu\/\">Mais&#8230;<\/a><\/p>\n","protected":false},"author":5,"featured_media":0,"comment_status":"open","ping_status":"open","sticky":false,"template":"","format":"standard","meta":[],"categories":[1],"tags":[],"_links":{"self":[{"href":"https:\/\/justicapotiguar.com.br\/index.php\/wp-json\/wp\/v2\/posts\/29898"}],"collection":[{"href":"https:\/\/justicapotiguar.com.br\/index.php\/wp-json\/wp\/v2\/posts"}],"about":[{"href":"https:\/\/justicapotiguar.com.br\/index.php\/wp-json\/wp\/v2\/types\/post"}],"author":[{"embeddable":true,"href":"https:\/\/justicapotiguar.com.br\/index.php\/wp-json\/wp\/v2\/users\/5"}],"replies":[{"embeddable":true,"href":"https:\/\/justicapotiguar.com.br\/index.php\/wp-json\/wp\/v2\/comments?post=29898"}],"version-history":[{"count":1,"href":"https:\/\/justicapotiguar.com.br\/index.php\/wp-json\/wp\/v2\/posts\/29898\/revisions"}],"predecessor-version":[{"id":29900,"href":"https:\/\/justicapotiguar.com.br\/index.php\/wp-json\/wp\/v2\/posts\/29898\/revisions\/29900"}],"wp:attachment":[{"href":"https:\/\/justicapotiguar.com.br\/index.php\/wp-json\/wp\/v2\/media?parent=29898"}],"wp:term":[{"taxonomy":"category","embeddable":true,"href":"https:\/\/justicapotiguar.com.br\/index.php\/wp-json\/wp\/v2\/categories?post=29898"},{"taxonomy":"post_tag","embeddable":true,"href":"https:\/\/justicapotiguar.com.br\/index.php\/wp-json\/wp\/v2\/tags?post=29898"}],"curies":[{"name":"wp","href":"https:\/\/api.w.org\/{rel}","templated":true}]}}