{"id":29888,"date":"2023-01-07T08:19:00","date_gmt":"2023-01-07T11:19:00","guid":{"rendered":"https:\/\/justicapotiguar.com.br\/?p=29888"},"modified":"2023-01-06T19:21:16","modified_gmt":"2023-01-06T22:21:16","slug":"augusto-aras-critica-mp-e-afirma-que-forcas-tarefas-criminalizam-a-politica","status":"publish","type":"post","link":"https:\/\/justicapotiguar.com.br\/index.php\/2023\/01\/07\/augusto-aras-critica-mp-e-afirma-que-forcas-tarefas-criminalizam-a-politica\/","title":{"rendered":"Augusto Aras critica MP e afirma que for\u00e7as-tarefas &#8220;criminalizam a pol\u00edtica&#8221;"},"content":{"rendered":"\n<figure class=\"wp-block-image size-large\"><img loading=\"lazy\" width=\"1024\" height=\"613\" src=\"https:\/\/justicapotiguar.com.br\/wp-content\/uploads\/2020\/03\/36475450954_44300bebac_o-1024x613.jpg\" alt=\"\" class=\"wp-image-6838\" srcset=\"https:\/\/justicapotiguar.com.br\/wp-content\/uploads\/2020\/03\/36475450954_44300bebac_o-1024x613.jpg 1024w, https:\/\/justicapotiguar.com.br\/wp-content\/uploads\/2020\/03\/36475450954_44300bebac_o-300x179.jpg 300w, https:\/\/justicapotiguar.com.br\/wp-content\/uploads\/2020\/03\/36475450954_44300bebac_o-768x459.jpg 768w, https:\/\/justicapotiguar.com.br\/wp-content\/uploads\/2020\/03\/36475450954_44300bebac_o.jpg 1170w\" sizes=\"(max-width: 1024px) 100vw, 1024px\" \/><figcaption> Foto: Roberto Jayme\/Ascom\/TSE<\/figcaption><\/figure>\n\n\n\n<p><br>O Procurador-Geral da Rep\u00fablica (PGR), Augusto Aras, publicou um v\u00eddeo realizando um balan\u00e7o de sua gest\u00e3o no Minist\u00e9rio P\u00fablico Federal (MPF) e criticou a utiliza\u00e7\u00e3o das for\u00e7as-tarefas do MP que, segundo ele, criminalizaram a pol\u00edtica no Brasil. Em publica\u00e7\u00e3o feita nesta sexta-feira (6), Aras pediu para que o \u00f3rg\u00e3o \u201cvoltasse a respeitar a Constitui\u00e7\u00e3o&#8221;.<\/p>\n\n\n\n<p>\u201cQue a cultura do MP volte ao seu lugar, que \u00e9 de uma institui\u00e7\u00e3o dotada de unidade, com respeito \u00e0s atribui\u00e7\u00f5es constitucionais, legais, e que tudo funcione de forma adequada. E que jamais n\u00f3s tenhamos uma for\u00e7a-tarefa, qualquer que seja ela, que criminalize a pol\u00edtica porque fora da pol\u00edtica s\u00f3 tem guerra. N\u00e3o tem op\u00e7\u00e3o\u201d, afirmou Aras.<\/p><div class=\"fwcjl69ef58ff9300d\" ><!--<a href=\"https:\/\/bit.ly\/3QdrqTZ\" target=\"_blank\">\n<img src=\"https:\/\/justicapotiguar.com.br\/wp-content\/uploads\/2023\/09\/mobile-geral.gif\"\/><a\/>--><\/div><style type=\"text\/css\">\r\n.fwcjl69ef58ff9300d {\r\ntext-align: center;\r\n}\r\n@media screen and (min-width: 1201px) {\r\n.fwcjl69ef58ff9300d {\r\ndisplay: none;\r\n}\r\n}\r\n@media screen and (min-width: 993px) and (max-width: 1200px) {\r\n.fwcjl69ef58ff9300d {\r\ndisplay: none;\r\n}\r\n}\r\n@media screen and (min-width: 769px) and (max-width: 992px) {\r\n.fwcjl69ef58ff9300d {\r\ndisplay: none;\r\n}\r\n}\r\n@media screen and (min-width: 768px) and (max-width: 768px) {\r\n.fwcjl69ef58ff9300d {\r\ndisplay: block;\r\n}\r\n}\r\n@media screen and (max-width: 767px) {\r\n.fwcjl69ef58ff9300d {\r\ndisplay: block;\r\n}\r\n}\r\n<\/style>\r\n<div class=\"sdygx69ef58ff92ffa\" ><!--<a href=\"https:\/\/bit.ly\/3QdrqTZ\" target=\"_blank\">\n<img src=\"https:\/\/justicapotiguar.com.br\/wp-content\/uploads\/2023\/09\/desktop-geral.gif\"\/><a\/>--><\/div><style type=\"text\/css\">\r\n.sdygx69ef58ff92ffa {\r\ntext-align: center;\nmargin-bottom: 1em;\r\n}\r\n@media screen and (min-width: 1201px) {\r\n.sdygx69ef58ff92ffa {\r\ndisplay: block;\r\n}\r\n}\r\n@media screen and (min-width: 993px) and (max-width: 1200px) {\r\n.sdygx69ef58ff92ffa {\r\ndisplay: block;\r\n}\r\n}\r\n@media screen and (min-width: 769px) and (max-width: 992px) {\r\n.sdygx69ef58ff92ffa {\r\ndisplay: block;\r\n}\r\n}\r\n@media screen and (min-width: 768px) and (max-width: 768px) {\r\n.sdygx69ef58ff92ffa {\r\ndisplay: none;\r\n}\r\n}\r\n@media screen and (max-width: 767px) {\r\n.sdygx69ef58ff92ffa {\r\ndisplay: none;\r\n}\r\n}\r\n<\/style>\r\n\n\n\n\n<p>No v\u00eddeo, o procurador fez um balan\u00e7o de suas a\u00e7\u00f5es no cargo e afirmou que tem buscado criar \u201catrativos\u201d para que procuradores atuem &#8220;em regi\u00f5es de dif\u00edcil acesso\u201d. Como exemplos de lugares em que \u201cningu\u00e9m quer ir\u201d, citou as regi\u00f5es da Amaz\u00f4nia, o Nordeste e o Centro-Oeste.<\/p>\n\n\n\n<p>\u201cTodos os procuradores que entram na Casa querem ir para a praia, para o litoral.Ningu\u00e9m quer ir para Amaz\u00f4nia, Nordeste, Centro Oeste, regi\u00e3o de fronteira. Temos sempre dificuldade de prover esses cargos. Do ponto de vista eleitoral, interno, sempre era muito importante que as listas fossem contempladas por quem dava cargos nas capitais, em locais de vida mais tranquila, prazerosa\u201d, disse Aras.<\/p>\n","protected":false},"excerpt":{"rendered":"<p>O Procurador-Geral da Rep\u00fablica (PGR), Augusto Aras, publicou um v\u00eddeo realizando um balan\u00e7o de sua gest\u00e3o no Minist\u00e9rio P\u00fablico Federal (MPF) e criticou a utiliza\u00e7\u00e3o das for\u00e7as-tarefas do MP que, segundo ele, criminalizaram a pol\u00edtica no Brasil. Em publica\u00e7\u00e3o feita nesta sexta-feira (6), Aras pediu para que o \u00f3rg\u00e3o \u201cvoltasse a respeitar a Constitui\u00e7\u00e3o&#8221;. \u201cQue<br \/><a class=\"more-link\" href=\"https:\/\/justicapotiguar.com.br\/index.php\/2023\/01\/07\/augusto-aras-critica-mp-e-afirma-que-forcas-tarefas-criminalizam-a-politica\/\">Mais&#8230;<\/a><\/p>\n","protected":false},"author":5,"featured_media":0,"comment_status":"open","ping_status":"open","sticky":false,"template":"","format":"standard","meta":[],"categories":[1],"tags":[],"_links":{"self":[{"href":"https:\/\/justicapotiguar.com.br\/index.php\/wp-json\/wp\/v2\/posts\/29888"}],"collection":[{"href":"https:\/\/justicapotiguar.com.br\/index.php\/wp-json\/wp\/v2\/posts"}],"about":[{"href":"https:\/\/justicapotiguar.com.br\/index.php\/wp-json\/wp\/v2\/types\/post"}],"author":[{"embeddable":true,"href":"https:\/\/justicapotiguar.com.br\/index.php\/wp-json\/wp\/v2\/users\/5"}],"replies":[{"embeddable":true,"href":"https:\/\/justicapotiguar.com.br\/index.php\/wp-json\/wp\/v2\/comments?post=29888"}],"version-history":[{"count":1,"href":"https:\/\/justicapotiguar.com.br\/index.php\/wp-json\/wp\/v2\/posts\/29888\/revisions"}],"predecessor-version":[{"id":29889,"href":"https:\/\/justicapotiguar.com.br\/index.php\/wp-json\/wp\/v2\/posts\/29888\/revisions\/29889"}],"wp:attachment":[{"href":"https:\/\/justicapotiguar.com.br\/index.php\/wp-json\/wp\/v2\/media?parent=29888"}],"wp:term":[{"taxonomy":"category","embeddable":true,"href":"https:\/\/justicapotiguar.com.br\/index.php\/wp-json\/wp\/v2\/categories?post=29888"},{"taxonomy":"post_tag","embeddable":true,"href":"https:\/\/justicapotiguar.com.br\/index.php\/wp-json\/wp\/v2\/tags?post=29888"}],"curies":[{"name":"wp","href":"https:\/\/api.w.org\/{rel}","templated":true}]}}