{"id":298,"date":"2019-08-05T08:30:15","date_gmt":"2019-08-05T11:30:15","guid":{"rendered":"https:\/\/justicapotiguar.com.br\/?p=298"},"modified":"2019-08-05T08:30:15","modified_gmt":"2019-08-05T11:30:15","slug":"anac-nao-pode-exigir-certidao-fiscal-como-condicao-para-fusao-de-aereas","status":"publish","type":"post","link":"https:\/\/justicapotiguar.com.br\/index.php\/2019\/08\/05\/anac-nao-pode-exigir-certidao-fiscal-como-condicao-para-fusao-de-aereas\/","title":{"rendered":"Anac n\u00e3o pode exigir certid\u00e3o fiscal como condi\u00e7\u00e3o para fus\u00e3o de a\u00e9reas"},"content":{"rendered":"\n<figure class=\"wp-block-image\"><img loading=\"lazy\" width=\"1024\" height=\"646\" src=\"https:\/\/justicapotiguar.com.br\/wp-content\/uploads\/2019\/08\/TRF-1-1-1024x646.jpg\" alt=\"\" class=\"wp-image-299\" srcset=\"https:\/\/justicapotiguar.com.br\/wp-content\/uploads\/2019\/08\/TRF-1-1-1024x646.jpg 1024w, https:\/\/justicapotiguar.com.br\/wp-content\/uploads\/2019\/08\/TRF-1-1-300x189.jpg 300w, https:\/\/justicapotiguar.com.br\/wp-content\/uploads\/2019\/08\/TRF-1-1-768x485.jpg 768w, https:\/\/justicapotiguar.com.br\/wp-content\/uploads\/2019\/08\/TRF-1-1.jpg 1157w\" sizes=\"(max-width: 1024px) 100vw, 1024px\" \/><figcaption>Foto: Divulga\u00e7\u00e3o<\/figcaption><\/figure>\n\n\n\n<p>A Ag\u00eancia Nacional de Avia\u00e7\u00e3o Civil (Anac) n\u00e3o pode exigir apresenta\u00e7\u00e3o de certid\u00e3o de regularidade fiscal como condi\u00e7\u00e3o para fus\u00e3o entre linhas \u00e1reas. Este \u00e9 o entendimento da 5\u00aa Turma do Tribunal Regional Federal da 1\u00aa Regi\u00e3o, que por unanimidade negou provimento \u00e0 apela\u00e7\u00e3o da Anac contra senten\u00e7a do Ju\u00edzo Federal da 4\u00aa Vara da Se\u00e7\u00e3o Judici\u00e1ria do Distrito Federal.<\/p>\n\n\n\n<p>A primeira inst\u00e2ncia havia afastado a exig\u00eancia feita pela autarquia para que uma empresa a\u00e9rea apresentasse certid\u00e3o negativa de d\u00e9bitos relativos aos tributos federais e \u00e0 d\u00edvida ativa da Uni\u00e3o como condi\u00e7\u00e3o para a homologa\u00e7\u00e3o da ata da assembleia geral extraordin\u00e1ria que comunicava a conclus\u00e3o de sua fus\u00e3o com outra empresa, bem como a altera\u00e7\u00e3o da sua raz\u00e3o social.<\/p>\n\n\n\n<p>A Anac alegava que fez a exig\u00eancia considerando seu dever de zelar para que as empresas de presta\u00e7\u00e3o de servi\u00e7os mantenham regularidade com suas obriga\u00e7\u00f5es fiscais e previdenci\u00e1rias.<\/p>\n\n\n\n<p>Ao analisar o caso, a relatora, desembargadora federal Daniele Maranh\u00e3o, rejeitou o pedido feito pela Anac e destacou que nas hip\u00f3teses em que empresas privadas fazem assembleia comunicando fatos inerentes aos tr\u00e2mites administrativos e altera\u00e7\u00e3o de raz\u00e3o social, a regularidade fiscal n\u00e3o pode ser exigida como condi\u00e7\u00e3o para homologa\u00e7\u00e3o da aven\u00e7a.<\/p><div class=\"dqvxg69f3b3523c14a\" ><!--<a href=\"https:\/\/bit.ly\/3QdrqTZ\" target=\"_blank\">\n<img src=\"https:\/\/justicapotiguar.com.br\/wp-content\/uploads\/2023\/09\/mobile-geral.gif\"\/><a\/>--><\/div><style type=\"text\/css\">\r\n.dqvxg69f3b3523c14a {\r\ntext-align: center;\r\n}\r\n@media screen and (min-width: 1201px) {\r\n.dqvxg69f3b3523c14a {\r\ndisplay: none;\r\n}\r\n}\r\n@media screen and (min-width: 993px) and (max-width: 1200px) {\r\n.dqvxg69f3b3523c14a {\r\ndisplay: none;\r\n}\r\n}\r\n@media screen and (min-width: 769px) and (max-width: 992px) {\r\n.dqvxg69f3b3523c14a {\r\ndisplay: none;\r\n}\r\n}\r\n@media screen and (min-width: 768px) and (max-width: 768px) {\r\n.dqvxg69f3b3523c14a {\r\ndisplay: block;\r\n}\r\n}\r\n@media screen and (max-width: 767px) {\r\n.dqvxg69f3b3523c14a {\r\ndisplay: block;\r\n}\r\n}\r\n<\/style>\r\n<div class=\"yfovl69f3b3523c12d\" ><!--<a href=\"https:\/\/bit.ly\/3QdrqTZ\" target=\"_blank\">\n<img src=\"https:\/\/justicapotiguar.com.br\/wp-content\/uploads\/2023\/09\/desktop-geral.gif\"\/><a\/>--><\/div><style type=\"text\/css\">\r\n.yfovl69f3b3523c12d {\r\ntext-align: center;\nmargin-bottom: 1em;\r\n}\r\n@media screen and (min-width: 1201px) {\r\n.yfovl69f3b3523c12d {\r\ndisplay: block;\r\n}\r\n}\r\n@media screen and (min-width: 993px) and (max-width: 1200px) {\r\n.yfovl69f3b3523c12d {\r\ndisplay: block;\r\n}\r\n}\r\n@media screen and (min-width: 769px) and (max-width: 992px) {\r\n.yfovl69f3b3523c12d {\r\ndisplay: block;\r\n}\r\n}\r\n@media screen and (min-width: 768px) and (max-width: 768px) {\r\n.yfovl69f3b3523c12d {\r\ndisplay: none;\r\n}\r\n}\r\n@media screen and (max-width: 767px) {\r\n.yfovl69f3b3523c12d {\r\ndisplay: none;\r\n}\r\n}\r\n<\/style>\r\n\n\n\n\n<p>Segundo a magistrada, essa imposi\u00e7\u00e3o estaria \u201cdesprovida de qualquer lastro legal \u2014 restringindo o desenvolvimento da atividade econ\u00f4mica e exercendo meio coercitivo e indireto de cobran\u00e7a de tributos, o que, a toda evid\u00eancia, configuraria viola\u00e7\u00e3o ao princ\u00edpio da legalidade\u201d.<\/p>\n\n\n\n<p>Com essas considera\u00e7\u00f5es, o colegiado, acompanhando o voto da relatora, negou provimento \u00e0 apela\u00e7\u00e3o. <\/p>\n\n\n\n<p>Processo 0057220-53.2012.4.01.3400\/DF<\/p>\n\n\n\n<p>TRF-1<\/p>\n","protected":false},"excerpt":{"rendered":"<p>Desembargadora federal Daniele Maranh\u00e3o, rejeitou o pedido feito pela Anac e destacou que nas hip\u00f3teses em que empresas privadas fazem assembleia comunicando fatos inerentes aos tr\u00e2mites administrativos e altera\u00e7\u00e3o de raz\u00e3o social<\/p>\n<p><a class=\"more-link\" href=\"https:\/\/justicapotiguar.com.br\/index.php\/2019\/08\/05\/anac-nao-pode-exigir-certidao-fiscal-como-condicao-para-fusao-de-aereas\/\">Mais&#8230;<\/a><\/p>\n","protected":false},"author":3,"featured_media":299,"comment_status":"open","ping_status":"open","sticky":false,"template":"","format":"standard","meta":[],"categories":[3],"tags":[226,225,227,178],"_links":{"self":[{"href":"https:\/\/justicapotiguar.com.br\/index.php\/wp-json\/wp\/v2\/posts\/298"}],"collection":[{"href":"https:\/\/justicapotiguar.com.br\/index.php\/wp-json\/wp\/v2\/posts"}],"about":[{"href":"https:\/\/justicapotiguar.com.br\/index.php\/wp-json\/wp\/v2\/types\/post"}],"author":[{"embeddable":true,"href":"https:\/\/justicapotiguar.com.br\/index.php\/wp-json\/wp\/v2\/users\/3"}],"replies":[{"embeddable":true,"href":"https:\/\/justicapotiguar.com.br\/index.php\/wp-json\/wp\/v2\/comments?post=298"}],"version-history":[{"count":1,"href":"https:\/\/justicapotiguar.com.br\/index.php\/wp-json\/wp\/v2\/posts\/298\/revisions"}],"predecessor-version":[{"id":300,"href":"https:\/\/justicapotiguar.com.br\/index.php\/wp-json\/wp\/v2\/posts\/298\/revisions\/300"}],"wp:featuredmedia":[{"embeddable":true,"href":"https:\/\/justicapotiguar.com.br\/index.php\/wp-json\/wp\/v2\/media\/299"}],"wp:attachment":[{"href":"https:\/\/justicapotiguar.com.br\/index.php\/wp-json\/wp\/v2\/media?parent=298"}],"wp:term":[{"taxonomy":"category","embeddable":true,"href":"https:\/\/justicapotiguar.com.br\/index.php\/wp-json\/wp\/v2\/categories?post=298"},{"taxonomy":"post_tag","embeddable":true,"href":"https:\/\/justicapotiguar.com.br\/index.php\/wp-json\/wp\/v2\/tags?post=298"}],"curies":[{"name":"wp","href":"https:\/\/api.w.org\/{rel}","templated":true}]}}