{"id":29798,"date":"2022-12-30T08:07:00","date_gmt":"2022-12-30T11:07:00","guid":{"rendered":"https:\/\/justicapotiguar.com.br\/?p=29798"},"modified":"2022-12-29T23:09:48","modified_gmt":"2022-12-30T02:09:48","slug":"honorario-por-equidade-oab-apresenta-pareceres-no-stf","status":"publish","type":"post","link":"https:\/\/justicapotiguar.com.br\/index.php\/2022\/12\/30\/honorario-por-equidade-oab-apresenta-pareceres-no-stf\/","title":{"rendered":"Honor\u00e1rio por equidade: OAB apresenta pareceres no STF"},"content":{"rendered":"\n<p>A procuradoria constitucional da OAB juntou, nos processos que tramitam no STF, pareceres jur\u00eddicos que defendem a necessidade de aplica\u00e7\u00e3o do CPC no tema de honor\u00e1rios advocat\u00edcios. Os documentos criticam&nbsp;<a href=\"https:\/\/www.migalhas.com.br\/quentes\/376756\/stj-admite-recurso-ao-stf-contra-decisao-de-honorarios-por-equidade\">decis\u00e3o<\/a>&nbsp;do STJ, que determinou a remessa da mat\u00e9ria para an\u00e1lise do Supremo, uma vez que, segundo eles, n\u00e3o h\u00e1 mat\u00e9ria constitucional a discutir.<\/p>\n\n\n\n<p>Os pareceres foram lavrados pelos advogados Luiz Guilherme Marinoni, Cassio Scarinella Bueno, Paulo Cezar Pinheiro Carneiro, L\u00eanio Luiz Streck, Elp\u00eddio Donizetti Nunes, Benedito Cerezzo Pereira Filho e Jos\u00e9 Miguel Garcia Medina.&nbsp; &nbsp;<\/p>\n\n\n\n<p>Em novembro,&nbsp;a presidente do STJ, ministra Maria Thereza de Assis Moura,&nbsp;<a href=\"https:\/\/www.migalhas.com.br\/quentes\/376756\/stj-admite-recurso-ao-stf-contra-decisao-de-honorarios-por-equidade\">admitiu<\/a>&nbsp;recurso ao STF contra&nbsp;<a href=\"https:\/\/www.migalhas.com.br\/quentes\/361627\/stj-nao-cabem-honorarios-equitativos-em-causas-de-valor-elevado\">decis\u00e3o<\/a>&nbsp;que impediu a fixa\u00e7\u00e3o de honor\u00e1rios por aprecia\u00e7\u00e3o equitativa quando se trata de causas de valor elevado.&nbsp;<\/p>\n\n\n\n<p>O&nbsp;<a href=\"https:\/\/processo.stj.jus.br\/processo\/pesquisa\/?tipoPesquisa=tipoPesquisaNumeroRegistro&amp;termo=201603258045&amp;totalRegistrosPorPagina=40&amp;aplicacao=processos.ea\">RE no REsp 1.644.077<\/a>&nbsp;foi admitido como representativo de controv\u00e9rsia.&nbsp;<\/p>\n\n\n\n<figure class=\"wp-block-image\"><img src=\"\" alt=\"\"\/><\/figure>\n\n\n\n<figure class=\"wp-block-image\"><img src=\"https:\/\/img2-migalhas-com-br.cdn.ampproject.org\/ii\/AW\/s\/img2.migalhas.com.br\/_MEDPROC_\/https__img.migalhas.com.br__SL__gf_base__SL__empresas__SL__MIGA__SL__imagens__SL__2022__SL__12__SL__29__SL__a596a639-ad30-4bff-890e-acec2b1d424e.jpg._PROC_CP65.jpg\" alt=\"\"\/><\/figure>\n\n\n\n<p>No STF, OAB apresenta pareceres jur\u00eddicos que defendem honor\u00e1rios por equidade.(IMAGEM: FREEPIK)<\/p>\n\n\n\n<p>No&nbsp;<a href=\"https:\/\/www.migalhas.com.br\/arquivos\/2022\/12\/4FA5E1F1CA0C28_791ae171-6cb4-49a5-aa29-41841a.pdf\" target=\"_blank\" rel=\"noreferrer noopener\">parecer<\/a>&nbsp;apresentado por Luiz Guilherme Marinoni, o advogado afirmou que o&nbsp;<em>&#8220;STF n\u00e3o tem compet\u00eancia para produzir precedentes federais, assim como o Superior Tribunal de Justi\u00e7a n\u00e3o tem compet\u00eancia para produzir precedentes constitucionais\u201d.&nbsp;<\/em>Segundo ele,&nbsp;<em>&#8220;trata-se, nitidamente, de causa federal, extensamente debatida e, enfim, decidida pelo STJ\u201d<\/em>.<\/p>\n\n\n\n<p>No mesmo sentido&nbsp;<a href=\"https:\/\/www.migalhas.com.br\/arquivos\/2022\/12\/8F8A9B9752C96A_fba2c505-4952-4b6d-a605-4a5612.pdf\" target=\"_blank\" rel=\"noreferrer noopener\">opinou<\/a>&nbsp;Cassio Scarinella Bueno:&nbsp;<em>\u201cparece querer tornar o STF um tribunal de revis\u00e3o das teses firmadas pelo STJ, independentemente dos requisitos de admissibilidade do recurso extraordin\u00e1rio, sendo certo que esse papel n\u00e3o lhe foi atribu\u00eddo\u201d<\/em>.<\/p><div class=\"vrwjn69ef4e5c07161\" ><!--<a href=\"https:\/\/bit.ly\/3QdrqTZ\" target=\"_blank\">\n<img src=\"https:\/\/justicapotiguar.com.br\/wp-content\/uploads\/2023\/09\/mobile-geral.gif\"\/><a\/>--><\/div><style type=\"text\/css\">\r\n.vrwjn69ef4e5c07161 {\r\ntext-align: center;\r\n}\r\n@media screen and (min-width: 1201px) {\r\n.vrwjn69ef4e5c07161 {\r\ndisplay: none;\r\n}\r\n}\r\n@media screen and (min-width: 993px) and (max-width: 1200px) {\r\n.vrwjn69ef4e5c07161 {\r\ndisplay: none;\r\n}\r\n}\r\n@media screen and (min-width: 769px) and (max-width: 992px) {\r\n.vrwjn69ef4e5c07161 {\r\ndisplay: none;\r\n}\r\n}\r\n@media screen and (min-width: 768px) and (max-width: 768px) {\r\n.vrwjn69ef4e5c07161 {\r\ndisplay: block;\r\n}\r\n}\r\n@media screen and (max-width: 767px) {\r\n.vrwjn69ef4e5c07161 {\r\ndisplay: block;\r\n}\r\n}\r\n<\/style>\r\n<div class=\"tlqum69ef4e5c07140\" ><!--<a href=\"https:\/\/bit.ly\/3QdrqTZ\" target=\"_blank\">\n<img src=\"https:\/\/justicapotiguar.com.br\/wp-content\/uploads\/2023\/09\/desktop-geral.gif\"\/><a\/>--><\/div><style type=\"text\/css\">\r\n.tlqum69ef4e5c07140 {\r\ntext-align: center;\nmargin-bottom: 1em;\r\n}\r\n@media screen and (min-width: 1201px) {\r\n.tlqum69ef4e5c07140 {\r\ndisplay: block;\r\n}\r\n}\r\n@media screen and (min-width: 993px) and (max-width: 1200px) {\r\n.tlqum69ef4e5c07140 {\r\ndisplay: block;\r\n}\r\n}\r\n@media screen and (min-width: 769px) and (max-width: 992px) {\r\n.tlqum69ef4e5c07140 {\r\ndisplay: block;\r\n}\r\n}\r\n@media screen and (min-width: 768px) and (max-width: 768px) {\r\n.tlqum69ef4e5c07140 {\r\ndisplay: none;\r\n}\r\n}\r\n@media screen and (max-width: 767px) {\r\n.tlqum69ef4e5c07140 {\r\ndisplay: none;\r\n}\r\n}\r\n<\/style>\r\n\n\n\n\n<p><em>\u201cO simples reconhecimento da eventual relev\u00e2ncia da mat\u00e9ria n\u00e3o \u00e9 suficiente para justificar a admiss\u00e3o do recurso extraordin\u00e1rio, quando a controv\u00e9rsia envolve mat\u00e9ria decidida \u00e0 luz da legisla\u00e7\u00e3o infraconstitucional\u201d<\/em>,&nbsp;<a href=\"https:\/\/www.migalhas.com.br\/arquivos\/2022\/12\/4D9F28E1AC7A1D_d400f1b5-fd3d-4afd-825e-f34670.pdf\" target=\"_blank\" rel=\"noreferrer noopener\">afirmou<\/a>&nbsp;Paulo Cezar Pinheiro Carneiro.&nbsp;<\/p>\n\n\n\n<p>O&nbsp;<a href=\"https:\/\/www.migalhas.com.br\/arquivos\/2022\/12\/C73EE04E922236_65f0f703-1b2f-49ba-9075-8293cd.pdf\" target=\"_blank\" rel=\"noreferrer noopener\">documento<\/a>&nbsp;apresentado pelo advogado L\u00eanio Luiz Streck destaca que&nbsp;<em>&#8220;a mera invoca\u00e7\u00e3o de viola\u00e7\u00e3o reflexa e abstrata n\u00e3o basta para um recurso extraordin\u00e1rio, menos ainda para o afastamento dos crit\u00e9rios de uma tese do STJ que vem a confirmar crit\u00e9rios objetivos democraticamente aprovados e estabelecidos pelo parlamento&#8221;<\/em>.<\/p>\n\n\n\n<p>Elp\u00eddio Donizetti Nunes, por sua vez,&nbsp;<a href=\"https:\/\/www.migalhas.com.br\/arquivos\/2022\/12\/19B018EFA11F61_f41fc3c2-a586-44b4-921e-627e7c.pdf\" target=\"_blank\" rel=\"noreferrer noopener\">afirmou<\/a>&nbsp;que o recurso n\u00e3o deve ser admitido, uma vez que&nbsp;<em>\u201cas quest\u00f5es constitucionais suscitadas tratam de viola\u00e7\u00f5es reflexas, indiretas ou obl\u00edquas \u00e0 Constitui\u00e7\u00e3o Federal\u201d<\/em>.<\/p>\n\n\n\n<p>Na mesma vertente&nbsp;<a href=\"https:\/\/www.migalhas.com.br\/arquivos\/2022\/12\/D9AD9E08477250_c3ab8c47-4574-411b-8bc0-2e0780.pdf\" target=\"_blank\" rel=\"noreferrer noopener\">opinou<\/a>&nbsp;Benedito Cerezzo Pereira Filho.&nbsp;<em>\u201cO recurso extraordin\u00e1rio n\u00e3o \u00e9 cab\u00edvel e, assim, n\u00e3o poderia ter sido admitido pela Presid\u00eancia do STJ, pois, a alega\u00e7\u00e3o nele contida suscita viola\u00e7\u00e3o meramente reflexa \u00e0 Constitui\u00e7\u00e3o, ao pretender rediscutir a interpreta\u00e7\u00e3o conferida \u00e0 norma federal pelo STJ\u201d<\/em>.<\/p>\n\n\n\n<p><em>\u201cO fato de a presid\u00eancia do STJ ter enviado referidos recursos extraordin\u00e1rios ao STF em atendimento \u00e0 recomenda\u00e7\u00e3o contida no Of\u00edcio-circular n. 19\/Pres. STF, de 24.11.2020, n\u00e3o permite entrever que, no caso, se tenha admitido existir quest\u00e3o de direito constitucional, sequer implicitamente\u201d<\/em>,\u00a0concluiu\u00a0Jos\u00e9 Miguel Garcia Medina.\u00a0\u00a0<\/p>\n\n\n\n<p>Migalhas<\/p>\n","protected":false},"excerpt":{"rendered":"<p>A procuradoria constitucional da OAB juntou, nos processos que tramitam no STF, pareceres jur\u00eddicos que defendem a necessidade de aplica\u00e7\u00e3o do CPC no tema de honor\u00e1rios advocat\u00edcios. Os documentos criticam&nbsp;decis\u00e3o&nbsp;do STJ, que determinou a remessa da mat\u00e9ria para an\u00e1lise do Supremo, uma vez que, segundo eles, n\u00e3o h\u00e1 mat\u00e9ria constitucional a discutir. Os pareceres foram<br \/><a class=\"more-link\" href=\"https:\/\/justicapotiguar.com.br\/index.php\/2022\/12\/30\/honorario-por-equidade-oab-apresenta-pareceres-no-stf\/\">Mais&#8230;<\/a><\/p>\n","protected":false},"author":5,"featured_media":0,"comment_status":"open","ping_status":"open","sticky":false,"template":"","format":"standard","meta":[],"categories":[1],"tags":[],"_links":{"self":[{"href":"https:\/\/justicapotiguar.com.br\/index.php\/wp-json\/wp\/v2\/posts\/29798"}],"collection":[{"href":"https:\/\/justicapotiguar.com.br\/index.php\/wp-json\/wp\/v2\/posts"}],"about":[{"href":"https:\/\/justicapotiguar.com.br\/index.php\/wp-json\/wp\/v2\/types\/post"}],"author":[{"embeddable":true,"href":"https:\/\/justicapotiguar.com.br\/index.php\/wp-json\/wp\/v2\/users\/5"}],"replies":[{"embeddable":true,"href":"https:\/\/justicapotiguar.com.br\/index.php\/wp-json\/wp\/v2\/comments?post=29798"}],"version-history":[{"count":1,"href":"https:\/\/justicapotiguar.com.br\/index.php\/wp-json\/wp\/v2\/posts\/29798\/revisions"}],"predecessor-version":[{"id":29799,"href":"https:\/\/justicapotiguar.com.br\/index.php\/wp-json\/wp\/v2\/posts\/29798\/revisions\/29799"}],"wp:attachment":[{"href":"https:\/\/justicapotiguar.com.br\/index.php\/wp-json\/wp\/v2\/media?parent=29798"}],"wp:term":[{"taxonomy":"category","embeddable":true,"href":"https:\/\/justicapotiguar.com.br\/index.php\/wp-json\/wp\/v2\/categories?post=29798"},{"taxonomy":"post_tag","embeddable":true,"href":"https:\/\/justicapotiguar.com.br\/index.php\/wp-json\/wp\/v2\/tags?post=29798"}],"curies":[{"name":"wp","href":"https:\/\/api.w.org\/{rel}","templated":true}]}}