{"id":2979,"date":"2019-10-10T10:40:38","date_gmt":"2019-10-10T13:40:38","guid":{"rendered":"https:\/\/justicapotiguar.com.br\/?p=2979"},"modified":"2019-10-10T07:48:41","modified_gmt":"2019-10-10T10:48:41","slug":"serie-de-videos-do-tse-traz-informacoes-sobre-as-eleicoes-municipais-de-2020","status":"publish","type":"post","link":"https:\/\/justicapotiguar.com.br\/index.php\/2019\/10\/10\/serie-de-videos-do-tse-traz-informacoes-sobre-as-eleicoes-municipais-de-2020\/","title":{"rendered":"S\u00e9rie de v\u00eddeos do TSE traz informa\u00e7\u00f5es sobre as Elei\u00e7\u00f5es Municipais de 2020"},"content":{"rendered":"\n<figure class=\"wp-block-image\"><img loading=\"lazy\" width=\"780\" height=\"520\" src=\"https:\/\/justicapotiguar.com.br\/wp-content\/uploads\/2019\/10\/reproduc\u0327a\u0303o-vi\u0301deo-TSE-780x520.jpg\" alt=\"\" class=\"wp-image-2980\" srcset=\"https:\/\/justicapotiguar.com.br\/wp-content\/uploads\/2019\/10\/reproduc\u0327a\u0303o-vi\u0301deo-TSE-780x520.jpg 780w, https:\/\/justicapotiguar.com.br\/wp-content\/uploads\/2019\/10\/reproduc\u0327a\u0303o-vi\u0301deo-TSE-780x520-300x200.jpg 300w, https:\/\/justicapotiguar.com.br\/wp-content\/uploads\/2019\/10\/reproduc\u0327a\u0303o-vi\u0301deo-TSE-780x520-768x512.jpg 768w\" sizes=\"(max-width: 780px) 100vw, 780px\" \/><figcaption>Foto: Reprodu\u00e7\u00e3o<\/figcaption><\/figure>\n\n\n\n<p>Est\u00e1 dispon\u00edvel na p\u00e1gina do Tribunal Superior Eleitoral (TSE) no YouTube a s\u00e9rie completa de v\u00eddeos que traz informa\u00e7\u00f5es sobre as pr\u00f3ximas elei\u00e7\u00f5es municipais, marcadas para o dia 4 de outubro de 2020.<\/p>\n\n\n\n<p>Com o objetivo de esclarecer os eleitores sobre a import\u00e2ncia de escolher seus representantes, a s\u00e9rie explica, por exemplo, as fun\u00e7\u00f5es exercidas por um prefeito e por um vereador.<\/p>\n\n\n\n<p>A narrativa did\u00e1tica trata das principais diferen\u00e7as entre elei\u00e7\u00f5es gerais e elei\u00e7\u00f5es municipais, e tamb\u00e9m mostra caminhos para que o cidad\u00e3o possa fiscalizar o mandato daqueles que foram eleitos para representar o povo no Parlamento e no Poder Executivo.<\/p>\n\n\n\n<p>Al\u00e9m disso, para chegar em 2020 com tudo pronto para ir \u00e0s urnas, a s\u00e9rie traz esclarecimentos ao eleitor para a regulariza\u00e7\u00e3o do t\u00edtulo. \u201cFalta apenas um ano para as pr\u00f3ximas elei\u00e7\u00f5es. \u00c9 importante come\u00e7ar cedo esse trabalho informativo. S\u00e3o v\u00eddeos curtos, com linguagem simples e direta, para alcan\u00e7ar eleitores de todas as idades\u201d, afirma a coordenadora de R\u00e1dio e TV do TSE, Ana Paula Ergang.<\/p><div class=\"bgryf69f35ae1dade3\" ><!--<a href=\"https:\/\/bit.ly\/3QdrqTZ\" target=\"_blank\">\n<img src=\"https:\/\/justicapotiguar.com.br\/wp-content\/uploads\/2023\/09\/mobile-geral.gif\"\/><a\/>--><\/div><style type=\"text\/css\">\r\n.bgryf69f35ae1dade3 {\r\ntext-align: center;\r\n}\r\n@media screen and (min-width: 1201px) {\r\n.bgryf69f35ae1dade3 {\r\ndisplay: none;\r\n}\r\n}\r\n@media screen and (min-width: 993px) and (max-width: 1200px) {\r\n.bgryf69f35ae1dade3 {\r\ndisplay: none;\r\n}\r\n}\r\n@media screen and (min-width: 769px) and (max-width: 992px) {\r\n.bgryf69f35ae1dade3 {\r\ndisplay: none;\r\n}\r\n}\r\n@media screen and (min-width: 768px) and (max-width: 768px) {\r\n.bgryf69f35ae1dade3 {\r\ndisplay: block;\r\n}\r\n}\r\n@media screen and (max-width: 767px) {\r\n.bgryf69f35ae1dade3 {\r\ndisplay: block;\r\n}\r\n}\r\n<\/style>\r\n<div class=\"erzwm69f35ae1dadc8\" ><!--<a href=\"https:\/\/bit.ly\/3QdrqTZ\" target=\"_blank\">\n<img src=\"https:\/\/justicapotiguar.com.br\/wp-content\/uploads\/2023\/09\/desktop-geral.gif\"\/><a\/>--><\/div><style type=\"text\/css\">\r\n.erzwm69f35ae1dadc8 {\r\ntext-align: center;\nmargin-bottom: 1em;\r\n}\r\n@media screen and (min-width: 1201px) {\r\n.erzwm69f35ae1dadc8 {\r\ndisplay: block;\r\n}\r\n}\r\n@media screen and (min-width: 993px) and (max-width: 1200px) {\r\n.erzwm69f35ae1dadc8 {\r\ndisplay: block;\r\n}\r\n}\r\n@media screen and (min-width: 769px) and (max-width: 992px) {\r\n.erzwm69f35ae1dadc8 {\r\ndisplay: block;\r\n}\r\n}\r\n@media screen and (min-width: 768px) and (max-width: 768px) {\r\n.erzwm69f35ae1dadc8 {\r\ndisplay: none;\r\n}\r\n}\r\n@media screen and (max-width: 767px) {\r\n.erzwm69f35ae1dadc8 {\r\ndisplay: none;\r\n}\r\n}\r\n<\/style>\r\n\n\n\n\n<p><strong>A s\u00e9rie<\/strong><\/p>\n\n\n\n<p>Produzida pelo N\u00facleo de R\u00e1dio e TV da Assessoria de Comunica\u00e7\u00e3o do Tribunal Superior Eleitoral (Ascom\/TSE), a s\u00e9rie conta com cinco v\u00eddeos que, al\u00e9m de estarem no YouTube, tamb\u00e9m podem ser conferidos ao longo da programa\u00e7\u00e3o da TV Justi\u00e7a e nas redes sociais do TSE.<\/p>\n\n\n\n<p>Confira a s\u00e9rie completa&nbsp;<a href=\"https:\/\/www.youtube.com\/playlist?list=PLljYw1P54c4yHLhl7DslbURfU-6lRcUbj\" target=\"_blank\" rel=\"noreferrer noopener\">Elei\u00e7\u00f5es 2020<\/a>.<\/p>\n","protected":false},"excerpt":{"rendered":"<p>S\u00e9rie explica, por exemplo, as fun\u00e7\u00f5es exercidas por um prefeito e por um vereador<br \/><a class=\"more-link\" href=\"https:\/\/justicapotiguar.com.br\/index.php\/2019\/10\/10\/serie-de-videos-do-tse-traz-informacoes-sobre-as-eleicoes-municipais-de-2020\/\">Mais&#8230;<\/a><\/p>\n","protected":false},"author":5,"featured_media":2980,"comment_status":"open","ping_status":"open","sticky":false,"template":"","format":"standard","meta":[],"categories":[3],"tags":[],"_links":{"self":[{"href":"https:\/\/justicapotiguar.com.br\/index.php\/wp-json\/wp\/v2\/posts\/2979"}],"collection":[{"href":"https:\/\/justicapotiguar.com.br\/index.php\/wp-json\/wp\/v2\/posts"}],"about":[{"href":"https:\/\/justicapotiguar.com.br\/index.php\/wp-json\/wp\/v2\/types\/post"}],"author":[{"embeddable":true,"href":"https:\/\/justicapotiguar.com.br\/index.php\/wp-json\/wp\/v2\/users\/5"}],"replies":[{"embeddable":true,"href":"https:\/\/justicapotiguar.com.br\/index.php\/wp-json\/wp\/v2\/comments?post=2979"}],"version-history":[{"count":1,"href":"https:\/\/justicapotiguar.com.br\/index.php\/wp-json\/wp\/v2\/posts\/2979\/revisions"}],"predecessor-version":[{"id":2981,"href":"https:\/\/justicapotiguar.com.br\/index.php\/wp-json\/wp\/v2\/posts\/2979\/revisions\/2981"}],"wp:featuredmedia":[{"embeddable":true,"href":"https:\/\/justicapotiguar.com.br\/index.php\/wp-json\/wp\/v2\/media\/2980"}],"wp:attachment":[{"href":"https:\/\/justicapotiguar.com.br\/index.php\/wp-json\/wp\/v2\/media?parent=2979"}],"wp:term":[{"taxonomy":"category","embeddable":true,"href":"https:\/\/justicapotiguar.com.br\/index.php\/wp-json\/wp\/v2\/categories?post=2979"},{"taxonomy":"post_tag","embeddable":true,"href":"https:\/\/justicapotiguar.com.br\/index.php\/wp-json\/wp\/v2\/tags?post=2979"}],"curies":[{"name":"wp","href":"https:\/\/api.w.org\/{rel}","templated":true}]}}