{"id":29765,"date":"2022-12-27T16:40:11","date_gmt":"2022-12-27T19:40:11","guid":{"rendered":"https:\/\/justicapotiguar.com.br\/?p=29765"},"modified":"2022-12-27T16:40:11","modified_gmt":"2022-12-27T19:40:11","slug":"stj-vai-decidir-se-uniao-deve-pagar-honorarios-em-acao-civil-publica","status":"publish","type":"post","link":"https:\/\/justicapotiguar.com.br\/index.php\/2022\/12\/27\/stj-vai-decidir-se-uniao-deve-pagar-honorarios-em-acao-civil-publica\/","title":{"rendered":"STJ vai decidir se Uni\u00e3o deve pagar honor\u00e1rios em a\u00e7\u00e3o civil p\u00fablica"},"content":{"rendered":"\n<p>A 1\u00aa&nbsp;Se\u00e7\u00e3o do Superior Tribunal de Justi\u00e7a afetou dois recursos especiais (REsp&nbsp;1.981.398&nbsp;e REsp&nbsp;1.991.439), ambos de relatoria do ministro&nbsp;Benedito Gon\u00e7alves, para julgamento sob o rito dos&nbsp;repetitivos com o objetivo de decidir a seguinte quest\u00e3o, cadastrada como&nbsp;Tema 1.177 na base de dados da corte: &#8220;Definir se \u00e9 poss\u00edvel, ou n\u00e3o, a condena\u00e7\u00e3o da Uni\u00e3o ao pagamento de honor\u00e1rios de sucumb\u00eancia em sede de a\u00e7\u00e3o civil p\u00fablica&#8221;.<\/p>\n\n\n\n<figure class=\"wp-block-image\"><img src=\"https:\/\/www.conjur.com.br\/img\/b\/benedito-goncalves-tse-2022.jpeg\" alt=\"\"\/><figcaption>O ministro Benedito Gon\u00e7alves \u00e9<br>o relator dos recursos especiais<br><sup>Antonio Augusto\/Secom\/TSE<\/sup><\/figcaption><\/figure>\n\n\n\n<p>O colegiado determinou a suspens\u00e3o do tr\u00e2mite, em segunda inst\u00e2ncia e tamb\u00e9m no STJ, dos recursos especiais e agravos em recurso especial fundados na mesma quest\u00e3o de direito.<\/p>\n\n\n\n<p>A ministra Assusete Magalh\u00e3es&nbsp;\u2014 que defendia a afeta\u00e7\u00e3o do tema para a Corte Especial, em vez da 1\u00aa Se\u00e7\u00e3o, mas foi vencida&nbsp;\u2014 argumentou que a controv\u00e9rsia sobre a aplica\u00e7\u00e3o do princ\u00edpio da simetria, que isentaria tanto o autor quanto o r\u00e9u do pagamento de honor\u00e1rios em a\u00e7\u00e3o civil p\u00fablica, tem sido discutida nos \u00f3rg\u00e3os de Direito P\u00fablico do STJ e tamb\u00e9m nos de Direito Privado.<\/p><div class=\"rmcfq69ef71478a58c\" ><!--<a href=\"https:\/\/bit.ly\/3QdrqTZ\" target=\"_blank\">\n<img src=\"https:\/\/justicapotiguar.com.br\/wp-content\/uploads\/2023\/09\/mobile-geral.gif\"\/><a\/>--><\/div><style type=\"text\/css\">\r\n.rmcfq69ef71478a58c {\r\ntext-align: center;\r\n}\r\n@media screen and (min-width: 1201px) {\r\n.rmcfq69ef71478a58c {\r\ndisplay: none;\r\n}\r\n}\r\n@media screen and (min-width: 993px) and (max-width: 1200px) {\r\n.rmcfq69ef71478a58c {\r\ndisplay: none;\r\n}\r\n}\r\n@media screen and (min-width: 769px) and (max-width: 992px) {\r\n.rmcfq69ef71478a58c {\r\ndisplay: none;\r\n}\r\n}\r\n@media screen and (min-width: 768px) and (max-width: 768px) {\r\n.rmcfq69ef71478a58c {\r\ndisplay: block;\r\n}\r\n}\r\n@media screen and (max-width: 767px) {\r\n.rmcfq69ef71478a58c {\r\ndisplay: block;\r\n}\r\n}\r\n<\/style>\r\n<div class=\"tsdaw69ef71478a56e\" ><!--<a href=\"https:\/\/bit.ly\/3QdrqTZ\" target=\"_blank\">\n<img src=\"https:\/\/justicapotiguar.com.br\/wp-content\/uploads\/2023\/09\/desktop-geral.gif\"\/><a\/>--><\/div><style type=\"text\/css\">\r\n.tsdaw69ef71478a56e {\r\ntext-align: center;\nmargin-bottom: 1em;\r\n}\r\n@media screen and (min-width: 1201px) {\r\n.tsdaw69ef71478a56e {\r\ndisplay: block;\r\n}\r\n}\r\n@media screen and (min-width: 993px) and (max-width: 1200px) {\r\n.tsdaw69ef71478a56e {\r\ndisplay: block;\r\n}\r\n}\r\n@media screen and (min-width: 769px) and (max-width: 992px) {\r\n.tsdaw69ef71478a56e {\r\ndisplay: block;\r\n}\r\n}\r\n@media screen and (min-width: 768px) and (max-width: 768px) {\r\n.tsdaw69ef71478a56e {\r\ndisplay: none;\r\n}\r\n}\r\n@media screen and (max-width: 767px) {\r\n.tsdaw69ef71478a56e {\r\ndisplay: none;\r\n}\r\n}\r\n<\/style>\r\n\n\n\n\n<p>Ela mencionou o julgamento do EAREsp 962.250, no qual a Corte Especial, citando a necessidade de privilegiar o entendimento dos \u00f3rg\u00e3os fracion\u00e1rios do tribunal, concluiu que, &#8220;em raz\u00e3o da simetria, descabe a condena\u00e7\u00e3o em honor\u00e1rios advocat\u00edcios da parte requerida em a\u00e7\u00e3o civil p\u00fablica, quando inexistente m\u00e1-f\u00e9, de igual sorte como ocorre com a parte autora, por for\u00e7a da aplica\u00e7\u00e3o do artigo 18 da&nbsp;<a href=\"https:\/\/www.planalto.gov.br\/ccivil_03\/leis\/l7347orig.htm\" target=\"_blank\" rel=\"noreferrer noopener\">Lei 7.347\/1985<\/a>&#8220;.<\/p>\n\n\n\n<p>Ao propor a afeta\u00e7\u00e3o, o ministro Benedito Gon\u00e7alves afirmou que o car\u00e1ter&nbsp;repetitivo&nbsp;da mat\u00e9ria foi verificado a partir de pesquisa \u00e0 base de jurisprud\u00eancia do STJ, que recuperou 30 ac\u00f3rd\u00e3os e 658 decis\u00f5es monocr\u00e1ticas proferidas por ministros da 1\u00aa e da 2\u00aa Turmas em processos que discutiam a mesma controv\u00e9rsia.&nbsp;<em>Com informa\u00e7\u00f5es da assessoria de imprensa do STJ.<\/em><\/p>\n","protected":false},"excerpt":{"rendered":"<p>A 1\u00aa&nbsp;Se\u00e7\u00e3o do Superior Tribunal de Justi\u00e7a afetou dois recursos especiais (REsp&nbsp;1.981.398&nbsp;e REsp&nbsp;1.991.439), ambos de relatoria do ministro&nbsp;Benedito Gon\u00e7alves, para julgamento sob o rito dos&nbsp;repetitivos com o objetivo de decidir a seguinte quest\u00e3o, cadastrada como&nbsp;Tema 1.177 na base de dados da corte: &#8220;Definir se \u00e9 poss\u00edvel, ou n\u00e3o, a condena\u00e7\u00e3o da Uni\u00e3o ao pagamento de<br \/><a class=\"more-link\" href=\"https:\/\/justicapotiguar.com.br\/index.php\/2022\/12\/27\/stj-vai-decidir-se-uniao-deve-pagar-honorarios-em-acao-civil-publica\/\">Mais&#8230;<\/a><\/p>\n","protected":false},"author":5,"featured_media":0,"comment_status":"open","ping_status":"open","sticky":false,"template":"","format":"standard","meta":[],"categories":[1],"tags":[],"_links":{"self":[{"href":"https:\/\/justicapotiguar.com.br\/index.php\/wp-json\/wp\/v2\/posts\/29765"}],"collection":[{"href":"https:\/\/justicapotiguar.com.br\/index.php\/wp-json\/wp\/v2\/posts"}],"about":[{"href":"https:\/\/justicapotiguar.com.br\/index.php\/wp-json\/wp\/v2\/types\/post"}],"author":[{"embeddable":true,"href":"https:\/\/justicapotiguar.com.br\/index.php\/wp-json\/wp\/v2\/users\/5"}],"replies":[{"embeddable":true,"href":"https:\/\/justicapotiguar.com.br\/index.php\/wp-json\/wp\/v2\/comments?post=29765"}],"version-history":[{"count":1,"href":"https:\/\/justicapotiguar.com.br\/index.php\/wp-json\/wp\/v2\/posts\/29765\/revisions"}],"predecessor-version":[{"id":29766,"href":"https:\/\/justicapotiguar.com.br\/index.php\/wp-json\/wp\/v2\/posts\/29765\/revisions\/29766"}],"wp:attachment":[{"href":"https:\/\/justicapotiguar.com.br\/index.php\/wp-json\/wp\/v2\/media?parent=29765"}],"wp:term":[{"taxonomy":"category","embeddable":true,"href":"https:\/\/justicapotiguar.com.br\/index.php\/wp-json\/wp\/v2\/categories?post=29765"},{"taxonomy":"post_tag","embeddable":true,"href":"https:\/\/justicapotiguar.com.br\/index.php\/wp-json\/wp\/v2\/tags?post=29765"}],"curies":[{"name":"wp","href":"https:\/\/api.w.org\/{rel}","templated":true}]}}