{"id":29645,"date":"2022-12-18T09:15:24","date_gmt":"2022-12-18T12:15:24","guid":{"rendered":"https:\/\/justicapotiguar.com.br\/?p=29645"},"modified":"2022-12-18T09:15:24","modified_gmt":"2022-12-18T12:15:24","slug":"juiz-aponta-direito-de-ir-e-vir-e-livre-iniciativa-e-proibe-que-protestos-ocorram-dentro-de-supermercados-em-natal","status":"publish","type":"post","link":"https:\/\/justicapotiguar.com.br\/index.php\/2022\/12\/18\/juiz-aponta-direito-de-ir-e-vir-e-livre-iniciativa-e-proibe-que-protestos-ocorram-dentro-de-supermercados-em-natal\/","title":{"rendered":"Juiz aponta direito de ir e vir e livre iniciativa e pro\u00edbe que protestos ocorram dentro de supermercados em Natal"},"content":{"rendered":"\n<p>O juiz Geraldo Mota determinou em decis\u00e3o durante o plant\u00e3o judicial que manifesta\u00e7\u00f5es de invas\u00e3o de supermercado pelo Movimento de Lutas e Bairros (MLB) n\u00e3o possam impedir o direito de ir e vir dos clientes e s\u00f3 sejam realizados a certa dist\u00e2ncia dos estabelecimentos.<\/p>\n\n\n\n<figure class=\"wp-block-image size-large\"><img loading=\"lazy\" width=\"402\" height=\"310\" src=\"https:\/\/justicapotiguar.com.br\/wp-content\/uploads\/2022\/12\/images-36.jpeg\" alt=\"\" class=\"wp-image-29647\" srcset=\"https:\/\/justicapotiguar.com.br\/wp-content\/uploads\/2022\/12\/images-36.jpeg 402w, https:\/\/justicapotiguar.com.br\/wp-content\/uploads\/2022\/12\/images-36-300x231.jpeg 300w\" sizes=\"(max-width: 402px) 100vw, 402px\" \/><figcaption>Reprodu\u00e7\u00e3o <\/figcaption><\/figure>\n\n\n\n<p>No \u00faltimo s\u00e1bado, um grupo de manifestantes invadiu o supermercado Nordestao no bairro do Alecrim e causou transtornos a clientes e funcionamento do servi\u00e7o. Na decis\u00e3o, o magistrado atendeu pedido da empresa e sentenciou que:<br><\/p>\n\n\n\n<p>&#8220;Ali\u00e1s, toda manifesta\u00e7\u00e3o antidemocr\u00e1tica viola os pilares da democracia: desde quem obstrui as vias<br>p\u00fablica, e destroem vidas que buscam atendimento m\u00e9dico de urg\u00eancia, por exemplo; seja atrav\u00e9s de<br>medidas que impe\u00e7am qualquer empreendedor (pequeno, m\u00e9dio ou grande) de desenvolverem suas<br>atividades econ\u00f4micas. Ali\u00e1s, frise-se, essa atividade econ\u00f4mica \u00e9 que paga os sal\u00e1rios de milh\u00f5es de<br>brasileiros que cumprem, diuturnamente, com seus of\u00edcios; acordando cedo para chegar no hor\u00e1rio de<br>trabalho; prestando seu suor para sustento da fam\u00edlia e, portanto, necessitam de um espa\u00e7o livre para<br>trabalharem&#8221;.<\/p><div class=\"azkyp69f5306d007f3\" ><!--<a href=\"https:\/\/bit.ly\/3QdrqTZ\" target=\"_blank\">\n<img src=\"https:\/\/justicapotiguar.com.br\/wp-content\/uploads\/2023\/09\/mobile-geral.gif\"\/><a\/>--><\/div><style type=\"text\/css\">\r\n.azkyp69f5306d007f3 {\r\ntext-align: center;\r\n}\r\n@media screen and (min-width: 1201px) {\r\n.azkyp69f5306d007f3 {\r\ndisplay: none;\r\n}\r\n}\r\n@media screen and (min-width: 993px) and (max-width: 1200px) {\r\n.azkyp69f5306d007f3 {\r\ndisplay: none;\r\n}\r\n}\r\n@media screen and (min-width: 769px) and (max-width: 992px) {\r\n.azkyp69f5306d007f3 {\r\ndisplay: none;\r\n}\r\n}\r\n@media screen and (min-width: 768px) and (max-width: 768px) {\r\n.azkyp69f5306d007f3 {\r\ndisplay: block;\r\n}\r\n}\r\n@media screen and (max-width: 767px) {\r\n.azkyp69f5306d007f3 {\r\ndisplay: block;\r\n}\r\n}\r\n<\/style>\r\n<div class=\"vqwqu69f5306d007de\" ><!--<a href=\"https:\/\/bit.ly\/3QdrqTZ\" target=\"_blank\">\n<img src=\"https:\/\/justicapotiguar.com.br\/wp-content\/uploads\/2023\/09\/desktop-geral.gif\"\/><a\/>--><\/div><style type=\"text\/css\">\r\n.vqwqu69f5306d007de {\r\ntext-align: center;\nmargin-bottom: 1em;\r\n}\r\n@media screen and (min-width: 1201px) {\r\n.vqwqu69f5306d007de {\r\ndisplay: block;\r\n}\r\n}\r\n@media screen and (min-width: 993px) and (max-width: 1200px) {\r\n.vqwqu69f5306d007de {\r\ndisplay: block;\r\n}\r\n}\r\n@media screen and (min-width: 769px) and (max-width: 992px) {\r\n.vqwqu69f5306d007de {\r\ndisplay: block;\r\n}\r\n}\r\n@media screen and (min-width: 768px) and (max-width: 768px) {\r\n.vqwqu69f5306d007de {\r\ndisplay: none;\r\n}\r\n}\r\n@media screen and (max-width: 767px) {\r\n.vqwqu69f5306d007de {\r\ndisplay: none;\r\n}\r\n}\r\n<\/style>\r\n\n\n\n\n<p>Ao final o magistrado proferiu que: &#8220;isto posto, defiro o pedido de tutela de urg\u00eancia antecipada em car\u00e1ter antecedente para: a) que o Movimento de Luta Nos Bairros, Vilas e Favelas, Matheus Felipe de Araujo Querino, e demais integrantes do Movimento abstenham-se de praticar qualquer ato atentat\u00f3rio ao direito de ir e vir de prepostos e clientes do supermercado autor, conferindo-lhes livre acesso a todas as lojas da empresa autora (Supermercado Nordestao e Superfacil Atacado); b) que o Movimento de Luta Nos Bairros, Vilas e Favelas, Matheus Felipe de Araujo Querino, e demais integrantes do Movimento<br>abstenham-se abstenham-se de praticar qualquer ato de esbulho ou turba\u00e7\u00e3o da posse e propriedade da<br>empresa autora, mantendo-se a uma dist\u00e2ncia razo\u00e1vel destas, sugerindo-se o distanciamento de 500<br>(quinhentos) metros de cada loja, para fins de resguardar os seus direitos, de prepostos e clientes, sob pena de aplica\u00e7\u00e3o de penalidades que resultem no efetivo cumprimento desta medida; c) na hip\u00f3tese de<br>descumprimento, fica a autoridade policial competente autorizada, nos limites desta decis\u00e3o de adotas as<br>medidas de cumprimento&#8221;.<\/p>\n\n\n\n<p>Confira decis\u00e3o <\/p>\n\n\n\n<div class=\"wp-block-file\"><a href=\"https:\/\/justicapotiguar.com.br\/wp-content\/uploads\/2022\/12\/Decisa\u0303o-2.pdf\">Decisa\u0303o-2<\/a><a href=\"https:\/\/justicapotiguar.com.br\/wp-content\/uploads\/2022\/12\/Decisa\u0303o-2.pdf\" class=\"wp-block-file__button\" download>Baixar<\/a><\/div>\n","protected":false},"excerpt":{"rendered":"<p>O juiz Geraldo Mota determinou em decis\u00e3o durante o plant\u00e3o judicial que manifesta\u00e7\u00f5es de invas\u00e3o de supermercado pelo Movimento de Lutas e Bairros (MLB) n\u00e3o possam impedir o direito de ir e vir dos clientes e s\u00f3 sejam realizados a certa dist\u00e2ncia dos estabelecimentos. No \u00faltimo s\u00e1bado, um grupo de manifestantes invadiu o supermercado Nordestao<br \/><a class=\"more-link\" href=\"https:\/\/justicapotiguar.com.br\/index.php\/2022\/12\/18\/juiz-aponta-direito-de-ir-e-vir-e-livre-iniciativa-e-proibe-que-protestos-ocorram-dentro-de-supermercados-em-natal\/\">Mais&#8230;<\/a><\/p>\n","protected":false},"author":5,"featured_media":0,"comment_status":"open","ping_status":"open","sticky":false,"template":"","format":"standard","meta":[],"categories":[1],"tags":[],"_links":{"self":[{"href":"https:\/\/justicapotiguar.com.br\/index.php\/wp-json\/wp\/v2\/posts\/29645"}],"collection":[{"href":"https:\/\/justicapotiguar.com.br\/index.php\/wp-json\/wp\/v2\/posts"}],"about":[{"href":"https:\/\/justicapotiguar.com.br\/index.php\/wp-json\/wp\/v2\/types\/post"}],"author":[{"embeddable":true,"href":"https:\/\/justicapotiguar.com.br\/index.php\/wp-json\/wp\/v2\/users\/5"}],"replies":[{"embeddable":true,"href":"https:\/\/justicapotiguar.com.br\/index.php\/wp-json\/wp\/v2\/comments?post=29645"}],"version-history":[{"count":1,"href":"https:\/\/justicapotiguar.com.br\/index.php\/wp-json\/wp\/v2\/posts\/29645\/revisions"}],"predecessor-version":[{"id":29648,"href":"https:\/\/justicapotiguar.com.br\/index.php\/wp-json\/wp\/v2\/posts\/29645\/revisions\/29648"}],"wp:attachment":[{"href":"https:\/\/justicapotiguar.com.br\/index.php\/wp-json\/wp\/v2\/media?parent=29645"}],"wp:term":[{"taxonomy":"category","embeddable":true,"href":"https:\/\/justicapotiguar.com.br\/index.php\/wp-json\/wp\/v2\/categories?post=29645"},{"taxonomy":"post_tag","embeddable":true,"href":"https:\/\/justicapotiguar.com.br\/index.php\/wp-json\/wp\/v2\/tags?post=29645"}],"curies":[{"name":"wp","href":"https:\/\/api.w.org\/{rel}","templated":true}]}}