{"id":2962,"date":"2019-10-09T10:52:35","date_gmt":"2019-10-09T13:52:35","guid":{"rendered":"https:\/\/justicapotiguar.com.br\/?p=2962"},"modified":"2019-10-09T10:52:35","modified_gmt":"2019-10-09T13:52:35","slug":"pai-deve-indenizar-filhos-em-r-120-mil-por-abandono-afetivo","status":"publish","type":"post","link":"https:\/\/justicapotiguar.com.br\/index.php\/2019\/10\/09\/pai-deve-indenizar-filhos-em-r-120-mil-por-abandono-afetivo\/","title":{"rendered":"Pai deve indenizar filhos em R$ 120 mil por abandono afetivo"},"content":{"rendered":"\n<p><em>&#8220;Exatamente em raz\u00e3o de o afeto n\u00e3o ser coisa, mas sentimento, \u00e9 preciso que um pai saiba que n\u00e3o basta pagar presta\u00e7\u00e3o aliment\u00edcia para dar como quitada sua &#8216;obriga\u00e7\u00e3o&#8217;. Seu dever de pai vai al\u00e9m disso e o descumprimento desse dever causa dano, e dano, que pode ser moral, deve ser reparado, por meio da indeniza\u00e7\u00e3o respectiva.&#8221;<\/em><\/p>\n\n\n\n<p>A afirma\u00e7\u00e3o \u00e9 do desembargador Evandro Lopes da Costa, da 17\u00aa c\u00e2mara C\u00edvel do TJ\/MG ao analisar recurso de um pai contra senten\u00e7a que o condenou a indenizar dois filhos em R$ 120 mil por danos morais. O colegiado negou provimento ao recurso.<\/p>\n\n\n\n<figure class=\"wp-block-image\"><img src=\"https:\/\/www.globalframe.com.br\/gf_base\/empresas\/MIGA\/imagens\/D5C8205DA71CB965F46F683AD12A182F9DA8_abandonoafetivoum.jpg\" alt=\"t\"\/><figcaption>Foto: Ilustrativa<\/figcaption><\/figure>\n\n\n\n<p>De acordo com o TJ\/MG, os dois menores de idade, representados pela m\u00e3e, pediram indeniza\u00e7\u00e3o por danos morais afirmando que ele abandonou o lar um ano de 10 meses antes, deixando-os, ent\u00e3o com oito anos e um ano de idade, sob a responsabilidade da genitora.<\/p>\n\n\n\n<p>Na Justi\u00e7a, os autores alegaram que o pai n\u00e3o se preocupou com o abalo ps\u00edquico e os danos emocionais decorrentes do abandono, e relataram que, ap\u00f3s fixa\u00e7\u00e3o de visitas, ele teria visitado os menores apenas uma \u00fanica vez, em um encontro traum\u00e1tico caracterizado pela frieza e insensibilidade do genitor.<\/p>\n\n\n\n<p>De acordo com a m\u00e3e, quando uma das crian\u00e7as foi hospitalizada devido a dificuldade respirat\u00f3ria e sintomas psicossom\u00e1ticos, o pai, informado por mensagem, ignorou o comunicado. Ele teria tamb\u00e9m suspendido o plano de sa\u00fade dos filhos.<\/p>\n\n\n\n<p>Em 1\u00ba grau, o homem foi condenado a indenizar os dois filhos em R$ 120 mil por danos morais. Em recurso, ele alegou que nunca havia abandonado os filhos e que era a ex-companheira quem dificultava a aproxima\u00e7\u00e3o. Segundo o homem, a ex-companheira nunca aceitou o fim do relacionamento e o agredia nos dias de visita, conforme boletim de ocorr\u00eancia juntado ao processo. Disse ainda n\u00e3o haver comprova\u00e7\u00e3o de qualquer dano sujeito a repara\u00e7\u00e3o.<\/p>\n\n\n\n<p><strong>TJ\/MG<\/strong><\/p><div class=\"cceea69f5867021efb\" ><!--<a href=\"https:\/\/bit.ly\/3QdrqTZ\" target=\"_blank\">\n<img src=\"https:\/\/justicapotiguar.com.br\/wp-content\/uploads\/2023\/09\/mobile-geral.gif\"\/><a\/>--><\/div><style type=\"text\/css\">\r\n.cceea69f5867021efb {\r\ntext-align: center;\r\n}\r\n@media screen and (min-width: 1201px) {\r\n.cceea69f5867021efb {\r\ndisplay: none;\r\n}\r\n}\r\n@media screen and (min-width: 993px) and (max-width: 1200px) {\r\n.cceea69f5867021efb {\r\ndisplay: none;\r\n}\r\n}\r\n@media screen and (min-width: 769px) and (max-width: 992px) {\r\n.cceea69f5867021efb {\r\ndisplay: none;\r\n}\r\n}\r\n@media screen and (min-width: 768px) and (max-width: 768px) {\r\n.cceea69f5867021efb {\r\ndisplay: block;\r\n}\r\n}\r\n@media screen and (max-width: 767px) {\r\n.cceea69f5867021efb {\r\ndisplay: block;\r\n}\r\n}\r\n<\/style>\r\n<div class=\"wrazn69f5867021ee6\" ><!--<a href=\"https:\/\/bit.ly\/3QdrqTZ\" target=\"_blank\">\n<img src=\"https:\/\/justicapotiguar.com.br\/wp-content\/uploads\/2023\/09\/desktop-geral.gif\"\/><a\/>--><\/div><style type=\"text\/css\">\r\n.wrazn69f5867021ee6 {\r\ntext-align: center;\nmargin-bottom: 1em;\r\n}\r\n@media screen and (min-width: 1201px) {\r\n.wrazn69f5867021ee6 {\r\ndisplay: block;\r\n}\r\n}\r\n@media screen and (min-width: 993px) and (max-width: 1200px) {\r\n.wrazn69f5867021ee6 {\r\ndisplay: block;\r\n}\r\n}\r\n@media screen and (min-width: 769px) and (max-width: 992px) {\r\n.wrazn69f5867021ee6 {\r\ndisplay: block;\r\n}\r\n}\r\n@media screen and (min-width: 768px) and (max-width: 768px) {\r\n.wrazn69f5867021ee6 {\r\ndisplay: none;\r\n}\r\n}\r\n@media screen and (max-width: 767px) {\r\n.wrazn69f5867021ee6 {\r\ndisplay: none;\r\n}\r\n}\r\n<\/style>\r\n\n\n\n\n<p>O relator do recurso, desembargador Evandro Lopes da Costa, destacou que, no caso, n\u00e3o de procura tratar o afeto como coisa, nem<em>&nbsp;&#8220;reduzir a uma express\u00e3o financeira uma rela\u00e7\u00e3o de afeto entre pai e filho&#8221;.<\/em><\/p>\n\n\n\n<p>O magistrado entendeu que, no caso em quest\u00e3o, h\u00e1 provas do abandono dos filhos, tendo em vista depoimentos de testemunhas e do pr\u00f3prio r\u00e9u, al\u00e9m de laudo pericial, e considerou que n\u00e3o foi constatada a ocorr\u00eancia de aliena\u00e7\u00e3o parental.<\/p>\n\n\n\n<p>O desembargador citou trechos do laudo pericial, que destacaram aspectos psicol\u00f3gicos que a aus\u00eancia da figura paterna pode acarretar. E lembrou que o dever de indenizar, segundo a legisla\u00e7\u00e3o, surge do dano ou preju\u00edzo injustamente causado ao outro \u2013 na esfera material ou extrapatrimonial.<\/p>\n\n\n\n<p>Para o magistrado, o caso trata da&nbsp;<em>&#8220;ocorr\u00eancia de um dano \u2013 ainda que no plano emocional \u2013, causado pela conduta de um pai que, a despeito de ter contribu\u00eddo para o nascimento de uma crian\u00e7a, age como se n\u00e3o tivesse participa\u00e7\u00e3o nesse fato, causando enorme sofrimento psicol\u00f3gico \u00e0s crian\u00e7as, que crescem sem a figura paterna a lhes emprestar o carinho e a prote\u00e7\u00e3o necess\u00e1rios para sua boa forma\u00e7\u00e3o&#8221;.<\/em><\/p>\n\n\n\n<p>Ressaltou, ainda, que os deveres de ambos os genitores com os filhos surgem desde o momento da concep\u00e7\u00e3o e deles n\u00e3o podem pais e m\u00e3es se eximirem.&nbsp;<em>&#8220;A rela\u00e7\u00e3o dos pais, como casal, pode n\u00e3o mais existir, mas o relacionamento entre pai e filho deve ser preservado e perseguido, pois tais la\u00e7os s\u00e3o eternos.&#8221;<\/em><\/p>\n\n\n\n<p>Dessa forma, o colegiado manteve a senten\u00e7a.<\/p>\n\n\n\n<p><strong>Migalhas<\/strong><\/p>\n","protected":false},"excerpt":{"rendered":"<p>Na Justi\u00e7a, os autores alegaram que o pai n\u00e3o se preocupou com o abalo ps\u00edquico e os danos emocionais decorrentes do abandono<br \/><a class=\"more-link\" href=\"https:\/\/justicapotiguar.com.br\/index.php\/2019\/10\/09\/pai-deve-indenizar-filhos-em-r-120-mil-por-abandono-afetivo\/\">Mais&#8230;<\/a><\/p>\n","protected":false},"author":5,"featured_media":2963,"comment_status":"open","ping_status":"open","sticky":false,"template":"","format":"standard","meta":[],"categories":[3],"tags":[],"_links":{"self":[{"href":"https:\/\/justicapotiguar.com.br\/index.php\/wp-json\/wp\/v2\/posts\/2962"}],"collection":[{"href":"https:\/\/justicapotiguar.com.br\/index.php\/wp-json\/wp\/v2\/posts"}],"about":[{"href":"https:\/\/justicapotiguar.com.br\/index.php\/wp-json\/wp\/v2\/types\/post"}],"author":[{"embeddable":true,"href":"https:\/\/justicapotiguar.com.br\/index.php\/wp-json\/wp\/v2\/users\/5"}],"replies":[{"embeddable":true,"href":"https:\/\/justicapotiguar.com.br\/index.php\/wp-json\/wp\/v2\/comments?post=2962"}],"version-history":[{"count":1,"href":"https:\/\/justicapotiguar.com.br\/index.php\/wp-json\/wp\/v2\/posts\/2962\/revisions"}],"predecessor-version":[{"id":2964,"href":"https:\/\/justicapotiguar.com.br\/index.php\/wp-json\/wp\/v2\/posts\/2962\/revisions\/2964"}],"wp:featuredmedia":[{"embeddable":true,"href":"https:\/\/justicapotiguar.com.br\/index.php\/wp-json\/wp\/v2\/media\/2963"}],"wp:attachment":[{"href":"https:\/\/justicapotiguar.com.br\/index.php\/wp-json\/wp\/v2\/media?parent=2962"}],"wp:term":[{"taxonomy":"category","embeddable":true,"href":"https:\/\/justicapotiguar.com.br\/index.php\/wp-json\/wp\/v2\/categories?post=2962"},{"taxonomy":"post_tag","embeddable":true,"href":"https:\/\/justicapotiguar.com.br\/index.php\/wp-json\/wp\/v2\/tags?post=2962"}],"curies":[{"name":"wp","href":"https:\/\/api.w.org\/{rel}","templated":true}]}}