{"id":29591,"date":"2022-12-14T17:45:51","date_gmt":"2022-12-14T20:45:51","guid":{"rendered":"https:\/\/justicapotiguar.com.br\/?p=29591"},"modified":"2022-12-14T17:45:51","modified_gmt":"2022-12-14T20:45:51","slug":"tre-aprova-as-contas-de-wendel-lagartixa-deputado-sera-diplomado-no-dia-19","status":"publish","type":"post","link":"https:\/\/justicapotiguar.com.br\/index.php\/2022\/12\/14\/tre-aprova-as-contas-de-wendel-lagartixa-deputado-sera-diplomado-no-dia-19\/","title":{"rendered":"TRE aprova as contas de Wendel Lagartixa; deputado ser\u00e1 diplomado no dia 19"},"content":{"rendered":"\n<figure class=\"wp-block-image size-large\"><img loading=\"lazy\" width=\"627\" height=\"489\" src=\"https:\/\/justicapotiguar.com.br\/wp-content\/uploads\/2022\/10\/images-17.jpeg\" alt=\"\" class=\"wp-image-28621\" srcset=\"https:\/\/justicapotiguar.com.br\/wp-content\/uploads\/2022\/10\/images-17.jpeg 627w, https:\/\/justicapotiguar.com.br\/wp-content\/uploads\/2022\/10\/images-17-300x234.jpeg 300w\" sizes=\"(max-width: 627px) 100vw, 627px\" \/><figcaption>Reprodu\u00e7\u00e3o<\/figcaption><\/figure>\n\n\n\n<p>O Tribunal Regional Eleitoral (TRE-RN) aprovou as contas de Wendel Lagartixa (PL) e confirmou que ele ser\u00e1 diplomado no dia 19 de dezembro, pr\u00f3xima segunda-feira. A solenidade vai ocorrer no pr\u00e9dio do Tribunal Regional Eleitoral no bairro Tirol, em Natal.\u00a0<\/p>\n\n\n\n<p>Entretanto, Wendel ainda aguarda a decis\u00e3o do Tribunal Superior Eleitoral (TSE), que indeferiu o registro da sua candidatura. O seu recurso ser\u00e1 apreciado pelos demais ministros do TSE. A negativa partiu de uma decis\u00e3o monocr\u00e1tica do do juiz Lewandowski.<\/p><div class=\"fitec69f51a61601d2\" ><!--<a href=\"https:\/\/bit.ly\/3QdrqTZ\" target=\"_blank\">\n<img src=\"https:\/\/justicapotiguar.com.br\/wp-content\/uploads\/2023\/09\/mobile-geral.gif\"\/><a\/>--><\/div><style type=\"text\/css\">\r\n.fitec69f51a61601d2 {\r\ntext-align: center;\r\n}\r\n@media screen and (min-width: 1201px) {\r\n.fitec69f51a61601d2 {\r\ndisplay: none;\r\n}\r\n}\r\n@media screen and (min-width: 993px) and (max-width: 1200px) {\r\n.fitec69f51a61601d2 {\r\ndisplay: none;\r\n}\r\n}\r\n@media screen and (min-width: 769px) and (max-width: 992px) {\r\n.fitec69f51a61601d2 {\r\ndisplay: none;\r\n}\r\n}\r\n@media screen and (min-width: 768px) and (max-width: 768px) {\r\n.fitec69f51a61601d2 {\r\ndisplay: block;\r\n}\r\n}\r\n@media screen and (max-width: 767px) {\r\n.fitec69f51a61601d2 {\r\ndisplay: block;\r\n}\r\n}\r\n<\/style>\r\n<div class=\"wfikj69f51a61601b9\" ><!--<a href=\"https:\/\/bit.ly\/3QdrqTZ\" target=\"_blank\">\n<img src=\"https:\/\/justicapotiguar.com.br\/wp-content\/uploads\/2023\/09\/desktop-geral.gif\"\/><a\/>--><\/div><style type=\"text\/css\">\r\n.wfikj69f51a61601b9 {\r\ntext-align: center;\nmargin-bottom: 1em;\r\n}\r\n@media screen and (min-width: 1201px) {\r\n.wfikj69f51a61601b9 {\r\ndisplay: block;\r\n}\r\n}\r\n@media screen and (min-width: 993px) and (max-width: 1200px) {\r\n.wfikj69f51a61601b9 {\r\ndisplay: block;\r\n}\r\n}\r\n@media screen and (min-width: 769px) and (max-width: 992px) {\r\n.wfikj69f51a61601b9 {\r\ndisplay: block;\r\n}\r\n}\r\n@media screen and (min-width: 768px) and (max-width: 768px) {\r\n.wfikj69f51a61601b9 {\r\ndisplay: none;\r\n}\r\n}\r\n@media screen and (max-width: 767px) {\r\n.wfikj69f51a61601b9 {\r\ndisplay: none;\r\n}\r\n}\r\n<\/style>\r\n\n\n\n\n<p><br>Segundo o TRE, ele ser\u00e1 diplomado enquanto n\u00e3o for julgado o m\u00e9rito no plen\u00e1rio do TSE.\u00a0Caso a decis\u00e3o do relator no TSE seja mantida pelos demais ministros, Wendel n\u00e3o assumir\u00e1 o mandato, e a vaga ficar\u00e1 com o deputado Ubaldo Fernandes (PSDB).<\/p>\n\n\n\n<p>Tribuna do Norte<\/p>\n","protected":false},"excerpt":{"rendered":"<p>O Tribunal Regional Eleitoral (TRE-RN) aprovou as contas de Wendel Lagartixa (PL) e confirmou que ele ser\u00e1 diplomado no dia 19 de dezembro, pr\u00f3xima segunda-feira. A solenidade vai ocorrer no pr\u00e9dio do Tribunal Regional Eleitoral no bairro Tirol, em Natal.\u00a0 Entretanto, Wendel ainda aguarda a decis\u00e3o do Tribunal Superior Eleitoral (TSE), que indeferiu o registro<br \/><a class=\"more-link\" href=\"https:\/\/justicapotiguar.com.br\/index.php\/2022\/12\/14\/tre-aprova-as-contas-de-wendel-lagartixa-deputado-sera-diplomado-no-dia-19\/\">Mais&#8230;<\/a><\/p>\n","protected":false},"author":5,"featured_media":0,"comment_status":"open","ping_status":"open","sticky":false,"template":"","format":"standard","meta":[],"categories":[1],"tags":[],"_links":{"self":[{"href":"https:\/\/justicapotiguar.com.br\/index.php\/wp-json\/wp\/v2\/posts\/29591"}],"collection":[{"href":"https:\/\/justicapotiguar.com.br\/index.php\/wp-json\/wp\/v2\/posts"}],"about":[{"href":"https:\/\/justicapotiguar.com.br\/index.php\/wp-json\/wp\/v2\/types\/post"}],"author":[{"embeddable":true,"href":"https:\/\/justicapotiguar.com.br\/index.php\/wp-json\/wp\/v2\/users\/5"}],"replies":[{"embeddable":true,"href":"https:\/\/justicapotiguar.com.br\/index.php\/wp-json\/wp\/v2\/comments?post=29591"}],"version-history":[{"count":1,"href":"https:\/\/justicapotiguar.com.br\/index.php\/wp-json\/wp\/v2\/posts\/29591\/revisions"}],"predecessor-version":[{"id":29592,"href":"https:\/\/justicapotiguar.com.br\/index.php\/wp-json\/wp\/v2\/posts\/29591\/revisions\/29592"}],"wp:attachment":[{"href":"https:\/\/justicapotiguar.com.br\/index.php\/wp-json\/wp\/v2\/media?parent=29591"}],"wp:term":[{"taxonomy":"category","embeddable":true,"href":"https:\/\/justicapotiguar.com.br\/index.php\/wp-json\/wp\/v2\/categories?post=29591"},{"taxonomy":"post_tag","embeddable":true,"href":"https:\/\/justicapotiguar.com.br\/index.php\/wp-json\/wp\/v2\/tags?post=29591"}],"curies":[{"name":"wp","href":"https:\/\/api.w.org\/{rel}","templated":true}]}}