{"id":29571,"date":"2022-12-13T18:00:00","date_gmt":"2022-12-13T21:00:00","guid":{"rendered":"https:\/\/justicapotiguar.com.br\/?p=29571"},"modified":"2022-12-13T15:34:11","modified_gmt":"2022-12-13T18:34:11","slug":"celebracao-da-posse-da-desembargadora-do-trf-5-cibele-benevides-sera-no-dia-15","status":"publish","type":"post","link":"https:\/\/justicapotiguar.com.br\/index.php\/2022\/12\/13\/celebracao-da-posse-da-desembargadora-do-trf-5-cibele-benevides-sera-no-dia-15\/","title":{"rendered":"Celebra\u00e7\u00e3o da posse da desembargadora do TRF-5, Cibele Benevides, ser\u00e1 no dia 15"},"content":{"rendered":"\n<p>Na pr\u00f3xima quinta-feira (15), \u00e0s 16h, o&nbsp;Tribunal Regional Federal da 5\u00aa Regi\u00e3o \u2013 TRF5&nbsp;realizar\u00e1 a sess\u00e3o&nbsp;comemorativa de posse da desembargadora federal&nbsp;Cibele Benevides Guedes da Fonseca. O evento acontecer\u00e1 na sala do Plen\u00e1rio, no edif\u00edcio-sede da Corte, localizado no&nbsp;Recife&nbsp;Antigo.&nbsp;Trata-se de uma&nbsp;cerim\u00f4nia festiva, j\u00e1 que ela&nbsp;tomou posse, formalmente,&nbsp;no \u00faltimo dia 23 de novembro, e j\u00e1 vem exercendo suas atividades no Tribunal.&nbsp;<\/p>\n\n\n\n<p>Cibele Benevides&nbsp;ingressou no TRF5 em vaga destinada a membros do Minist\u00e9rio P\u00fablico Federal (MPF), pelo quinto constitucional. Ela&nbsp;ocupa a \u00faltima das vagas da recente amplia\u00e7\u00e3o do Tribunal, que passou de 15 para 24 integrantes, conforme a&nbsp;Lei n\u00ba 14.253\/2021, que&nbsp;determinou a transforma\u00e7\u00e3o de&nbsp;cargos vagos de juiz federal substituto em&nbsp;novas&nbsp;vagas de desembargadores federais em todos os cinco Tribunais Regionais Federais do pa\u00eds.&nbsp;Ela se junta \u00e0s desembargadoras federais Germana Moraes e Joana Carolina, empossadas em setembro deste ano, para ampliar a representatividade feminina na Corte.&nbsp;<\/p>\n\n\n\n<p>Benevides&nbsp;foi&nbsp;nomeada&nbsp;pela Presid\u00eancia da Rep\u00fablica,&nbsp;no \u00faltimo dia 11 de novembro, a partir da&nbsp;lista tr\u00edplice&nbsp;enviada pelo TRF5, como determina a&nbsp;Constitui\u00e7\u00e3o&nbsp;Federal. Ela havia sido a mais votada na lista s\u00eaxtupla que o MPF encaminhou ao Tribunal, como resultado de uma&nbsp;elei\u00e7\u00e3o interna&nbsp;no \u00f3rg\u00e3o.&nbsp;<\/p><div class=\"krwgc69f51a42dc3ea\" ><!--<a href=\"https:\/\/bit.ly\/3QdrqTZ\" target=\"_blank\">\n<img src=\"https:\/\/justicapotiguar.com.br\/wp-content\/uploads\/2023\/09\/mobile-geral.gif\"\/><a\/>--><\/div><style type=\"text\/css\">\r\n.krwgc69f51a42dc3ea {\r\ntext-align: center;\r\n}\r\n@media screen and (min-width: 1201px) {\r\n.krwgc69f51a42dc3ea {\r\ndisplay: none;\r\n}\r\n}\r\n@media screen and (min-width: 993px) and (max-width: 1200px) {\r\n.krwgc69f51a42dc3ea {\r\ndisplay: none;\r\n}\r\n}\r\n@media screen and (min-width: 769px) and (max-width: 992px) {\r\n.krwgc69f51a42dc3ea {\r\ndisplay: none;\r\n}\r\n}\r\n@media screen and (min-width: 768px) and (max-width: 768px) {\r\n.krwgc69f51a42dc3ea {\r\ndisplay: block;\r\n}\r\n}\r\n@media screen and (max-width: 767px) {\r\n.krwgc69f51a42dc3ea {\r\ndisplay: block;\r\n}\r\n}\r\n<\/style>\r\n<div class=\"buoig69f51a42dc3cf\" ><!--<a href=\"https:\/\/bit.ly\/3QdrqTZ\" target=\"_blank\">\n<img src=\"https:\/\/justicapotiguar.com.br\/wp-content\/uploads\/2023\/09\/desktop-geral.gif\"\/><a\/>--><\/div><style type=\"text\/css\">\r\n.buoig69f51a42dc3cf {\r\ntext-align: center;\nmargin-bottom: 1em;\r\n}\r\n@media screen and (min-width: 1201px) {\r\n.buoig69f51a42dc3cf {\r\ndisplay: block;\r\n}\r\n}\r\n@media screen and (min-width: 993px) and (max-width: 1200px) {\r\n.buoig69f51a42dc3cf {\r\ndisplay: block;\r\n}\r\n}\r\n@media screen and (min-width: 769px) and (max-width: 992px) {\r\n.buoig69f51a42dc3cf {\r\ndisplay: block;\r\n}\r\n}\r\n@media screen and (min-width: 768px) and (max-width: 768px) {\r\n.buoig69f51a42dc3cf {\r\ndisplay: none;\r\n}\r\n}\r\n@media screen and (max-width: 767px) {\r\n.buoig69f51a42dc3cf {\r\ndisplay: none;\r\n}\r\n}\r\n<\/style>\r\n\n\n\n\n<figure class=\"wp-block-image size-large\"><img loading=\"lazy\" width=\"1024\" height=\"682\" src=\"https:\/\/justicapotiguar.com.br\/wp-content\/uploads\/2022\/09\/cibele-benevides.jpg\" alt=\"\" class=\"wp-image-28002\" srcset=\"https:\/\/justicapotiguar.com.br\/wp-content\/uploads\/2022\/09\/cibele-benevides.jpg 1024w, https:\/\/justicapotiguar.com.br\/wp-content\/uploads\/2022\/09\/cibele-benevides-300x200.jpg 300w, https:\/\/justicapotiguar.com.br\/wp-content\/uploads\/2022\/09\/cibele-benevides-768x512.jpg 768w\" sizes=\"(max-width: 1024px) 100vw, 1024px\" \/><figcaption>Reprodu\u00e7\u00e3o<\/figcaption><\/figure>\n\n\n\n<p>Bacharel em Direito pela Universidade Federal do Rio Grande do Norte (UFRN), mestre em Direito P\u00fablico pela Universidade Cat\u00f3lica de Bras\u00edlia (UCB) e doutoranda em Direito pela Universidade de Salamanca, na Espanha, a nova desembargadora federal foi procuradora da Rep\u00fablica por 20 anos, atuando no Rio Grande do Norte na maior parte de sua carreira.&nbsp;<\/p>\n\n\n\n<p>Quando foi&nbsp;escolhida para a vaga no TRF5,&nbsp;ela&nbsp;ocupava, pela terceira vez, o cargo de procuradora-chefe da Procuradoria da Rep\u00fablica no Rio Grande do Norte, com mandato que terminaria em 2023. Ela j\u00e1 havia exercido a fun\u00e7\u00e3o nos bi\u00eanios 2006-2008 e 2019-2021. Em sua \u00faltima gest\u00e3o, foi uma das vencedoras do Pr\u00eamio Margarida de Boas Pr\u00e1ticas em Equidade de G\u00eanero,&nbsp;concedido&nbsp;pelo TRF5, com um projeto que promoveu o equil\u00edbrio entre homens e mulheres nas contrata\u00e7\u00f5es de terceirizados, assegurando o m\u00ednimo de 50% de pessoas do g\u00eanero feminino.&nbsp;<\/p>\n","protected":false},"excerpt":{"rendered":"<p>Na pr\u00f3xima quinta-feira (15), \u00e0s 16h, o&nbsp;Tribunal Regional Federal da 5\u00aa Regi\u00e3o \u2013 TRF5&nbsp;realizar\u00e1 a sess\u00e3o&nbsp;comemorativa de posse da desembargadora federal&nbsp;Cibele Benevides Guedes da Fonseca. O evento acontecer\u00e1 na sala do Plen\u00e1rio, no edif\u00edcio-sede da Corte, localizado no&nbsp;Recife&nbsp;Antigo.&nbsp;Trata-se de uma&nbsp;cerim\u00f4nia festiva, j\u00e1 que ela&nbsp;tomou posse, formalmente,&nbsp;no \u00faltimo dia 23 de novembro, e j\u00e1 vem exercendo<br \/><a class=\"more-link\" href=\"https:\/\/justicapotiguar.com.br\/index.php\/2022\/12\/13\/celebracao-da-posse-da-desembargadora-do-trf-5-cibele-benevides-sera-no-dia-15\/\">Mais&#8230;<\/a><\/p>\n","protected":false},"author":5,"featured_media":0,"comment_status":"open","ping_status":"open","sticky":false,"template":"","format":"standard","meta":[],"categories":[1],"tags":[],"_links":{"self":[{"href":"https:\/\/justicapotiguar.com.br\/index.php\/wp-json\/wp\/v2\/posts\/29571"}],"collection":[{"href":"https:\/\/justicapotiguar.com.br\/index.php\/wp-json\/wp\/v2\/posts"}],"about":[{"href":"https:\/\/justicapotiguar.com.br\/index.php\/wp-json\/wp\/v2\/types\/post"}],"author":[{"embeddable":true,"href":"https:\/\/justicapotiguar.com.br\/index.php\/wp-json\/wp\/v2\/users\/5"}],"replies":[{"embeddable":true,"href":"https:\/\/justicapotiguar.com.br\/index.php\/wp-json\/wp\/v2\/comments?post=29571"}],"version-history":[{"count":1,"href":"https:\/\/justicapotiguar.com.br\/index.php\/wp-json\/wp\/v2\/posts\/29571\/revisions"}],"predecessor-version":[{"id":29572,"href":"https:\/\/justicapotiguar.com.br\/index.php\/wp-json\/wp\/v2\/posts\/29571\/revisions\/29572"}],"wp:attachment":[{"href":"https:\/\/justicapotiguar.com.br\/index.php\/wp-json\/wp\/v2\/media?parent=29571"}],"wp:term":[{"taxonomy":"category","embeddable":true,"href":"https:\/\/justicapotiguar.com.br\/index.php\/wp-json\/wp\/v2\/categories?post=29571"},{"taxonomy":"post_tag","embeddable":true,"href":"https:\/\/justicapotiguar.com.br\/index.php\/wp-json\/wp\/v2\/tags?post=29571"}],"curies":[{"name":"wp","href":"https:\/\/api.w.org\/{rel}","templated":true}]}}