{"id":29569,"date":"2022-12-13T16:57:00","date_gmt":"2022-12-13T19:57:00","guid":{"rendered":"https:\/\/justicapotiguar.com.br\/?p=29569"},"modified":"2022-12-13T14:58:41","modified_gmt":"2022-12-13T17:58:41","slug":"mprn-ajuiza-acao-para-que-municipio-de-natal-recomponha-em-carater-de-urgencia-o-calcadao-de-ponta-negra","status":"publish","type":"post","link":"https:\/\/justicapotiguar.com.br\/index.php\/2022\/12\/13\/mprn-ajuiza-acao-para-que-municipio-de-natal-recomponha-em-carater-de-urgencia-o-calcadao-de-ponta-negra\/","title":{"rendered":"MPRN ajuiza a\u00e7\u00e3o para que munic\u00edpio de Natal recomponha, em car\u00e1ter de urg\u00eancia, o cal\u00e7ad\u00e3o de Ponta Negra"},"content":{"rendered":"\n<figure class=\"wp-block-image\"><img src=\"https:\/\/www.mprn.mp.br\/wp-content\/uploads\/2022\/12\/Cratera_Ponta-Negra.jpeg\" alt=\"\" class=\"wp-image-4953\"\/><figcaption>Reprodu\u00e7\u00e3o <\/figcaption><\/figure>\n\n\n\n<p>O Minist\u00e9rio P\u00fablico do Rio Grande do Norte (MPRN), por interm\u00e9dio da&nbsp; 45\u00aa Promotoria de Justi\u00e7a de Defesa do Meio Ambiente, ingressou com uma A\u00e7\u00e3o Civil P\u00fablica para fazer com que o munic\u00edpio de Natal recomponha, em car\u00e1ter de urg\u00eancia, o cal\u00e7ad\u00e3o da praia de Ponta Negra (especificamente o trecho que fica no final do sentido Morro do Careca\/Via Costeira), de aproximadamente 50 metros, que desabou e que est\u00e1 expondo a acidentes pessoas que frequentam o local.&nbsp;<\/p>\n\n\n\n<p>O MPRN pretende, ainda, impor ao munic\u00edpio obriga\u00e7\u00f5es relativas ao reparo dos danos ambientais e urban\u00edsticos decorrentes do problema; \u00e0 manuten\u00e7\u00e3o continuada do cal\u00e7ad\u00e3o e \u00e0 corre\u00e7\u00e3o de problemas ocasionados pela falta ou falha na implanta\u00e7\u00e3o de dispositivos de drenagem do local.&nbsp;<\/p>\n\n\n\n<p>Desde o m\u00eas de mar\u00e7o, o MPRN vem solicitando dilig\u00eancias e vistorias ao munic\u00edpio, por meio de reiterados of\u00edcios \u00e0 Secretaria Municipal de Infraestrutura (Seinfra). A Secretaria Municipal de Meio Ambiente e Urbanismo (Semurb) tamb\u00e9m foi demandada. Por\u00e9m, nenhuma medida foi tomada at\u00e9 o momento para a solu\u00e7\u00e3o do problema, que tem se agravado a cada dia, havendo perigo de amplia\u00e7\u00e3o do desabamento j\u00e1 iniciado.&nbsp;<\/p>\n\n\n\n<p>Vale destacar que o problema \u00e9 referente \u00e0 drenagem do cal\u00e7ad\u00e3o em si&nbsp; e n\u00e3o&nbsp; ao sistema de drenagem do bairro de Ponta Negra como um todo, que est\u00e1 sendo licenciado pelo Idema, nem diz respeito aos blocos de conten\u00e7\u00e3o da Praia de Ponta Negra, nem ao engordamento da Praia, atividades que se encontram na fase de licenciamento tamb\u00e9m junto ao Idema.&nbsp;<\/p>\n\n\n\n<p>Diante da in\u00e9rcia do munic\u00edpio, uma vistoria conjunta com o Minist\u00e9rio P\u00fablico e representantes do munic\u00edpio foi designada, entretanto, o representante da Seinfra que esteve presente, n\u00e3o acenou com qualquer perspectiva para solu\u00e7\u00e3o do grave problema constatado.&nbsp;&nbsp;<\/p><div class=\"qhgmy69f51b5691e3d\" ><!--<a href=\"https:\/\/bit.ly\/3QdrqTZ\" target=\"_blank\">\n<img src=\"https:\/\/justicapotiguar.com.br\/wp-content\/uploads\/2023\/09\/mobile-geral.gif\"\/><a\/>--><\/div><style type=\"text\/css\">\r\n.qhgmy69f51b5691e3d {\r\ntext-align: center;\r\n}\r\n@media screen and (min-width: 1201px) {\r\n.qhgmy69f51b5691e3d {\r\ndisplay: none;\r\n}\r\n}\r\n@media screen and (min-width: 993px) and (max-width: 1200px) {\r\n.qhgmy69f51b5691e3d {\r\ndisplay: none;\r\n}\r\n}\r\n@media screen and (min-width: 769px) and (max-width: 992px) {\r\n.qhgmy69f51b5691e3d {\r\ndisplay: none;\r\n}\r\n}\r\n@media screen and (min-width: 768px) and (max-width: 768px) {\r\n.qhgmy69f51b5691e3d {\r\ndisplay: block;\r\n}\r\n}\r\n@media screen and (max-width: 767px) {\r\n.qhgmy69f51b5691e3d {\r\ndisplay: block;\r\n}\r\n}\r\n<\/style>\r\n<div class=\"xuita69f51b5691e28\" ><!--<a href=\"https:\/\/bit.ly\/3QdrqTZ\" target=\"_blank\">\n<img src=\"https:\/\/justicapotiguar.com.br\/wp-content\/uploads\/2023\/09\/desktop-geral.gif\"\/><a\/>--><\/div><style type=\"text\/css\">\r\n.xuita69f51b5691e28 {\r\ntext-align: center;\nmargin-bottom: 1em;\r\n}\r\n@media screen and (min-width: 1201px) {\r\n.xuita69f51b5691e28 {\r\ndisplay: block;\r\n}\r\n}\r\n@media screen and (min-width: 993px) and (max-width: 1200px) {\r\n.xuita69f51b5691e28 {\r\ndisplay: block;\r\n}\r\n}\r\n@media screen and (min-width: 769px) and (max-width: 992px) {\r\n.xuita69f51b5691e28 {\r\ndisplay: block;\r\n}\r\n}\r\n@media screen and (min-width: 768px) and (max-width: 768px) {\r\n.xuita69f51b5691e28 {\r\ndisplay: none;\r\n}\r\n}\r\n@media screen and (max-width: 767px) {\r\n.xuita69f51b5691e28 {\r\ndisplay: none;\r\n}\r\n}\r\n<\/style>\r\n\n\n\n\n<p>O Idema, a t\u00edtulo de coopera\u00e7\u00e3o e de atua\u00e7\u00e3o supletiva, a pedido do MPRN, realizou vistoria t\u00e9cnica no local e concluiu sobre a necessidade de reconstru\u00e7\u00e3o do cal\u00e7ad\u00e3o, informando, ainda, que os problemas ocorridos s\u00e3o provenientes, principalmente, da falta ou da falha na implanta\u00e7\u00e3o dos dispositivos de drenagem do pr\u00f3prio cal\u00e7ad\u00e3o; e que a responsabilidade para solucionar e prevenir novos problemas \u00e9 da Prefeitura de Natal. O \u00f3rg\u00e3o chegou a apontar os servi\u00e7os m\u00ednimos necess\u00e1rios para solucionar os problemas detectados, quais sejam: al\u00e9m da reconstru\u00e7\u00e3o de parte do cal\u00e7ad\u00e3o danificada; reparos nos dispositivos de drenagem existentes; implanta\u00e7\u00e3o de novos dispositivos de drenagem (boca de lobo, dissipador de energia, etc.)<\/p>\n\n\n\n<p>No dia 3 de dezembro deste ano, o MPRN realizou, uma nova vistoria no local para constatar se o problema ainda persistia, j\u00e1 que a Seinfra, mesmo ap\u00f3s a vistoria conjunta, permaneceu inerte em rela\u00e7\u00e3o \u00e0s requisi\u00e7\u00f5es ministeriais, tendo sido constatado que a situa\u00e7\u00e3o do desabamento do cal\u00e7ad\u00e3o continuava grave.<\/p>\n\n\n\n<p>Diante da situa\u00e7\u00e3o de in\u00e9rcia do munic\u00edpio e tendo em vista o in\u00edcio do per\u00edodo de alta esta\u00e7\u00e3o tur\u00edstica na cidade, o MPRN buscou o Judici\u00e1rio para fazer com que seja reconstru\u00edda, de imediato, as partes do cal\u00e7ad\u00e3o da Praia de Ponta Negra que se encontram danificadas, com prioridade para o trecho de aproximadamente 50 metros que fica no final do cal\u00e7ad\u00e3o (sentido Morro do Careca\/Via Costeira), bem como que sejam realizados reparos cab\u00edveis nos dispositivos de drenagem existentes no cal\u00e7ad\u00e3o de Ponta Negra e sejam implantados outros novos.<\/p>\n\n\n\n<p>O MPRN tamb\u00e9m requer na ACP que o munic\u00edpio de Natal adote todas as medidas de isolamento e de prote\u00e7\u00e3o necess\u00e1rias para evitar acidentes e ampliar danos tanto na parte das proximidades da cratera (no cal\u00e7ad\u00e3o, propriamente dito), quanto na parte inferior do cal\u00e7ad\u00e3o, na \u00e1rea da praia.<\/p>\n\n\n\n<p>Confira a ACP na \u00edntegra, clicando&nbsp;<a href=\"https:\/\/drive.google.com\/file\/d\/1h3-0FYALm8MJS4RPFk6FdMOAncdQ589I\/view?usp=share_link\">aqui<\/a>.<\/p>\n","protected":false},"excerpt":{"rendered":"<p>O Minist\u00e9rio P\u00fablico do Rio Grande do Norte (MPRN), por interm\u00e9dio da&nbsp; 45\u00aa Promotoria de Justi\u00e7a de Defesa do Meio Ambiente, ingressou com uma A\u00e7\u00e3o Civil P\u00fablica para fazer com que o munic\u00edpio de Natal recomponha, em car\u00e1ter de urg\u00eancia, o cal\u00e7ad\u00e3o da praia de Ponta Negra (especificamente o trecho que fica no final do<br \/><a class=\"more-link\" href=\"https:\/\/justicapotiguar.com.br\/index.php\/2022\/12\/13\/mprn-ajuiza-acao-para-que-municipio-de-natal-recomponha-em-carater-de-urgencia-o-calcadao-de-ponta-negra\/\">Mais&#8230;<\/a><\/p>\n","protected":false},"author":5,"featured_media":0,"comment_status":"open","ping_status":"open","sticky":false,"template":"","format":"standard","meta":[],"categories":[1],"tags":[],"_links":{"self":[{"href":"https:\/\/justicapotiguar.com.br\/index.php\/wp-json\/wp\/v2\/posts\/29569"}],"collection":[{"href":"https:\/\/justicapotiguar.com.br\/index.php\/wp-json\/wp\/v2\/posts"}],"about":[{"href":"https:\/\/justicapotiguar.com.br\/index.php\/wp-json\/wp\/v2\/types\/post"}],"author":[{"embeddable":true,"href":"https:\/\/justicapotiguar.com.br\/index.php\/wp-json\/wp\/v2\/users\/5"}],"replies":[{"embeddable":true,"href":"https:\/\/justicapotiguar.com.br\/index.php\/wp-json\/wp\/v2\/comments?post=29569"}],"version-history":[{"count":1,"href":"https:\/\/justicapotiguar.com.br\/index.php\/wp-json\/wp\/v2\/posts\/29569\/revisions"}],"predecessor-version":[{"id":29570,"href":"https:\/\/justicapotiguar.com.br\/index.php\/wp-json\/wp\/v2\/posts\/29569\/revisions\/29570"}],"wp:attachment":[{"href":"https:\/\/justicapotiguar.com.br\/index.php\/wp-json\/wp\/v2\/media?parent=29569"}],"wp:term":[{"taxonomy":"category","embeddable":true,"href":"https:\/\/justicapotiguar.com.br\/index.php\/wp-json\/wp\/v2\/categories?post=29569"},{"taxonomy":"post_tag","embeddable":true,"href":"https:\/\/justicapotiguar.com.br\/index.php\/wp-json\/wp\/v2\/tags?post=29569"}],"curies":[{"name":"wp","href":"https:\/\/api.w.org\/{rel}","templated":true}]}}