{"id":29560,"date":"2022-12-13T09:20:00","date_gmt":"2022-12-13T12:20:00","guid":{"rendered":"https:\/\/justicapotiguar.com.br\/?p=29560"},"modified":"2022-12-12T22:20:56","modified_gmt":"2022-12-13T01:20:56","slug":"uniao-tera-de-indenizar-filho-de-lula-por-dialogos-divulgados-por-moro","status":"publish","type":"post","link":"https:\/\/justicapotiguar.com.br\/index.php\/2022\/12\/13\/uniao-tera-de-indenizar-filho-de-lula-por-dialogos-divulgados-por-moro\/","title":{"rendered":"Uni\u00e3o ter\u00e1 de indenizar filho de Lula por di\u00e1logos divulgados por Moro"},"content":{"rendered":"\n<p>Por entender que o ex-juiz Sergio Moro agiu de forma ilegal ao divulgar conversas do casal F\u00e1bio Lu\u00eds Lula da Silva, filho do presidente eleito Lula (PT), e Renata de Abreu Moreira, a 6\u00aa Vara C\u00edvel Federal de S\u00e3o Paulo condenou a Uni\u00e3o a pagar indeniza\u00e7\u00e3o por danos morais de R$ 60 mil aos dois.<\/p>\n\n\n\n<figure class=\"wp-block-image\"><img src=\"https:\/\/www.conjur.com.br\/img\/b\/sergio-moro38.jpeg\" alt=\"\"\/><figcaption>Sergio Moro agiu de forma ilegal ao divulgar conversas, disse ju\u00edza<br><sup>Jos\u00e9 Cruz\/Ag\u00eancia Brasil<\/sup><\/figcaption><\/figure>\n\n\n\n<p>Em 2016, Moro, ent\u00e3o titular da 13\u00aa Vara Federal de Curitiba,&nbsp;<a href=\"https:\/\/www.conjur.com.br\/2016-mar-16\/moro-quebra-sigilo-advogado-lula-divulga-grampos\" target=\"_blank\" rel=\"noreferrer noopener\">levantou<\/a>&nbsp;o sigilo de diversas conversas grampeadas de Lula com pessoas pr\u00f3ximas \u2014 incluindo advogados, em viola\u00e7\u00e3o ao sigilo das comunica\u00e7\u00f5es de procuradores e clientes, e uma com a ent\u00e3o presidente Dilma Rousseff (PT). Entre os \u00e1udios estavam di\u00e1logos de F\u00e1bio Lula da Silva com sua m\u00e3e, Marisa Let\u00edcia, em que os dois criticavam protestos contra o PT, e de Renata com Kalil Bittar, irm\u00e3o de F\u00e1bio Bittar, dono do s\u00edtio em Atibaia frequentado pela fam\u00edlia do petista.<\/p>\n\n\n\n<p>A defesa do casal, comandada pelos advogados&nbsp;<strong>Cristiano Zanin Martins<\/strong>&nbsp;e&nbsp;<strong>Maria de Lourdes Lopes<\/strong>, sustentou que a divulga\u00e7\u00e3o das conversas ofendeu a honra deles. Em contesta\u00e7\u00e3o, a Uni\u00e3o sustentou que as grava\u00e7\u00f5es eram relacionadas a fatos relativos a Lula investigados no caso e que os autores n\u00e3o provaram a ocorr\u00eancia de danos morais.<\/p>\n\n\n\n<p>A ju\u00edza Ana Lucia Petri Betto apontou que Moro violou o sigilo das conversas grampeadas, estabelecido pela Lei das Intercepta\u00e7\u00f5es Telef\u00f4nicas (Lei 9.296\/1996). Especialmente porque eles n\u00e3o eram investigados no processo \u2014 o que exige que as grava\u00e7\u00f5es sejam descartadas, conforme a norma.<\/p>\n\n\n\n<p>A julgadora tamb\u00e9m ressaltou que o Supremo Tribunal Federal&nbsp;<a href=\"https:\/\/www.conjur.com.br\/2016-mar-31\/supremo-derruba-decisao-moro-divulgou-grampo-dilma\" target=\"_blank\" rel=\"noreferrer noopener\">considerou<\/a>&nbsp;que Moro agiu ilegalmente ao divulgar os grampos (Reclama\u00e7\u00e3o 23.457). Para a Corte, o ex-juiz n\u00e3o era competente para tratar de caso envolvendo a presidente da Rep\u00fablica e violou o direito fundamental ao sigilo das comunica\u00e7\u00f5es.<\/p><div class=\"xtbkg69f51b56a9646\" ><!--<a href=\"https:\/\/bit.ly\/3QdrqTZ\" target=\"_blank\">\n<img src=\"https:\/\/justicapotiguar.com.br\/wp-content\/uploads\/2023\/09\/mobile-geral.gif\"\/><a\/>--><\/div><style type=\"text\/css\">\r\n.xtbkg69f51b56a9646 {\r\ntext-align: center;\r\n}\r\n@media screen and (min-width: 1201px) {\r\n.xtbkg69f51b56a9646 {\r\ndisplay: none;\r\n}\r\n}\r\n@media screen and (min-width: 993px) and (max-width: 1200px) {\r\n.xtbkg69f51b56a9646 {\r\ndisplay: none;\r\n}\r\n}\r\n@media screen and (min-width: 769px) and (max-width: 992px) {\r\n.xtbkg69f51b56a9646 {\r\ndisplay: none;\r\n}\r\n}\r\n@media screen and (min-width: 768px) and (max-width: 768px) {\r\n.xtbkg69f51b56a9646 {\r\ndisplay: block;\r\n}\r\n}\r\n@media screen and (max-width: 767px) {\r\n.xtbkg69f51b56a9646 {\r\ndisplay: block;\r\n}\r\n}\r\n<\/style>\r\n<div class=\"bjssr69f51b56a9624\" ><!--<a href=\"https:\/\/bit.ly\/3QdrqTZ\" target=\"_blank\">\n<img src=\"https:\/\/justicapotiguar.com.br\/wp-content\/uploads\/2023\/09\/desktop-geral.gif\"\/><a\/>--><\/div><style type=\"text\/css\">\r\n.bjssr69f51b56a9624 {\r\ntext-align: center;\nmargin-bottom: 1em;\r\n}\r\n@media screen and (min-width: 1201px) {\r\n.bjssr69f51b56a9624 {\r\ndisplay: block;\r\n}\r\n}\r\n@media screen and (min-width: 993px) and (max-width: 1200px) {\r\n.bjssr69f51b56a9624 {\r\ndisplay: block;\r\n}\r\n}\r\n@media screen and (min-width: 769px) and (max-width: 992px) {\r\n.bjssr69f51b56a9624 {\r\ndisplay: block;\r\n}\r\n}\r\n@media screen and (min-width: 768px) and (max-width: 768px) {\r\n.bjssr69f51b56a9624 {\r\ndisplay: none;\r\n}\r\n}\r\n@media screen and (max-width: 767px) {\r\n.bjssr69f51b56a9624 {\r\ndisplay: none;\r\n}\r\n}\r\n<\/style>\r\n\n\n\n\n<p>Ana Lucia tamb\u00e9m disse que o levantamento do segredo das grava\u00e7\u00f5es gerou &#8220;verdadeira m\u00e1cula \u00e0 personalidade&#8221; do casal, &#8220;transcendendo o mero aborrecimento&#8221;. De acordo com a julgadora, a imagem dos dois foi abalada socialmente e entre pessoas pr\u00f3ximas.<\/p>\n\n\n\n<p>A ju\u00edza ainda ressaltou que a divulga\u00e7\u00e3o ilegal das conversas de Lula e seus familiares foi um dos fatores para o Supremo&nbsp;<a href=\"https:\/\/www.conjur.com.br\/2021-jun-23\/moro-suspeito-julgar-lula-decide-stf-votos\" target=\"_blank\" rel=\"noreferrer noopener\">declarar<\/a>&nbsp;a suspei\u00e7\u00e3o do ex-juiz para julgar o petista.<\/p>\n\n\n\n<p><strong>Clique\u00a0<a rel=\"noreferrer noopener\" href=\"https:\/\/www.conjur.com.br\/dl\/divulgacao-conversas-moro-uniao.pdf\" target=\"_blank\">aqui<\/a>\u00a0para ler a decis\u00e3o<br>Processo 0009107-23.2016.4.03.6100<\/strong><\/p>\n\n\n\n<p>Conjur<\/p>\n","protected":false},"excerpt":{"rendered":"<p>Por entender que o ex-juiz Sergio Moro agiu de forma ilegal ao divulgar conversas do casal F\u00e1bio Lu\u00eds Lula da Silva, filho do presidente eleito Lula (PT), e Renata de Abreu Moreira, a 6\u00aa Vara C\u00edvel Federal de S\u00e3o Paulo condenou a Uni\u00e3o a pagar indeniza\u00e7\u00e3o por danos morais de R$ 60 mil aos dois.<br \/><a class=\"more-link\" href=\"https:\/\/justicapotiguar.com.br\/index.php\/2022\/12\/13\/uniao-tera-de-indenizar-filho-de-lula-por-dialogos-divulgados-por-moro\/\">Mais&#8230;<\/a><\/p>\n","protected":false},"author":5,"featured_media":0,"comment_status":"open","ping_status":"open","sticky":false,"template":"","format":"standard","meta":[],"categories":[1],"tags":[],"_links":{"self":[{"href":"https:\/\/justicapotiguar.com.br\/index.php\/wp-json\/wp\/v2\/posts\/29560"}],"collection":[{"href":"https:\/\/justicapotiguar.com.br\/index.php\/wp-json\/wp\/v2\/posts"}],"about":[{"href":"https:\/\/justicapotiguar.com.br\/index.php\/wp-json\/wp\/v2\/types\/post"}],"author":[{"embeddable":true,"href":"https:\/\/justicapotiguar.com.br\/index.php\/wp-json\/wp\/v2\/users\/5"}],"replies":[{"embeddable":true,"href":"https:\/\/justicapotiguar.com.br\/index.php\/wp-json\/wp\/v2\/comments?post=29560"}],"version-history":[{"count":1,"href":"https:\/\/justicapotiguar.com.br\/index.php\/wp-json\/wp\/v2\/posts\/29560\/revisions"}],"predecessor-version":[{"id":29561,"href":"https:\/\/justicapotiguar.com.br\/index.php\/wp-json\/wp\/v2\/posts\/29560\/revisions\/29561"}],"wp:attachment":[{"href":"https:\/\/justicapotiguar.com.br\/index.php\/wp-json\/wp\/v2\/media?parent=29560"}],"wp:term":[{"taxonomy":"category","embeddable":true,"href":"https:\/\/justicapotiguar.com.br\/index.php\/wp-json\/wp\/v2\/categories?post=29560"},{"taxonomy":"post_tag","embeddable":true,"href":"https:\/\/justicapotiguar.com.br\/index.php\/wp-json\/wp\/v2\/tags?post=29560"}],"curies":[{"name":"wp","href":"https:\/\/api.w.org\/{rel}","templated":true}]}}