{"id":2956,"date":"2019-10-09T09:05:34","date_gmt":"2019-10-09T12:05:34","guid":{"rendered":"https:\/\/justicapotiguar.com.br\/?p=2956"},"modified":"2019-10-09T19:41:56","modified_gmt":"2019-10-09T22:41:56","slug":"barroso-ve-impressionante-quantidade-de-indicios-de-crimes-de-lider-do-governo-no-senado","status":"publish","type":"post","link":"https:\/\/justicapotiguar.com.br\/index.php\/2019\/10\/09\/barroso-ve-impressionante-quantidade-de-indicios-de-crimes-de-lider-do-governo-no-senado\/","title":{"rendered":"Barroso v\u00ea &#8220;impressionante quantidade de ind\u00edcios&#8221; de crimes de l\u00edder do governo no Senado"},"content":{"rendered":"\n<figure class=\"wp-block-image\"><img loading=\"lazy\" width=\"1024\" height=\"683\" src=\"https:\/\/justicapotiguar.com.br\/wp-content\/uploads\/2019\/08\/195054359-luis-roberto-barroso-e-demais-ministros-do-stf-estao-sendo-pressionados-para-se-posicionarem-respeit-1024x683-1024x683.jpg\" alt=\"\" class=\"wp-image-1461\" srcset=\"https:\/\/justicapotiguar.com.br\/wp-content\/uploads\/2019\/08\/195054359-luis-roberto-barroso-e-demais-ministros-do-stf-estao-sendo-pressionados-para-se-posicionarem-respeit-1024x683.jpg 1024w, https:\/\/justicapotiguar.com.br\/wp-content\/uploads\/2019\/08\/195054359-luis-roberto-barroso-e-demais-ministros-do-stf-estao-sendo-pressionados-para-se-posicionarem-respeit-1024x683-300x200.jpg 300w, https:\/\/justicapotiguar.com.br\/wp-content\/uploads\/2019\/08\/195054359-luis-roberto-barroso-e-demais-ministros-do-stf-estao-sendo-pressionados-para-se-posicionarem-respeit-1024x683-768x512.jpg 768w\" sizes=\"(max-width: 1024px) 100vw, 1024px\" \/><figcaption>Foto: Divulga\u00e7ao\/STF<\/figcaption><\/figure>\n\n\n\n<p>Em of\u00edcio encaminhado ao presidente do STF, ministro Dias Toffoli, nesta ter\u00e7a-feira, 8, o ministro&nbsp;<strong>Lu\u00eds Roberto Barroso<\/strong>&nbsp;justificou&nbsp;<a href=\"https:\/\/www.migalhas.com.br\/Quentes\/17,MI311298,81042-PF+faz+buscas+no+Congresso+alvo+e+senador+Fernando+Bezerra+Coelho\" target=\"_blank\" rel=\"noreferrer noopener\">decis\u00e3o<\/a>&nbsp;que autorizou busca e apreens\u00e3o no Senado em setembro. O alvo da a\u00e7\u00e3o foi o senador Fernando Bezerra Coelho, l\u00edder do governo na Casa legislativa.<\/p>\n\n\n\n<p>No of\u00edcio, Barroso apontou &#8220;impressionante quantidade de ind\u00edcios&#8221; de crimes do senador, e diz que o exame criterioso e imparcial dos elementos produzidos&nbsp;<em>&#8220;n\u00e3o conferia a este magistrado outra op\u00e7\u00e3o que n\u00e3o a decreta\u00e7\u00e3o da busca e apreens\u00e3o&#8221;.<\/em><\/p>\n\n\n\n<p>O of\u00edcio 3\/19 foi encaminhado a Dias Toffoli no \u00e2mbito da SL&nbsp;<a href=\"http:\/\/portal.stf.jus.br\/processos\/detalhe.asp?incidente=5780050\" target=\"_blank\" rel=\"noreferrer noopener\">1.252<\/a>, na qual a Mesa do Senado&nbsp;<a href=\"https:\/\/www.migalhas.com.br\/Quentes\/17,MI311702,91041-Senado+pede+para+suspender+decisao+de+Barroso+sobre+busca+e+apreensao\" target=\"_blank\" rel=\"noreferrer noopener\">alega<\/a>&nbsp;que a decis\u00e3o foi gen\u00e9rica, desnecess\u00e1ria e n\u00e3o teria havido qualquer zelo com a captura de informa\u00e7\u00f5es sens\u00edveis que circulam &#8220;em uma das relevantes lideran\u00e7as do Senado da Rep\u00fablica&#8221;. A Mesa afirma ainda que apenas em franca excepcionalidade seria admiss\u00edvel uma medida de busca e apreens\u00e3o no Senado.<\/p>\n\n\n\n<p>Ao justificar a decis\u00e3o, Barroso diz que ela n\u00e3o foi deferida contra ato do Poder P\u00fablico, mas teve por finalidade a obten\u00e7\u00e3o de elementos de prova em um inqu\u00e9rito criminal.&nbsp;<em>&#8220;A medida de busca e apreens\u00e3o n\u00e3o foi movida contra o Senador em raz\u00e3o de sua atua\u00e7\u00e3o em nome do Poder P\u00fablico, mas por ser investigado pela pr\u00e1tica de crimes. Como intuitivo, a suspens\u00e3o de liminar n\u00e3o tem por objetivo proteger investigados em processos criminais.&#8221;<\/em><\/p>\n\n\n\n<p>Segundo Barroso, a Mesa do Senado n\u00e3o teria legitimidade para formular o pedido, afirmando que a busca se limitou especificamente ao gabinete do senador e da lideran\u00e7a do governo, n\u00e3o se estendendo a outras depend\u00eancias da Casa.<em>&nbsp;&#8220;Acredito, portanto, n\u00e3o ter havido qualquer comprometimento das prerrogativas do Senado Federal.&#8221;<\/em><\/p>\n\n\n\n<p><strong>Fundamentos<\/strong><\/p><div class=\"uerdv69f5e41474b0f\" ><!--<a href=\"https:\/\/bit.ly\/3QdrqTZ\" target=\"_blank\">\n<img src=\"https:\/\/justicapotiguar.com.br\/wp-content\/uploads\/2023\/09\/mobile-geral.gif\"\/><a\/>--><\/div><style type=\"text\/css\">\r\n.uerdv69f5e41474b0f {\r\ntext-align: center;\r\n}\r\n@media screen and (min-width: 1201px) {\r\n.uerdv69f5e41474b0f {\r\ndisplay: none;\r\n}\r\n}\r\n@media screen and (min-width: 993px) and (max-width: 1200px) {\r\n.uerdv69f5e41474b0f {\r\ndisplay: none;\r\n}\r\n}\r\n@media screen and (min-width: 769px) and (max-width: 992px) {\r\n.uerdv69f5e41474b0f {\r\ndisplay: none;\r\n}\r\n}\r\n@media screen and (min-width: 768px) and (max-width: 768px) {\r\n.uerdv69f5e41474b0f {\r\ndisplay: block;\r\n}\r\n}\r\n@media screen and (max-width: 767px) {\r\n.uerdv69f5e41474b0f {\r\ndisplay: block;\r\n}\r\n}\r\n<\/style>\r\n<div class=\"giten69f5e41474af9\" ><!--<a href=\"https:\/\/bit.ly\/3QdrqTZ\" target=\"_blank\">\n<img src=\"https:\/\/justicapotiguar.com.br\/wp-content\/uploads\/2023\/09\/desktop-geral.gif\"\/><a\/>--><\/div><style type=\"text\/css\">\r\n.giten69f5e41474af9 {\r\ntext-align: center;\nmargin-bottom: 1em;\r\n}\r\n@media screen and (min-width: 1201px) {\r\n.giten69f5e41474af9 {\r\ndisplay: block;\r\n}\r\n}\r\n@media screen and (min-width: 993px) and (max-width: 1200px) {\r\n.giten69f5e41474af9 {\r\ndisplay: block;\r\n}\r\n}\r\n@media screen and (min-width: 769px) and (max-width: 992px) {\r\n.giten69f5e41474af9 {\r\ndisplay: block;\r\n}\r\n}\r\n@media screen and (min-width: 768px) and (max-width: 768px) {\r\n.giten69f5e41474af9 {\r\ndisplay: none;\r\n}\r\n}\r\n@media screen and (max-width: 767px) {\r\n.giten69f5e41474af9 {\r\ndisplay: none;\r\n}\r\n}\r\n<\/style>\r\n\n\n\n\n<p>Ao fundamentar a decis\u00e3o proferida, Barroso afirma ser equivocada a alega\u00e7\u00e3o do Senado de que o mandato teria por objetivo a busca de provas sobre supostos il\u00edcitos ocorridos h\u00e1 mais de cinco anos e relacionadas \u00e0 \u00e9poca em que Bezerra era ministro de Estado.<\/p>\n\n\n\n<p>O ministro cita ind\u00edcios de pr\u00e1ticas criminosas que teriam persistido at\u00e9 2017 e diz que as suspeitas tamb\u00e9m recaem sobre o filho do senador, o deputado Fernando Bezerra de Souza Coelho Filho.<em>&nbsp;&#8220;Dado que os fatos envolvem, de modo incind\u00edvel, ambos os parlamentares, a investiga\u00e7\u00e3o sobre supostas pr\u00e1ticas criminosas pelo Deputado Federal j\u00e1 seria suficiente para atrair a compet\u00eancia deste Supremo Tribunal Federal para a investiga\u00e7\u00e3o \u2013 e a decreta\u00e7\u00e3o das medidas necess\u00e1rias para torn\u00e1-la eficaz \u2013 do Senador da Rep\u00fablica.&#8221;<\/em><\/p>\n\n\n\n<p>Barroso menciona objetos apreendidos na busca e apreens\u00e3o e aponta que, sem antecipar qualquer ju\u00edzo de valor sobre o m\u00e9rito da investiga\u00e7\u00e3o,&nbsp;<em>&#8220;\u00e9 fato incontest\u00e1vel que a Pol\u00edcia Federal reuniu uma impressionante quantidade de ind\u00edcios de cometimento de crimes por parlamentares \u2013 um Senador da Rep\u00fablica e um Deputado Federal \u2013, juntamente com outros participantes&#8221;<\/em>.<\/p>\n\n\n\n<p><em>&#8220;A execu\u00e7\u00e3o de medidas investigativas em rela\u00e7\u00e3o a um \u00fanico Senador \u2013 com base em ind\u00edcios que legitimariam tal provid\u00eancia em rela\u00e7\u00e3o a qualquer cidad\u00e3o \u2013 n\u00e3o representa afronta \u00e0s prerrogativas do Poder Legislativo. Antes pelo contr\u00e1rio, constitui ato de prote\u00e7\u00e3o institucional, imprescind\u00edvel para preservar seu funcionamento de inger\u00eancias ileg\u00edtimas, contribuindo para sua verdadeira independ\u00eancia, respeitabilidade e credibilidade perante os cidad\u00e3os.&#8221;<\/em><\/p>\n\n\n\n<p><strong>Migalhas<\/strong><\/p>\n","protected":false},"excerpt":{"rendered":"<p>O alvo da a\u00e7\u00e3o foi o senador Fernando Bezerra Coelho, l\u00edder do governo na Casa legislativa.<br \/><a class=\"more-link\" href=\"https:\/\/justicapotiguar.com.br\/index.php\/2019\/10\/09\/barroso-ve-impressionante-quantidade-de-indicios-de-crimes-de-lider-do-governo-no-senado\/\">Mais&#8230;<\/a><\/p>\n","protected":false},"author":5,"featured_media":1461,"comment_status":"open","ping_status":"open","sticky":false,"template":"","format":"standard","meta":[],"categories":[3],"tags":[698,699],"_links":{"self":[{"href":"https:\/\/justicapotiguar.com.br\/index.php\/wp-json\/wp\/v2\/posts\/2956"}],"collection":[{"href":"https:\/\/justicapotiguar.com.br\/index.php\/wp-json\/wp\/v2\/posts"}],"about":[{"href":"https:\/\/justicapotiguar.com.br\/index.php\/wp-json\/wp\/v2\/types\/post"}],"author":[{"embeddable":true,"href":"https:\/\/justicapotiguar.com.br\/index.php\/wp-json\/wp\/v2\/users\/5"}],"replies":[{"embeddable":true,"href":"https:\/\/justicapotiguar.com.br\/index.php\/wp-json\/wp\/v2\/comments?post=2956"}],"version-history":[{"count":1,"href":"https:\/\/justicapotiguar.com.br\/index.php\/wp-json\/wp\/v2\/posts\/2956\/revisions"}],"predecessor-version":[{"id":2957,"href":"https:\/\/justicapotiguar.com.br\/index.php\/wp-json\/wp\/v2\/posts\/2956\/revisions\/2957"}],"wp:featuredmedia":[{"embeddable":true,"href":"https:\/\/justicapotiguar.com.br\/index.php\/wp-json\/wp\/v2\/media\/1461"}],"wp:attachment":[{"href":"https:\/\/justicapotiguar.com.br\/index.php\/wp-json\/wp\/v2\/media?parent=2956"}],"wp:term":[{"taxonomy":"category","embeddable":true,"href":"https:\/\/justicapotiguar.com.br\/index.php\/wp-json\/wp\/v2\/categories?post=2956"},{"taxonomy":"post_tag","embeddable":true,"href":"https:\/\/justicapotiguar.com.br\/index.php\/wp-json\/wp\/v2\/tags?post=2956"}],"curies":[{"name":"wp","href":"https:\/\/api.w.org\/{rel}","templated":true}]}}