{"id":29486,"date":"2022-12-06T19:52:55","date_gmt":"2022-12-06T22:52:55","guid":{"rendered":"https:\/\/justicapotiguar.com.br\/?p=29486"},"modified":"2022-12-06T19:52:55","modified_gmt":"2022-12-06T22:52:55","slug":"video-subprocuradora-reclama-do-servico-de-motoristas-da-pgr-fiquei-brava-e-pedi-um-uber","status":"publish","type":"post","link":"https:\/\/justicapotiguar.com.br\/index.php\/2022\/12\/06\/video-subprocuradora-reclama-do-servico-de-motoristas-da-pgr-fiquei-brava-e-pedi-um-uber\/","title":{"rendered":"V\u00cdDEO: Subprocuradora reclama do servi\u00e7o de motoristas da PGR: \u201cFiquei brava e pedi um Uber\u201d"},"content":{"rendered":"\n<p>A subprocuradora-geral da Rep\u00fablica Elizete Ramos reclamou, durante uma sess\u00e3o do Conselho Superior nesta ter\u00e7a-feira (6\/12), do servi\u00e7o de motoristas da\u00a0Procuradoria Geral da Rep\u00fablica, que, segundo ela, obrigou-a a ter que pedir um Uber.<\/p>\n\n\n\n<figure class=\"wp-block-embed is-type-video is-provider-youtube wp-block-embed-youtube wp-embed-aspect-16-9 wp-has-aspect-ratio\"><div class=\"wp-block-embed__wrapper\">\n<iframe loading=\"lazy\" title=\"&quot;Pedi Uber&quot;, diz subprocuradora ao reclamar do servi\u00e7o de motoristas da PGR\" width=\"640\" height=\"360\" src=\"https:\/\/www.youtube.com\/embed\/mcOWrcRvi4w?feature=oembed\" frameborder=\"0\" allow=\"accelerometer; autoplay; clipboard-write; encrypted-media; gyroscope; picture-in-picture\" allowfullscreen><\/iframe>\n<\/div><\/figure>\n\n\n\n<p>\u201cEu perdi meu motorista por causa de f\u00e9rias. Foram dados tr\u00eas meses de f\u00e9rias direto pra ele, eu n\u00e3o entendo bem como que a administra\u00e7\u00e3o d\u00e1 tr\u00eas meses de f\u00e9rias para um motorista e n\u00e3o reverte isso\u201d, reclamou Ramos ao PGR&nbsp;Augusto Aras.<\/p>\n\n\n\n<p>A subprocuradora continuou a cr\u00edtica ao sistema de motoristas:<\/p>\n\n\n\n<p>\u201cEu marquei com um motorista para me buscar \u00e0s 8h30 da manh\u00e3 em casa. Deu 8h30 e nada. Eu liguei para o servi\u00e7o de transporte e fui informada que n\u00e3o tinha motorista. A\u00ed eu fiquei brava! Imediatamente eu pedi um Uber. \u2018Ah, mas subprocurador n\u00e3o pode andar de uber?\u2019, claro que pode n\u00e9, a gente pode\u201d, disse em tom ir\u00f4nico.<\/p><div class=\"hhesc69f50ac40897f\" ><!--<a href=\"https:\/\/bit.ly\/3QdrqTZ\" target=\"_blank\">\n<img src=\"https:\/\/justicapotiguar.com.br\/wp-content\/uploads\/2023\/09\/mobile-geral.gif\"\/><a\/>--><\/div><style type=\"text\/css\">\r\n.hhesc69f50ac40897f {\r\ntext-align: center;\r\n}\r\n@media screen and (min-width: 1201px) {\r\n.hhesc69f50ac40897f {\r\ndisplay: none;\r\n}\r\n}\r\n@media screen and (min-width: 993px) and (max-width: 1200px) {\r\n.hhesc69f50ac40897f {\r\ndisplay: none;\r\n}\r\n}\r\n@media screen and (min-width: 769px) and (max-width: 992px) {\r\n.hhesc69f50ac40897f {\r\ndisplay: none;\r\n}\r\n}\r\n@media screen and (min-width: 768px) and (max-width: 768px) {\r\n.hhesc69f50ac40897f {\r\ndisplay: block;\r\n}\r\n}\r\n@media screen and (max-width: 767px) {\r\n.hhesc69f50ac40897f {\r\ndisplay: block;\r\n}\r\n}\r\n<\/style>\r\n<div class=\"lxhbo69f50ac408961\" ><!--<a href=\"https:\/\/bit.ly\/3QdrqTZ\" target=\"_blank\">\n<img src=\"https:\/\/justicapotiguar.com.br\/wp-content\/uploads\/2023\/09\/desktop-geral.gif\"\/><a\/>--><\/div><style type=\"text\/css\">\r\n.lxhbo69f50ac408961 {\r\ntext-align: center;\nmargin-bottom: 1em;\r\n}\r\n@media screen and (min-width: 1201px) {\r\n.lxhbo69f50ac408961 {\r\ndisplay: block;\r\n}\r\n}\r\n@media screen and (min-width: 993px) and (max-width: 1200px) {\r\n.lxhbo69f50ac408961 {\r\ndisplay: block;\r\n}\r\n}\r\n@media screen and (min-width: 769px) and (max-width: 992px) {\r\n.lxhbo69f50ac408961 {\r\ndisplay: block;\r\n}\r\n}\r\n@media screen and (min-width: 768px) and (max-width: 768px) {\r\n.lxhbo69f50ac408961 {\r\ndisplay: none;\r\n}\r\n}\r\n@media screen and (max-width: 767px) {\r\n.lxhbo69f50ac408961 {\r\ndisplay: none;\r\n}\r\n}\r\n<\/style>\r\n\n\n\n\n<p>Ramos questionou Aras se o sistema de transporte iria continuar \u201cuma dolorosa interroga\u00e7\u00e3o\u201d e reclamou, mais uma vez, de ter que pegar Uber e n\u00e3o motoristas particulares da PGR.<\/p>\n\n\n\n<p>\u201cCada vez que eu pedir um motorista, no dia seguinte vai ser uma dolorosa interroga\u00e7\u00e3o? Ele vai ou n\u00e3o? Eu vou ter que ligar pra c\u00e1? Eu vou ter que pegar Uber? N\u00e3o pode ficar um motorista respons\u00e1vel?\u201d, questionou, irritada.<\/p>\n\n\n\n<p>Metr\u00f3poles<\/p>\n","protected":false},"excerpt":{"rendered":"<p>A subprocuradora-geral da Rep\u00fablica Elizete Ramos reclamou, durante uma sess\u00e3o do Conselho Superior nesta ter\u00e7a-feira (6\/12), do servi\u00e7o de motoristas da\u00a0Procuradoria Geral da Rep\u00fablica, que, segundo ela, obrigou-a a ter que pedir um Uber. \u201cEu perdi meu motorista por causa de f\u00e9rias. Foram dados tr\u00eas meses de f\u00e9rias direto pra ele, eu n\u00e3o entendo bem<br \/><a class=\"more-link\" href=\"https:\/\/justicapotiguar.com.br\/index.php\/2022\/12\/06\/video-subprocuradora-reclama-do-servico-de-motoristas-da-pgr-fiquei-brava-e-pedi-um-uber\/\">Mais&#8230;<\/a><\/p>\n","protected":false},"author":5,"featured_media":0,"comment_status":"open","ping_status":"open","sticky":false,"template":"","format":"standard","meta":[],"categories":[1],"tags":[],"_links":{"self":[{"href":"https:\/\/justicapotiguar.com.br\/index.php\/wp-json\/wp\/v2\/posts\/29486"}],"collection":[{"href":"https:\/\/justicapotiguar.com.br\/index.php\/wp-json\/wp\/v2\/posts"}],"about":[{"href":"https:\/\/justicapotiguar.com.br\/index.php\/wp-json\/wp\/v2\/types\/post"}],"author":[{"embeddable":true,"href":"https:\/\/justicapotiguar.com.br\/index.php\/wp-json\/wp\/v2\/users\/5"}],"replies":[{"embeddable":true,"href":"https:\/\/justicapotiguar.com.br\/index.php\/wp-json\/wp\/v2\/comments?post=29486"}],"version-history":[{"count":1,"href":"https:\/\/justicapotiguar.com.br\/index.php\/wp-json\/wp\/v2\/posts\/29486\/revisions"}],"predecessor-version":[{"id":29487,"href":"https:\/\/justicapotiguar.com.br\/index.php\/wp-json\/wp\/v2\/posts\/29486\/revisions\/29487"}],"wp:attachment":[{"href":"https:\/\/justicapotiguar.com.br\/index.php\/wp-json\/wp\/v2\/media?parent=29486"}],"wp:term":[{"taxonomy":"category","embeddable":true,"href":"https:\/\/justicapotiguar.com.br\/index.php\/wp-json\/wp\/v2\/categories?post=29486"},{"taxonomy":"post_tag","embeddable":true,"href":"https:\/\/justicapotiguar.com.br\/index.php\/wp-json\/wp\/v2\/tags?post=29486"}],"curies":[{"name":"wp","href":"https:\/\/api.w.org\/{rel}","templated":true}]}}