{"id":29428,"date":"2022-12-01T15:47:43","date_gmt":"2022-12-01T18:47:43","guid":{"rendered":"https:\/\/justicapotiguar.com.br\/?p=29428"},"modified":"2022-12-01T15:47:43","modified_gmt":"2022-12-01T18:47:43","slug":"trabalhador-que-se-recusou-a-tomar-vacina-tem-justa-causa-mantida","status":"publish","type":"post","link":"https:\/\/justicapotiguar.com.br\/index.php\/2022\/12\/01\/trabalhador-que-se-recusou-a-tomar-vacina-tem-justa-causa-mantida\/","title":{"rendered":"Trabalhador que se recusou a tomar vacina tem justa causa mantida"},"content":{"rendered":"\n<p>A Justi\u00e7a do Trabalho manteve a demiss\u00e3o por justa causa de auxiliar de servi\u00e7os gerais de um frigor\u00edfico da regi\u00e3o de Paranatinga que se recusou a tomar vacina contra a covid-19. A decis\u00e3o \u00e9 da 1\u00aa turma do TRT da 23\u00aa regi\u00e3o. Os desembargadores confirmaram a senten\u00e7a proferida pela vara de Primavera do Leste.<\/p>\n\n\n\n<p>O trabalhador come\u00e7ou a atuar na empresa em outubro de 2020, durante o primeiro ano da pandemia. Quando as vacinas come\u00e7aram a ser aplicadas na popula\u00e7\u00e3o, a empresa realizou campanhas de conscientiza\u00e7\u00e3o com os trabalhadores sobre a import\u00e2ncia do imunizante. Diante da recusa em ser vacinado, o trabalhador foi dispensado por justa causa em novembro de 2021.<\/p>\n\n\n\n<p>O ex-empregado procurou a Justi\u00e7a do Trabalho para reverter a justa causa alegando que n\u00e3o tomou o imunizante por acreditar que o produto n\u00e3o tem 100% de comprova\u00e7\u00e3o de preven\u00e7\u00e3o da doen\u00e7a, al\u00e9m das d\u00favidas sobre as consequ\u00eancias futuras para o corpo humano. Disse ainda que tomava todas as medidas necess\u00e1rias para n\u00e3o se contaminar e afirmou que n\u00e3o existe legisla\u00e7\u00e3o que obrigue a vacina\u00e7\u00e3o.<\/p>\n\n\n\n<p>Ao se defender no processo, a empresa enfatizou que ele foi avisado sobre a import\u00e2ncia da vacina\u00e7\u00e3o para o controle da doen\u00e7a e que outros trabalhadores foram demitidos pelo mesmo motivo.<\/p>\n\n\n\n<p><br>Ao tra\u00e7ar um panorama da covid-19 no Brasil e decis\u00f5es de outros tribunais em casos semelhantes, a relatora do processo, desembargadora Eliney Veloso, acompanhada por unanimidade pelos outros desembargadores, concluiu que \u00e9 leg\u00edtima a dispensa por justa causa na hip\u00f3tese de recusa vacinal imotivada do empregado.<\/p><div class=\"qqvxz69f3132714d67\" ><!--<a href=\"https:\/\/bit.ly\/3QdrqTZ\" target=\"_blank\">\n<img src=\"https:\/\/justicapotiguar.com.br\/wp-content\/uploads\/2023\/09\/mobile-geral.gif\"\/><a\/>--><\/div><style type=\"text\/css\">\r\n.qqvxz69f3132714d67 {\r\ntext-align: center;\r\n}\r\n@media screen and (min-width: 1201px) {\r\n.qqvxz69f3132714d67 {\r\ndisplay: none;\r\n}\r\n}\r\n@media screen and (min-width: 993px) and (max-width: 1200px) {\r\n.qqvxz69f3132714d67 {\r\ndisplay: none;\r\n}\r\n}\r\n@media screen and (min-width: 769px) and (max-width: 992px) {\r\n.qqvxz69f3132714d67 {\r\ndisplay: none;\r\n}\r\n}\r\n@media screen and (min-width: 768px) and (max-width: 768px) {\r\n.qqvxz69f3132714d67 {\r\ndisplay: block;\r\n}\r\n}\r\n@media screen and (max-width: 767px) {\r\n.qqvxz69f3132714d67 {\r\ndisplay: block;\r\n}\r\n}\r\n<\/style>\r\n<div class=\"ffzkl69f3132714d50\" ><!--<a href=\"https:\/\/bit.ly\/3QdrqTZ\" target=\"_blank\">\n<img src=\"https:\/\/justicapotiguar.com.br\/wp-content\/uploads\/2023\/09\/desktop-geral.gif\"\/><a\/>--><\/div><style type=\"text\/css\">\r\n.ffzkl69f3132714d50 {\r\ntext-align: center;\nmargin-bottom: 1em;\r\n}\r\n@media screen and (min-width: 1201px) {\r\n.ffzkl69f3132714d50 {\r\ndisplay: block;\r\n}\r\n}\r\n@media screen and (min-width: 993px) and (max-width: 1200px) {\r\n.ffzkl69f3132714d50 {\r\ndisplay: block;\r\n}\r\n}\r\n@media screen and (min-width: 769px) and (max-width: 992px) {\r\n.ffzkl69f3132714d50 {\r\ndisplay: block;\r\n}\r\n}\r\n@media screen and (min-width: 768px) and (max-width: 768px) {\r\n.ffzkl69f3132714d50 {\r\ndisplay: none;\r\n}\r\n}\r\n@media screen and (max-width: 767px) {\r\n.ffzkl69f3132714d50 {\r\ndisplay: none;\r\n}\r\n}\r\n<\/style>\r\n\n\n\n\n<div class=\"wp-block-image\"><figure class=\"aligncenter size-large is-resized\"><img loading=\"lazy\" src=\"https:\/\/justicapotiguar.com.br\/wp-content\/uploads\/2021\/01\/vacinacao.jpeg\" alt=\"\" class=\"wp-image-16057\" width=\"488\" height=\"349\" srcset=\"https:\/\/justicapotiguar.com.br\/wp-content\/uploads\/2021\/01\/vacinacao.jpeg 355w, https:\/\/justicapotiguar.com.br\/wp-content\/uploads\/2021\/01\/vacinacao-300x215.jpeg 300w\" sizes=\"(max-width: 488px) 100vw, 488px\" \/><figcaption>Reprodu\u00e7\u00e3o<\/figcaption><\/figure><\/div>\n\n\n\n<p>&#8220;Embora se reconhe\u00e7a a autonomia da vontade do trabalhador e o respeito \u00e0s suas ideologias, nesse contexto at\u00edpico da pandemia, que lamentavelmente j\u00e1 ceifou (at\u00e9 a data de elabora\u00e7\u00e3o deste voto) mais de 677 mil vidas no Brasil, se faz necess\u00e1ria a obrigatoriedade vacinal na busca da conten\u00e7\u00e3o da pandemia e da prote\u00e7\u00e3o de toda a sociedade.&#8221;<\/p>\n\n\n\n<p>Conforme a decis\u00e3o, ficou comprovado que o trabalhador foi devidamente orientado sobre a import\u00e2ncia da vacina, advertido por ato de indisciplina e ainda recebeu uma oportunidade de refletir melhor sobre o tema.<\/p>\n\n\n\n<p>&#8220;N\u00e3o \u00e9 razo\u00e1vel dar guarida a trabalhadores que recusam a imuniza\u00e7\u00e3o sem justificativa plaus\u00edvel, pois as escolhas individuais n\u00e3o podem se sobrepor \u00e0 coletividade, muito menos prejudic\u00e1-la. Portanto, n\u00e3o h\u00e1 o que reformar na senten\u00e7a revisada, cujos fundamentos confirmo integralmente.&#8221;<\/p>\n\n\n\n<p>Processo: 0000105-10.2022.5.23.0076<br>Leia o ac\u00f3rd\u00e3o.<\/p>\n\n\n\n<p><\/p>\n","protected":false},"excerpt":{"rendered":"<p>A Justi\u00e7a do Trabalho manteve a demiss\u00e3o por justa causa de auxiliar de servi\u00e7os gerais de um frigor\u00edfico da regi\u00e3o de Paranatinga que se recusou a tomar vacina contra a covid-19. A decis\u00e3o \u00e9 da 1\u00aa turma do TRT da 23\u00aa regi\u00e3o. Os desembargadores confirmaram a senten\u00e7a proferida pela vara de Primavera do Leste. O<br \/><a class=\"more-link\" href=\"https:\/\/justicapotiguar.com.br\/index.php\/2022\/12\/01\/trabalhador-que-se-recusou-a-tomar-vacina-tem-justa-causa-mantida\/\">Mais&#8230;<\/a><\/p>\n","protected":false},"author":5,"featured_media":0,"comment_status":"open","ping_status":"open","sticky":false,"template":"","format":"standard","meta":[],"categories":[1],"tags":[],"_links":{"self":[{"href":"https:\/\/justicapotiguar.com.br\/index.php\/wp-json\/wp\/v2\/posts\/29428"}],"collection":[{"href":"https:\/\/justicapotiguar.com.br\/index.php\/wp-json\/wp\/v2\/posts"}],"about":[{"href":"https:\/\/justicapotiguar.com.br\/index.php\/wp-json\/wp\/v2\/types\/post"}],"author":[{"embeddable":true,"href":"https:\/\/justicapotiguar.com.br\/index.php\/wp-json\/wp\/v2\/users\/5"}],"replies":[{"embeddable":true,"href":"https:\/\/justicapotiguar.com.br\/index.php\/wp-json\/wp\/v2\/comments?post=29428"}],"version-history":[{"count":1,"href":"https:\/\/justicapotiguar.com.br\/index.php\/wp-json\/wp\/v2\/posts\/29428\/revisions"}],"predecessor-version":[{"id":29429,"href":"https:\/\/justicapotiguar.com.br\/index.php\/wp-json\/wp\/v2\/posts\/29428\/revisions\/29429"}],"wp:attachment":[{"href":"https:\/\/justicapotiguar.com.br\/index.php\/wp-json\/wp\/v2\/media?parent=29428"}],"wp:term":[{"taxonomy":"category","embeddable":true,"href":"https:\/\/justicapotiguar.com.br\/index.php\/wp-json\/wp\/v2\/categories?post=29428"},{"taxonomy":"post_tag","embeddable":true,"href":"https:\/\/justicapotiguar.com.br\/index.php\/wp-json\/wp\/v2\/tags?post=29428"}],"curies":[{"name":"wp","href":"https:\/\/api.w.org\/{rel}","templated":true}]}}