{"id":29365,"date":"2022-11-28T10:24:00","date_gmt":"2022-11-28T13:24:00","guid":{"rendered":"https:\/\/justicapotiguar.com.br\/?p=29365"},"modified":"2022-11-28T10:23:55","modified_gmt":"2022-11-28T13:23:55","slug":"juizes-federais-ganham-penduricalho-por-tempo-de-servico-e-podem-embolsar-ate-r-2-milhoes","status":"publish","type":"post","link":"https:\/\/justicapotiguar.com.br\/index.php\/2022\/11\/28\/juizes-federais-ganham-penduricalho-por-tempo-de-servico-e-podem-embolsar-ate-r-2-milhoes\/","title":{"rendered":"Ju\u00edzes federais ganham penduricalho por tempo de servi\u00e7o e podem embolsar at\u00e9 R$ 2 milh\u00f5es"},"content":{"rendered":"\n<figure class=\"wp-block-image size-large\"><img loading=\"lazy\" width=\"640\" height=\"427\" src=\"https:\/\/justicapotiguar.com.br\/wp-content\/uploads\/2019\/09\/juizes.jpg\" alt=\"\" class=\"wp-image-2488\" srcset=\"https:\/\/justicapotiguar.com.br\/wp-content\/uploads\/2019\/09\/juizes.jpg 640w, https:\/\/justicapotiguar.com.br\/wp-content\/uploads\/2019\/09\/juizes-300x200.jpg 300w\" sizes=\"(max-width: 640px) 100vw, 640px\" \/><figcaption>Ilustrativa<\/figcaption><\/figure>\n\n\n\n<p>\u00d3rg\u00e3o administrativo e de fiscaliza\u00e7\u00e3o, o Conselho da Justi\u00e7a Federal (CJF) restabeleceu para magistrados desse ramo do Poder Judici\u00e1rio um benef\u00edcio salarial extinto h\u00e1 16 anos. Conhecido como quinqu\u00eanio, o aumento autom\u00e1tico de 5% nos vencimentos a cada cinco anos voltar\u00e1 a cair nos contracheques de quem ingressou na carreira federal at\u00e9 2006. A medida prev\u00ea ainda o pagamento retroativo do penduricalho com corre\u00e7\u00e3o pela infla\u00e7\u00e3o.<\/p>\n\n\n\n<p>O conselho afirma n\u00e3o ter a estimativa do impacto financeiro da decis\u00e3o tomada no dia 16 deste m\u00eas. S\u00e3o contemplados apenas integrantes da Justi\u00e7a Federal \u2013 Minist\u00e9rio P\u00fablico, Justi\u00e7a do Trabalho e Justi\u00e7as Estaduais n\u00e3o respondem ao \u00f3rg\u00e3o. Segundo proje\u00e7\u00e3o do consultor legislativo do Senado Luiz Alberto dos Santos, feita a pedido do Estad\u00e3o, um juiz empossado em 1995, por exemplo, poder\u00e1 receber R$ 2 milh\u00f5es em atrasados.<\/p>\n\n\n\n<p>O adicional por tempo de servi\u00e7o (ATS) e uma s\u00e9rie de vantagens que ficavam de fora do teto foram eliminados pelo Conselho Nacional de Justi\u00e7a (CNJ) \u2013 \u00f3rg\u00e3o de controle de todo o Judici\u00e1rio. Na \u00e9poca, o vencimento da magistratura fora limitado a R$ 21 mil, equivalentes ao que recebiam os ministros do Supremo Tribunal Federal (STF). Hoje, o teto \u00e9 de R$ 39,3 mil, e, se aprovado no Congresso o reajuste de 18% pedido pela Corte, chegar\u00e1 a R$ 46,3 mil.<\/p>\n\n\n\n<p>Em maio deste ano, o Senado retomou o debate para ressuscitar o ATS acima do teto nas folhas de pagamento de ju\u00edzes e tamb\u00e9m procuradores. Foi uma nota t\u00e9cnica de Santos que alertou os impactos da proposta de emenda \u00e0 Constitui\u00e7\u00e3o (PEC) que recria o benef\u00edcio de forma mais abrangente \u2013 R$ 7,5 bilh\u00f5es anuais. Deixado de lado na via legislativa, o adicional agora volta para parte da magistratura federal pela via administrativa.<\/p>\n\n\n\n<p>O CJF atendeu a um pedido da Associa\u00e7\u00e3o dos Ju\u00edzes Federais (Ajufe). A entidade argumenta que o adicional n\u00e3o podia ter sido cancelado para ju\u00edzes que tivessem o alegado direito adquirido antes da decis\u00e3o do CNJ. A entidade usou como base precedente do STF que beneficiou servidores e considerou que o b\u00f4nus deveria continuar a valer para aqueles que j\u00e1 o recebiam.<\/p>\n\n\n\n<p>Respons\u00e1vel por julgar a demanda, o CJF \u00e9 um colegiado formado em parte por integrantes da pr\u00f3pria Justi\u00e7a Federal. Comp\u00f5em o \u00f3rg\u00e3o ministros do Superior Tribunal de Justi\u00e7a (STJ) e desembargadores federais.<\/p>\n\n\n\n<p>Relatora do caso e presidente do STJ e do CJF, Maria Thereza de Assis Moura votou contra o pedido. Segundo a ministra, no processo citado como precedente \u201co autor era um servidor estadual aposentado que n\u00e3o recebia seu benef\u00edcio pelo regime de subs\u00eddio\u201d, que, adotado na magistratura, prev\u00ea pagamento em parcela \u00fanica, sem gratifica\u00e7\u00f5es e adicionais.<\/p>\n\n\n\n<p>A presidente do Tribunal Regional Federal da 6.\u00aa Regi\u00e3o (TRF-6), M\u00f4nica Sifuentes, por sua vez, abriu diverg\u00eancia. A desembargadora afirmou que a implementa\u00e7\u00e3o do regime de subs\u00eddio n\u00e3o devia eliminar o adicional, apontado por ela como um dos \u201cdireitos adquiridos e atos jur\u00eddicos formal e materialmente\u201d vigentes desde o modelo anterior.<\/p>\n\n\n\n<p>N\u00e3o raro (as entidades de magistrados) obt\u00eam decis\u00f5es favor\u00e1veis ao reconhecimento do pagamento de indeniza\u00e7\u00f5es (nos conselhos). Ou seja, reconhecem a si mesmos um direito e a forma de satisfaz\u00ea-lo. (Rafael Viegas, pesquisador do sistema de Justi\u00e7a na Funda\u00e7\u00e3o Getulio Vargas (FGV)).<\/p>\n\n\n\n<p>A tese de Sifuentes venceu por sete a quatro. Conforme a decis\u00e3o, ficou estabelecida a \u201creintrodu\u00e7\u00e3o\u201d do adicional \u00e0 \u201cfolha de pagamento, em parcela separada, sujeita \u00e0 corre\u00e7\u00e3o pelos mesmos \u00edndices de reajuste do subs\u00eddio, e o pagamento, respeitando o teto remunerat\u00f3rio do servi\u00e7o p\u00fablico\u201d. Em uma nota distribu\u00edda aos magistrados logo ap\u00f3s o fim da sess\u00e3o no conselho, a entidade autora do pedido afirma que o caso \u00e9 uma \u201cvit\u00f3ria hist\u00f3rica da Ajufe e da magistratura federal\u201d.<\/p>\n\n\n\n<p>Benef\u00edcios concedidos por vias administrativas s\u00e3o alvo de cr\u00edticas. Como mostrou o Estad\u00e3o em abril, as associa\u00e7\u00f5es recorrem aos \u00f3rg\u00e3os de controle para obter vantagens financeiras. Pesquisador do sistema de Justi\u00e7a na Funda\u00e7\u00e3o Getulio Vargas (FGV), Rafael Viegas afirmou que as entidades atuam em uma \u201czona cinzenta, que n\u00e3o separa o interesse p\u00fablico \u2013 o Estado \u2013 do que \u00e9 o interesse privado \u2013 seus associados\u201d.<\/p>\n\n\n\n<p>Segundo Viegas, quando o lobby das entidades n\u00e3o d\u00e1 certo no Congresso, elas provocam os conselhos ou a pr\u00f3pria Justi\u00e7a, \u201cuma estrutura\u201d que tentam \u201ccontrolar por meio de sua composi\u00e7\u00e3o\u201d. \u201cN\u00e3o raro (as entidades) obt\u00eam decis\u00f5es favor\u00e1veis ao reconhecimento do pagamento de indeniza\u00e7\u00f5es. Ou seja, reconhecem a si mesmos um direito e a forma de satisfaz\u00ea-lo\u201d, disse.<\/p>\n\n\n\n<p>Na forma como a decis\u00e3o foi proferida, eu a vejo como il\u00edcita. Tem car\u00e1ter meramente administrativo. E ela tende a ser estendida aos magistrados do trabalho, pelo \u00f3rg\u00e3o equivalente da Justi\u00e7a do Trabalho. (Luiz Alberto dos Santos, consultor legislativo do Senado)<\/p><div class=\"fwvuz69ed9d422a663\" ><!--<a href=\"https:\/\/bit.ly\/3QdrqTZ\" target=\"_blank\">\n<img src=\"https:\/\/justicapotiguar.com.br\/wp-content\/uploads\/2023\/09\/mobile-geral.gif\"\/><a\/>--><\/div><style type=\"text\/css\">\r\n.fwvuz69ed9d422a663 {\r\ntext-align: center;\r\n}\r\n@media screen and (min-width: 1201px) {\r\n.fwvuz69ed9d422a663 {\r\ndisplay: none;\r\n}\r\n}\r\n@media screen and (min-width: 993px) and (max-width: 1200px) {\r\n.fwvuz69ed9d422a663 {\r\ndisplay: none;\r\n}\r\n}\r\n@media screen and (min-width: 769px) and (max-width: 992px) {\r\n.fwvuz69ed9d422a663 {\r\ndisplay: none;\r\n}\r\n}\r\n@media screen and (min-width: 768px) and (max-width: 768px) {\r\n.fwvuz69ed9d422a663 {\r\ndisplay: block;\r\n}\r\n}\r\n@media screen and (max-width: 767px) {\r\n.fwvuz69ed9d422a663 {\r\ndisplay: block;\r\n}\r\n}\r\n<\/style>\r\n<div class=\"iumai69ed9d422a645\" ><!--<a href=\"https:\/\/bit.ly\/3QdrqTZ\" target=\"_blank\">\n<img src=\"https:\/\/justicapotiguar.com.br\/wp-content\/uploads\/2023\/09\/desktop-geral.gif\"\/><a\/>--><\/div><style type=\"text\/css\">\r\n.iumai69ed9d422a645 {\r\ntext-align: center;\nmargin-bottom: 1em;\r\n}\r\n@media screen and (min-width: 1201px) {\r\n.iumai69ed9d422a645 {\r\ndisplay: block;\r\n}\r\n}\r\n@media screen and (min-width: 993px) and (max-width: 1200px) {\r\n.iumai69ed9d422a645 {\r\ndisplay: block;\r\n}\r\n}\r\n@media screen and (min-width: 769px) and (max-width: 992px) {\r\n.iumai69ed9d422a645 {\r\ndisplay: block;\r\n}\r\n}\r\n@media screen and (min-width: 768px) and (max-width: 768px) {\r\n.iumai69ed9d422a645 {\r\ndisplay: none;\r\n}\r\n}\r\n@media screen and (max-width: 767px) {\r\n.iumai69ed9d422a645 {\r\ndisplay: none;\r\n}\r\n}\r\n<\/style>\r\n\n\n\n\n<p>Ao Estad\u00e3o, o CJF afirma, em nota, que \u201cn\u00e3o haver\u00e1 efeito econ\u00f4mico nos meses em que o magistrado estiver acumulando acervo\u201d. A medida, por\u00e9m, abre precedente. \u201cNa forma como a decis\u00e3o foi proferida, eu a vejo como il\u00edcita. Tem car\u00e1ter meramente administrativo. E ela tende a ser estendida aos magistrados do trabalho, pelo \u00f3rg\u00e3o equivalente da Justi\u00e7a do Trabalho (o Conselho Superior da Justi\u00e7a do Trabalho)\u201d, disse Santos, consultor legislativo do Senado.<\/p>\n\n\n\n<p>Em nota, a Ajufe afirma que o pedido \u201cteve por base o entendimento do STF de que todos os ju\u00edzes brasileiros devem ter igual tratamento\u201d. \u201cPor esse entendimento, ficam assegurados aos ju\u00edzes federais todos os direitos garantidos aos magistrados da Justi\u00e7a Estadual, assim como o contr\u00e1rio\u201d, diz a associa\u00e7\u00e3o.<\/p>\n\n\n\n<p>Por esse entendimento (de tratamento igualit\u00e1rio entre os magistrados brasileiros), ficam assegurados aos ju\u00edzes federais todos os direitos garantidos aos magistrados da Justi\u00e7a Estadual, assim como o contr\u00e1rio.<\/p>\n\n\n\n<p>A Ajufe afirma que qualquer vencimento na magistratura se limita ao teto. \u201cAdemais, os valores devidos aos benefici\u00e1rios estar\u00e3o sujeitos a todos os tributos devidos, especialmente contribui\u00e7\u00e3o para a Previd\u00eancia e Imposto de Renda.\u201d<\/p>\n\n\n\n<p>O Adicional por Tempo de Servi\u00e7o (ATS) corresponde a um reajuste de 5% a cada cinco anos.<\/p>\n\n\n\n<p>-Em 2006, o ATS foi extinto pelo Conselho Nacional de Justi\u00e7a (CNJ);<\/p>\n\n\n\n<p>-Em 2013, o ent\u00e3o senador Gim Argello (\u00e0 \u00e9poca no PTB-DF) apresentou PEC que prev\u00ea a volta do ATS, sem respeito ao teto;<\/p>\n\n\n\n<p>-Em 2022, a PEC entrou na pauta do Senado, mas n\u00e3o foi votada;<\/p>\n\n\n\n<p>-Estudo da Consultoria Legislativa do Senado mostra que o impacto da PEC seria de R$ 7,5 bilh\u00f5es por ano;<\/p>\n\n\n\n<p>-Sem sucesso no Congresso, ju\u00edzes federais conseguiram uma decis\u00e3o administrativa via Conselho da Justi\u00e7a Federal (CJF);<\/p>\n\n\n\n<p>-A decis\u00e3o atende a pedido da Associa\u00e7\u00e3o dos Ju\u00edzes Federais (Ajufe), beneficia quem estava na carreira desde antes de 2006 e prev\u00ea respeito ao teto;<\/p>\n\n\n\n<p>-Nem o CJF nem a Ajufe sabem especificar o impacto or\u00e7ament\u00e1rio da medida.<\/p>\n\n\n\n<p><strong>Estad\u00e3o<\/strong>&nbsp;<\/p>\n","protected":false},"excerpt":{"rendered":"<p>\u00d3rg\u00e3o administrativo e de fiscaliza\u00e7\u00e3o, o Conselho da Justi\u00e7a Federal (CJF) restabeleceu para magistrados desse ramo do Poder Judici\u00e1rio um benef\u00edcio salarial extinto h\u00e1 16 anos. Conhecido como quinqu\u00eanio, o aumento autom\u00e1tico de 5% nos vencimentos a cada cinco anos voltar\u00e1 a cair nos contracheques de quem ingressou na carreira federal at\u00e9 2006. A medida<br \/><a class=\"more-link\" href=\"https:\/\/justicapotiguar.com.br\/index.php\/2022\/11\/28\/juizes-federais-ganham-penduricalho-por-tempo-de-servico-e-podem-embolsar-ate-r-2-milhoes\/\">Mais&#8230;<\/a><\/p>\n","protected":false},"author":5,"featured_media":0,"comment_status":"open","ping_status":"open","sticky":false,"template":"","format":"standard","meta":[],"categories":[1],"tags":[],"_links":{"self":[{"href":"https:\/\/justicapotiguar.com.br\/index.php\/wp-json\/wp\/v2\/posts\/29365"}],"collection":[{"href":"https:\/\/justicapotiguar.com.br\/index.php\/wp-json\/wp\/v2\/posts"}],"about":[{"href":"https:\/\/justicapotiguar.com.br\/index.php\/wp-json\/wp\/v2\/types\/post"}],"author":[{"embeddable":true,"href":"https:\/\/justicapotiguar.com.br\/index.php\/wp-json\/wp\/v2\/users\/5"}],"replies":[{"embeddable":true,"href":"https:\/\/justicapotiguar.com.br\/index.php\/wp-json\/wp\/v2\/comments?post=29365"}],"version-history":[{"count":1,"href":"https:\/\/justicapotiguar.com.br\/index.php\/wp-json\/wp\/v2\/posts\/29365\/revisions"}],"predecessor-version":[{"id":29366,"href":"https:\/\/justicapotiguar.com.br\/index.php\/wp-json\/wp\/v2\/posts\/29365\/revisions\/29366"}],"wp:attachment":[{"href":"https:\/\/justicapotiguar.com.br\/index.php\/wp-json\/wp\/v2\/media?parent=29365"}],"wp:term":[{"taxonomy":"category","embeddable":true,"href":"https:\/\/justicapotiguar.com.br\/index.php\/wp-json\/wp\/v2\/categories?post=29365"},{"taxonomy":"post_tag","embeddable":true,"href":"https:\/\/justicapotiguar.com.br\/index.php\/wp-json\/wp\/v2\/tags?post=29365"}],"curies":[{"name":"wp","href":"https:\/\/api.w.org\/{rel}","templated":true}]}}