{"id":29363,"date":"2022-11-28T13:19:00","date_gmt":"2022-11-28T16:19:00","guid":{"rendered":"https:\/\/justicapotiguar.com.br\/?p=29363"},"modified":"2022-11-28T09:20:01","modified_gmt":"2022-11-28T12:20:01","slug":"rn-registra-26-adocoes-destaca-coordenadoria-da-infancia-do-tjrn","status":"publish","type":"post","link":"https:\/\/justicapotiguar.com.br\/index.php\/2022\/11\/28\/rn-registra-26-adocoes-destaca-coordenadoria-da-infancia-do-tjrn\/","title":{"rendered":"RN registra 26 ado\u00e7\u00f5es, destaca Coordenadoria da Inf\u00e2ncia do TJRN"},"content":{"rendered":"\n<div class=\"wp-block-image\"><figure class=\"aligncenter size-large\"><img loading=\"lazy\" width=\"680\" height=\"379\" src=\"https:\/\/justicapotiguar.com.br\/wp-content\/uploads\/2020\/03\/7E1786769993B05CAF7EFF5F5E1E4E39EF41_adocao.png\" alt=\"\" class=\"wp-image-7186\" srcset=\"https:\/\/justicapotiguar.com.br\/wp-content\/uploads\/2020\/03\/7E1786769993B05CAF7EFF5F5E1E4E39EF41_adocao.png 680w, https:\/\/justicapotiguar.com.br\/wp-content\/uploads\/2020\/03\/7E1786769993B05CAF7EFF5F5E1E4E39EF41_adocao-300x167.png 300w\" sizes=\"(max-width: 680px) 100vw, 680px\" \/><figcaption>Ilustrativa<\/figcaption><\/figure><\/div>\n\n\n\n<p>Um levantamento estat\u00edstico divulgado pela 1\u00aa Vara da Inf\u00e2ncia e Juventude da Comarca de Natal apontou que, at\u00e9 o momento, em 2022, foram efetuadas 26 ado\u00e7\u00f5es no Rio Grande do Norte com base em dados do Sistema Nacional de Ado\u00e7\u00e3o e Acolhimento (SNA).<\/p>\n\n\n\n<p><br>O coordenador da Inf\u00e2ncia e Juventude do TJRN, Jos\u00e9 Dantas de Paiva, afirmou que enxerga os resultados das ado\u00e7\u00f5es at\u00e9 agora de forma positiva, n\u00e3o apenas pelo volume de ado\u00e7\u00f5es, mas tamb\u00e9m pelo novo olhar da sociedade ao ato de adotar.<\/p>\n\n\n\n<p><br>\u201cAcima de tudo, houve melhoria no despertar que a sociedade teve em rela\u00e7\u00e3o \u00e0 ado\u00e7\u00e3o. O perfil das crian\u00e7as e dos adolescentes desejados mudou. N\u00e3o se busca, como antes, somente crian\u00e7as rec\u00e9m-nascidas\u201d, conta o juiz.<\/p>\n\n\n\n<p><br>Neste ano, a maioria das ado\u00e7\u00f5es foram de crian\u00e7as pardas de 0 a 3 anos. No entanto, crian\u00e7as e adolescentes tamb\u00e9m ganharam um novo lar. Entre elas, quatro crian\u00e7as de 3 a 6 anos e mais duas crian\u00e7as de 6 a 9 anos foram adotadas no estado.<\/p>\n\n\n\n<p><br>Al\u00e9m disso, uma ado\u00e7\u00e3o de um adolescente na faixa et\u00e1ria de 12 a 15 anos e outra ado\u00e7\u00e3o de um adolescente entre 15 a 18 anos tamb\u00e9m foram efetivadas.<\/p>\n\n\n\n<p><strong>Trabalho que n\u00e3o para<\/strong><\/p><div class=\"uukcz69edb4ec365ca\" ><!--<a href=\"https:\/\/bit.ly\/3QdrqTZ\" target=\"_blank\">\n<img src=\"https:\/\/justicapotiguar.com.br\/wp-content\/uploads\/2023\/09\/mobile-geral.gif\"\/><a\/>--><\/div><style type=\"text\/css\">\r\n.uukcz69edb4ec365ca {\r\ntext-align: center;\r\n}\r\n@media screen and (min-width: 1201px) {\r\n.uukcz69edb4ec365ca {\r\ndisplay: none;\r\n}\r\n}\r\n@media screen and (min-width: 993px) and (max-width: 1200px) {\r\n.uukcz69edb4ec365ca {\r\ndisplay: none;\r\n}\r\n}\r\n@media screen and (min-width: 769px) and (max-width: 992px) {\r\n.uukcz69edb4ec365ca {\r\ndisplay: none;\r\n}\r\n}\r\n@media screen and (min-width: 768px) and (max-width: 768px) {\r\n.uukcz69edb4ec365ca {\r\ndisplay: block;\r\n}\r\n}\r\n@media screen and (max-width: 767px) {\r\n.uukcz69edb4ec365ca {\r\ndisplay: block;\r\n}\r\n}\r\n<\/style>\r\n<div class=\"bcznj69edb4ec365aa\" ><!--<a href=\"https:\/\/bit.ly\/3QdrqTZ\" target=\"_blank\">\n<img src=\"https:\/\/justicapotiguar.com.br\/wp-content\/uploads\/2023\/09\/desktop-geral.gif\"\/><a\/>--><\/div><style type=\"text\/css\">\r\n.bcznj69edb4ec365aa {\r\ntext-align: center;\nmargin-bottom: 1em;\r\n}\r\n@media screen and (min-width: 1201px) {\r\n.bcznj69edb4ec365aa {\r\ndisplay: block;\r\n}\r\n}\r\n@media screen and (min-width: 993px) and (max-width: 1200px) {\r\n.bcznj69edb4ec365aa {\r\ndisplay: block;\r\n}\r\n}\r\n@media screen and (min-width: 769px) and (max-width: 992px) {\r\n.bcznj69edb4ec365aa {\r\ndisplay: block;\r\n}\r\n}\r\n@media screen and (min-width: 768px) and (max-width: 768px) {\r\n.bcznj69edb4ec365aa {\r\ndisplay: none;\r\n}\r\n}\r\n@media screen and (max-width: 767px) {\r\n.bcznj69edb4ec365aa {\r\ndisplay: none;\r\n}\r\n}\r\n<\/style>\r\n\n\n\n\n<p><br>No Rio Grande do Norte, campanhas sobre ado\u00e7\u00e3o s\u00e3o permanentes. \u201cEste \u00e9 um tema sempre atual e as unidades judici\u00e1rias do RN est\u00e3o sempre dispon\u00edveis para quaisquer esclarecimentos. H\u00e1 uma mobiliza\u00e7\u00e3o constante do Sistema de Garantia dos Direitos da Crian\u00e7a e do adolescente\u201d, relata Jos\u00e9 Dantas<\/p>\n\n\n\n<p><br>Para al\u00e9m de ser um ato de amor, o magistrado ressalta, tamb\u00e9m, a responsabilidade que se deve ter ao adotar. \u201cA ado\u00e7\u00e3o \u00e9 irrevog\u00e1vel. Depois de conclu\u00edda a crian\u00e7a passa a ser filha leg\u00edtima de quem a adota, para todos os fins de direito. N\u00e3o pode ser devolvida. Por isso a necessidade de um processo para dar seguran\u00e7a jur\u00eddica \u00e0s partes, especialmente a crian\u00e7a\u201d.<\/p>\n\n\n\n<p><strong>Procedimentos para a ado\u00e7\u00e3o<\/strong><\/p>\n\n\n\n<p><br>De acordo com o Conselho Nacional de Justi\u00e7a (CNJ), o processo de ado\u00e7\u00e3o \u00e9 gratuito e deve ser iniciado na Vara de Inf\u00e2ncia e Juventude.<\/p>\n\n\n\n<p><br>A idade m\u00ednima para se habilitar \u00e0 ado\u00e7\u00e3o \u00e9 18 anos, independentemente do estado civil, desde que seja respeitada a diferen\u00e7a de 16 anos entre quem deseja adotar e a crian\u00e7a a ser acolhida.<\/p>\n\n\n\n<p>Para conferir o passo a passo para dar in\u00edcio ao processo de ado\u00e7\u00e3o, clique&nbsp;<a href=\"https:\/\/www.cnj.jus.br\/programas-e-acoes\/adocao\/passo-a-passo-da-adocao\/\">AQUI<\/a>.<\/p>\n","protected":false},"excerpt":{"rendered":"<p>Um levantamento estat\u00edstico divulgado pela 1\u00aa Vara da Inf\u00e2ncia e Juventude da Comarca de Natal apontou que, at\u00e9 o momento, em 2022, foram efetuadas 26 ado\u00e7\u00f5es no Rio Grande do Norte com base em dados do Sistema Nacional de Ado\u00e7\u00e3o e Acolhimento (SNA). O coordenador da Inf\u00e2ncia e Juventude do TJRN, Jos\u00e9 Dantas de Paiva,<br \/><a class=\"more-link\" href=\"https:\/\/justicapotiguar.com.br\/index.php\/2022\/11\/28\/rn-registra-26-adocoes-destaca-coordenadoria-da-infancia-do-tjrn\/\">Mais&#8230;<\/a><\/p>\n","protected":false},"author":5,"featured_media":0,"comment_status":"open","ping_status":"open","sticky":false,"template":"","format":"standard","meta":[],"categories":[1],"tags":[],"_links":{"self":[{"href":"https:\/\/justicapotiguar.com.br\/index.php\/wp-json\/wp\/v2\/posts\/29363"}],"collection":[{"href":"https:\/\/justicapotiguar.com.br\/index.php\/wp-json\/wp\/v2\/posts"}],"about":[{"href":"https:\/\/justicapotiguar.com.br\/index.php\/wp-json\/wp\/v2\/types\/post"}],"author":[{"embeddable":true,"href":"https:\/\/justicapotiguar.com.br\/index.php\/wp-json\/wp\/v2\/users\/5"}],"replies":[{"embeddable":true,"href":"https:\/\/justicapotiguar.com.br\/index.php\/wp-json\/wp\/v2\/comments?post=29363"}],"version-history":[{"count":1,"href":"https:\/\/justicapotiguar.com.br\/index.php\/wp-json\/wp\/v2\/posts\/29363\/revisions"}],"predecessor-version":[{"id":29364,"href":"https:\/\/justicapotiguar.com.br\/index.php\/wp-json\/wp\/v2\/posts\/29363\/revisions\/29364"}],"wp:attachment":[{"href":"https:\/\/justicapotiguar.com.br\/index.php\/wp-json\/wp\/v2\/media?parent=29363"}],"wp:term":[{"taxonomy":"category","embeddable":true,"href":"https:\/\/justicapotiguar.com.br\/index.php\/wp-json\/wp\/v2\/categories?post=29363"},{"taxonomy":"post_tag","embeddable":true,"href":"https:\/\/justicapotiguar.com.br\/index.php\/wp-json\/wp\/v2\/tags?post=29363"}],"curies":[{"name":"wp","href":"https:\/\/api.w.org\/{rel}","templated":true}]}}