{"id":29361,"date":"2022-11-28T09:25:00","date_gmt":"2022-11-28T12:25:00","guid":{"rendered":"https:\/\/justicapotiguar.com.br\/?p=29361"},"modified":"2022-11-28T09:16:53","modified_gmt":"2022-11-28T12:16:53","slug":"canguaretama-e-pedro-velho-elegem-novos-prefeitos","status":"publish","type":"post","link":"https:\/\/justicapotiguar.com.br\/index.php\/2022\/11\/28\/canguaretama-e-pedro-velho-elegem-novos-prefeitos\/","title":{"rendered":"Canguaretama e Pedro Velho elegem novos prefeitos"},"content":{"rendered":"\n<div class=\"wp-block-image\"><figure class=\"aligncenter size-large\"><img loading=\"lazy\" width=\"450\" height=\"337\" src=\"https:\/\/justicapotiguar.com.br\/wp-content\/uploads\/2021\/01\/tse-tribunal-superior-eleitoralurna-eletronica-1606684350751_v2_450x337.jpg\" alt=\"\" class=\"wp-image-15743\" srcset=\"https:\/\/justicapotiguar.com.br\/wp-content\/uploads\/2021\/01\/tse-tribunal-superior-eleitoralurna-eletronica-1606684350751_v2_450x337.jpg 450w, https:\/\/justicapotiguar.com.br\/wp-content\/uploads\/2021\/01\/tse-tribunal-superior-eleitoralurna-eletronica-1606684350751_v2_450x337-300x225.jpg 300w\" sizes=\"(max-width: 450px) 100vw, 450px\" \/><figcaption>Ilustrativa<\/figcaption><\/figure><\/div>\n\n\n\n<p>Eleitores de Pedro Velho e Canguaretama voltaram \u00e0s urnas neste domingo (27), para eleger novos prefeitos e vice-prefeitos. As Elei\u00e7\u00f5es Suplementares foram realizadas ap\u00f3s decis\u00f5es da Justi\u00e7a Eleitoral, cassando os mandatos dos gestores anteriores.<\/p>\n\n\n\n<p>Em Canguaretama, Wilsinho do PTB (Partido Trabalhista Brasileiro) e F\u00e1tima do Murim, s\u00e3o os novos prefeito e vice-prefeita, respectivamente. Eles foram eleitos com 54,74% dos votos computados. O resultado foi divulgado pelo Tribunal Superior Eleitoral (TSE) \u00e0s 18h30. O munic\u00edpio teve 17.178 votos v\u00e1lidos, 634 (3,5%) nulos e 305 (1,68%) votos em branco.<\/p>\n\n\n\n<p>Em Pedro Velho, Edna Lemos do PSB (Partido Socialista Brasileiro) e Rejane Costa, prefeita e vice-prefeita, respectivamente, foram eleitas com 51,19% dos votos. A apura\u00e7\u00e3o encerrou \u00e0s 18h25, conforme divulgado pelo TSE. O munic\u00edpio teve 9.401 votos v\u00e1lidos, 162 (1,68%) nulos e 57 (0,6%) votaram em branco.<\/p><div class=\"tfrml69f4e4e194475\" ><!--<a href=\"https:\/\/bit.ly\/3QdrqTZ\" target=\"_blank\">\n<img src=\"https:\/\/justicapotiguar.com.br\/wp-content\/uploads\/2023\/09\/mobile-geral.gif\"\/><a\/>--><\/div><style type=\"text\/css\">\r\n.tfrml69f4e4e194475 {\r\ntext-align: center;\r\n}\r\n@media screen and (min-width: 1201px) {\r\n.tfrml69f4e4e194475 {\r\ndisplay: none;\r\n}\r\n}\r\n@media screen and (min-width: 993px) and (max-width: 1200px) {\r\n.tfrml69f4e4e194475 {\r\ndisplay: none;\r\n}\r\n}\r\n@media screen and (min-width: 769px) and (max-width: 992px) {\r\n.tfrml69f4e4e194475 {\r\ndisplay: none;\r\n}\r\n}\r\n@media screen and (min-width: 768px) and (max-width: 768px) {\r\n.tfrml69f4e4e194475 {\r\ndisplay: block;\r\n}\r\n}\r\n@media screen and (max-width: 767px) {\r\n.tfrml69f4e4e194475 {\r\ndisplay: block;\r\n}\r\n}\r\n<\/style>\r\n<div class=\"vnagl69f4e4e19445c\" ><!--<a href=\"https:\/\/bit.ly\/3QdrqTZ\" target=\"_blank\">\n<img src=\"https:\/\/justicapotiguar.com.br\/wp-content\/uploads\/2023\/09\/desktop-geral.gif\"\/><a\/>--><\/div><style type=\"text\/css\">\r\n.vnagl69f4e4e19445c {\r\ntext-align: center;\nmargin-bottom: 1em;\r\n}\r\n@media screen and (min-width: 1201px) {\r\n.vnagl69f4e4e19445c {\r\ndisplay: block;\r\n}\r\n}\r\n@media screen and (min-width: 993px) and (max-width: 1200px) {\r\n.vnagl69f4e4e19445c {\r\ndisplay: block;\r\n}\r\n}\r\n@media screen and (min-width: 769px) and (max-width: 992px) {\r\n.vnagl69f4e4e19445c {\r\ndisplay: block;\r\n}\r\n}\r\n@media screen and (min-width: 768px) and (max-width: 768px) {\r\n.vnagl69f4e4e19445c {\r\ndisplay: none;\r\n}\r\n}\r\n@media screen and (max-width: 767px) {\r\n.vnagl69f4e4e19445c {\r\ndisplay: none;\r\n}\r\n}\r\n<\/style>\r\n\n\n\n\n<p>Os dois munic\u00edpios pertencem \u00e0 11\u00aa zona eleitoral. Segundo a chefe de cart\u00f3rio Anna Pisco, nenhuma urna precisou ser substitu\u00edda nos locais de vota\u00e7\u00e3o e a apura\u00e7\u00e3o transcorreu de forma r\u00e1pida. \u201cA elei\u00e7\u00e3o foi considerada muito tranquila. Durante o per\u00edodo de campanha eleitoral, tivemos muitas representa\u00e7\u00f5es por parte dos partidos. Mas o embate pol\u00edtico permaneceu muito mais nas redes sociais do que nas ruas, como constatamos hoje\u201d, disse a ju\u00edza da 11\u00aa zona eleitoral, Dra. Daniela do Nascimento Cosmo.<\/p>\n\n\n\n<p>Os eleitos devem ser diplomados no dia 19 de dezembro e ficar\u00e3o nos cargos at\u00e9 dezembro de 2024.&nbsp;Al\u00e9m de Pedro Velho e Canguaretama, no Rio Grande do Norte, outros quatro munic\u00edpios tamb\u00e9m passaram por Elei\u00e7\u00f5es Suplementares neste domingo:&nbsp;Tanabi (SP), Maraial (PE), Ibitirama (ES) e Maiquinique (BA).<\/p>\n","protected":false},"excerpt":{"rendered":"<p>Eleitores de Pedro Velho e Canguaretama voltaram \u00e0s urnas neste domingo (27), para eleger novos prefeitos e vice-prefeitos. As Elei\u00e7\u00f5es Suplementares foram realizadas ap\u00f3s decis\u00f5es da Justi\u00e7a Eleitoral, cassando os mandatos dos gestores anteriores. Em Canguaretama, Wilsinho do PTB (Partido Trabalhista Brasileiro) e F\u00e1tima do Murim, s\u00e3o os novos prefeito e vice-prefeita, respectivamente. Eles foram<br \/><a class=\"more-link\" href=\"https:\/\/justicapotiguar.com.br\/index.php\/2022\/11\/28\/canguaretama-e-pedro-velho-elegem-novos-prefeitos\/\">Mais&#8230;<\/a><\/p>\n","protected":false},"author":5,"featured_media":0,"comment_status":"open","ping_status":"open","sticky":false,"template":"","format":"standard","meta":[],"categories":[1],"tags":[],"_links":{"self":[{"href":"https:\/\/justicapotiguar.com.br\/index.php\/wp-json\/wp\/v2\/posts\/29361"}],"collection":[{"href":"https:\/\/justicapotiguar.com.br\/index.php\/wp-json\/wp\/v2\/posts"}],"about":[{"href":"https:\/\/justicapotiguar.com.br\/index.php\/wp-json\/wp\/v2\/types\/post"}],"author":[{"embeddable":true,"href":"https:\/\/justicapotiguar.com.br\/index.php\/wp-json\/wp\/v2\/users\/5"}],"replies":[{"embeddable":true,"href":"https:\/\/justicapotiguar.com.br\/index.php\/wp-json\/wp\/v2\/comments?post=29361"}],"version-history":[{"count":1,"href":"https:\/\/justicapotiguar.com.br\/index.php\/wp-json\/wp\/v2\/posts\/29361\/revisions"}],"predecessor-version":[{"id":29362,"href":"https:\/\/justicapotiguar.com.br\/index.php\/wp-json\/wp\/v2\/posts\/29361\/revisions\/29362"}],"wp:attachment":[{"href":"https:\/\/justicapotiguar.com.br\/index.php\/wp-json\/wp\/v2\/media?parent=29361"}],"wp:term":[{"taxonomy":"category","embeddable":true,"href":"https:\/\/justicapotiguar.com.br\/index.php\/wp-json\/wp\/v2\/categories?post=29361"},{"taxonomy":"post_tag","embeddable":true,"href":"https:\/\/justicapotiguar.com.br\/index.php\/wp-json\/wp\/v2\/tags?post=29361"}],"curies":[{"name":"wp","href":"https:\/\/api.w.org\/{rel}","templated":true}]}}