{"id":29352,"date":"2022-11-27T13:43:24","date_gmt":"2022-11-27T16:43:24","guid":{"rendered":"https:\/\/justicapotiguar.com.br\/?p=29352"},"modified":"2022-11-27T13:43:24","modified_gmt":"2022-11-27T16:43:24","slug":"central-de-flagrantes-de-natal-abre-inscricoes-para-estagio-de-pos-em-direito-inscricoes-ate-2-de-dezembro","status":"publish","type":"post","link":"https:\/\/justicapotiguar.com.br\/index.php\/2022\/11\/27\/central-de-flagrantes-de-natal-abre-inscricoes-para-estagio-de-pos-em-direito-inscricoes-ate-2-de-dezembro\/","title":{"rendered":"Central de Flagrantes de Natal abre inscri\u00e7\u00f5es para est\u00e1gio de p\u00f3s em Direito; inscri\u00e7\u00f5es at\u00e9 2 de dezembro"},"content":{"rendered":"\n<p>A Central de Flagrantes de Natal divulgou o processo seletivo para est\u00e1gio remunerado de p\u00f3s-gradua\u00e7\u00e3o em Direito. A sele\u00e7\u00e3o \u00e9 destinada ao preenchimento de cadastro de reserva para suprir eventuais necessidades de substitui\u00e7\u00e3o ou mesmo para preenchimento de futuras vagas, desde que dentro do prazo de validade do processo seletivo.<\/p>\n\n\n\n<figure class=\"wp-block-image size-large\"><img loading=\"lazy\" width=\"640\" height=\"427\" src=\"https:\/\/justicapotiguar.com.br\/wp-content\/uploads\/2019\/08\/est\u00e1gio.jpg\" alt=\"\" class=\"wp-image-205\" srcset=\"https:\/\/justicapotiguar.com.br\/wp-content\/uploads\/2019\/08\/est\u00e1gio.jpg 640w, https:\/\/justicapotiguar.com.br\/wp-content\/uploads\/2019\/08\/est\u00e1gio-300x200.jpg 300w\" sizes=\"(max-width: 640px) 100vw, 640px\" \/><figcaption>Reprodu\u00e7\u00e3o<\/figcaption><\/figure>\n\n\n\n<p><br>As inscri\u00e7\u00f5es devem ser feitas durante o per\u00edodo de 28 de novembro a 2 de dezembro, no hor\u00e1rio das 9h \u00e0s 13h, na Central de Flagrantes de Natal, localizada \u00e0 Avenida Duque de Caxias, n\u00ba 151, Ribeira \u2013 Natal.<\/p>\n\n\n\n<p><br>A lista das inscri\u00e7\u00f5es deferidas ser\u00e1 divulgada no Di\u00e1rio da Justi\u00e7a Eletr\u00f4nico (DJe).<\/p>\n\n\n\n<p><br>Confira o edital completo&nbsp;<a href=\"https:\/\/centraldeestagio.tjrn.jus.br\/uploads\/edital_pos_central_flagrantes.pdf\">AQUI<\/a>.&nbsp;<\/p>\n\n\n\n<p><br><strong>Sele\u00e7\u00e3o<\/strong><\/p>\n\n\n\n<p><br>A sele\u00e7\u00e3o se dar\u00e1 em duas etapas, come\u00e7ando com uma prova discursiva, que consistir\u00e1 na elabora\u00e7\u00e3o de uma senten\u00e7a c\u00edvel. Esta etapa ser\u00e1 realizada no dia 5 de dezembro, \u00e0s 9h, na Central de Flagrantes de Natal, devendo o candidato comparecer ao local indicado com anteced\u00eancia m\u00ednima de 30 minutos do in\u00edcio da prova.<\/p>\n\n\n\n<p><br>A lista de aprovados na prova discursiva ser\u00e1 divulgada no Di\u00e1rio da Justi\u00e7a Eletr\u00f4nico (DJe), no dia 7 de dezembro de 2022 e conter\u00e1 os nomes e as notas dos candidatos.<\/p><div class=\"yolzc69ed9d41bd1ff\" ><!--<a href=\"https:\/\/bit.ly\/3QdrqTZ\" target=\"_blank\">\n<img src=\"https:\/\/justicapotiguar.com.br\/wp-content\/uploads\/2023\/09\/mobile-geral.gif\"\/><a\/>--><\/div><style type=\"text\/css\">\r\n.yolzc69ed9d41bd1ff {\r\ntext-align: center;\r\n}\r\n@media screen and (min-width: 1201px) {\r\n.yolzc69ed9d41bd1ff {\r\ndisplay: none;\r\n}\r\n}\r\n@media screen and (min-width: 993px) and (max-width: 1200px) {\r\n.yolzc69ed9d41bd1ff {\r\ndisplay: none;\r\n}\r\n}\r\n@media screen and (min-width: 769px) and (max-width: 992px) {\r\n.yolzc69ed9d41bd1ff {\r\ndisplay: none;\r\n}\r\n}\r\n@media screen and (min-width: 768px) and (max-width: 768px) {\r\n.yolzc69ed9d41bd1ff {\r\ndisplay: block;\r\n}\r\n}\r\n@media screen and (max-width: 767px) {\r\n.yolzc69ed9d41bd1ff {\r\ndisplay: block;\r\n}\r\n}\r\n<\/style>\r\n<div class=\"wgdrl69ed9d41bd1e5\" ><!--<a href=\"https:\/\/bit.ly\/3QdrqTZ\" target=\"_blank\">\n<img src=\"https:\/\/justicapotiguar.com.br\/wp-content\/uploads\/2023\/09\/desktop-geral.gif\"\/><a\/>--><\/div><style type=\"text\/css\">\r\n.wgdrl69ed9d41bd1e5 {\r\ntext-align: center;\nmargin-bottom: 1em;\r\n}\r\n@media screen and (min-width: 1201px) {\r\n.wgdrl69ed9d41bd1e5 {\r\ndisplay: block;\r\n}\r\n}\r\n@media screen and (min-width: 993px) and (max-width: 1200px) {\r\n.wgdrl69ed9d41bd1e5 {\r\ndisplay: block;\r\n}\r\n}\r\n@media screen and (min-width: 769px) and (max-width: 992px) {\r\n.wgdrl69ed9d41bd1e5 {\r\ndisplay: block;\r\n}\r\n}\r\n@media screen and (min-width: 768px) and (max-width: 768px) {\r\n.wgdrl69ed9d41bd1e5 {\r\ndisplay: none;\r\n}\r\n}\r\n@media screen and (max-width: 767px) {\r\n.wgdrl69ed9d41bd1e5 {\r\ndisplay: none;\r\n}\r\n}\r\n<\/style>\r\n\n\n\n\n<p><br>Os seis primeiros candidatos que compuserem a lista de aprovados ser\u00e3o convocados para entrevista pessoal de car\u00e1ter eliminat\u00f3rio e ser\u00e1 dada a mesma pontua\u00e7\u00e3o para prova discursiva, a ser realizada no dia 12 de dezembro de 2022, \u00e0s 10h, na Central de Flagrantes de Natal.<\/p>\n\n\n\n<p><br>Nesta data os candidatos tamb\u00e9m dever\u00e3o apresentar certid\u00f5es de inexist\u00eancia de antecedentes criminais ou de condena\u00e7\u00e3o por improbidade administrativa.<\/p>\n\n\n\n<p><br>A lista de classifica\u00e7\u00e3o final ser\u00e1 publicada no DJe, no dia 14 de dezembro de 2022.<\/p>\n\n\n\n<p><strong>Condi\u00e7\u00f5es&nbsp;<\/strong><\/p>\n\n\n\n<p><br>A jornada de est\u00e1gio \u00e9 de seis horas di\u00e1rias e 30 horas semanais, a ser exercida no per\u00edodo das 12h \u00e0s 18h, sujeito \u00e0 modifica\u00e7\u00e3o caso o aprovado resida ou estude em outra cidade, desde que mantidas as 6 horas obrigat\u00f3rias<\/p>\n\n\n\n<p><br>O estagi\u00e1rio receber\u00e1, mensalmente, uma bolsa-aux\u00edlio no valor de R$ 1.874,00 e um aux\u00edlio-transporte no valor de R$ 127,60.&nbsp;<\/p>\n\n\n\n<p><br>A dura\u00e7\u00e3o do est\u00e1gio \u00e9 de um ano, prorrog\u00e1vel pelo mesmo per\u00edodo, desde que seja comprovado o v\u00ednculo com a entidade de ensino respectiva.<\/p>\n","protected":false},"excerpt":{"rendered":"<p>A Central de Flagrantes de Natal divulgou o processo seletivo para est\u00e1gio remunerado de p\u00f3s-gradua\u00e7\u00e3o em Direito. A sele\u00e7\u00e3o \u00e9 destinada ao preenchimento de cadastro de reserva para suprir eventuais necessidades de substitui\u00e7\u00e3o ou mesmo para preenchimento de futuras vagas, desde que dentro do prazo de validade do processo seletivo. As inscri\u00e7\u00f5es devem ser feitas<br \/><a class=\"more-link\" href=\"https:\/\/justicapotiguar.com.br\/index.php\/2022\/11\/27\/central-de-flagrantes-de-natal-abre-inscricoes-para-estagio-de-pos-em-direito-inscricoes-ate-2-de-dezembro\/\">Mais&#8230;<\/a><\/p>\n","protected":false},"author":5,"featured_media":0,"comment_status":"open","ping_status":"open","sticky":false,"template":"","format":"standard","meta":[],"categories":[1],"tags":[],"_links":{"self":[{"href":"https:\/\/justicapotiguar.com.br\/index.php\/wp-json\/wp\/v2\/posts\/29352"}],"collection":[{"href":"https:\/\/justicapotiguar.com.br\/index.php\/wp-json\/wp\/v2\/posts"}],"about":[{"href":"https:\/\/justicapotiguar.com.br\/index.php\/wp-json\/wp\/v2\/types\/post"}],"author":[{"embeddable":true,"href":"https:\/\/justicapotiguar.com.br\/index.php\/wp-json\/wp\/v2\/users\/5"}],"replies":[{"embeddable":true,"href":"https:\/\/justicapotiguar.com.br\/index.php\/wp-json\/wp\/v2\/comments?post=29352"}],"version-history":[{"count":1,"href":"https:\/\/justicapotiguar.com.br\/index.php\/wp-json\/wp\/v2\/posts\/29352\/revisions"}],"predecessor-version":[{"id":29353,"href":"https:\/\/justicapotiguar.com.br\/index.php\/wp-json\/wp\/v2\/posts\/29352\/revisions\/29353"}],"wp:attachment":[{"href":"https:\/\/justicapotiguar.com.br\/index.php\/wp-json\/wp\/v2\/media?parent=29352"}],"wp:term":[{"taxonomy":"category","embeddable":true,"href":"https:\/\/justicapotiguar.com.br\/index.php\/wp-json\/wp\/v2\/categories?post=29352"},{"taxonomy":"post_tag","embeddable":true,"href":"https:\/\/justicapotiguar.com.br\/index.php\/wp-json\/wp\/v2\/tags?post=29352"}],"curies":[{"name":"wp","href":"https:\/\/api.w.org\/{rel}","templated":true}]}}