{"id":29348,"date":"2022-11-26T12:12:25","date_gmt":"2022-11-26T15:12:25","guid":{"rendered":"https:\/\/justicapotiguar.com.br\/?p=29348"},"modified":"2022-11-26T12:12:25","modified_gmt":"2022-11-26T15:12:25","slug":"stj-permite-que-fisioterapeutas-elaborem-diagnostico-e-formulem-tratamento","status":"publish","type":"post","link":"https:\/\/justicapotiguar.com.br\/index.php\/2022\/11\/26\/stj-permite-que-fisioterapeutas-elaborem-diagnostico-e-formulem-tratamento\/","title":{"rendered":"STJ permite que fisioterapeutas elaborem diagn\u00f3stico e formulem tratamento"},"content":{"rendered":"\n<p>N\u00e3o \u00e9 atividade privativa do m\u00e9dico a fun\u00e7\u00e3o de diagnosticar doen\u00e7as e prescrever tratamentos. Com essa premissa, a 1\u00aa Turma do Superior Tribunal de Justi\u00e7a<a href=\"https:\/\/www.conjur.com.br\/2022-jul-08\/stj-derruba-resolucoes-ampliavam-atuacao-fisioterapeutas\" target=\"_blank\" rel=\"noreferrer noopener\">&nbsp;mudou a pr\u00f3pria posi\u00e7\u00e3o<\/a>&nbsp;e decidiu manter a validade dos trechos de normas editadas pelo Conselho Federal de Fisioterapia e Terapia Ocupacional (Coffito) que ampliaram a \u00e1rea de atua\u00e7\u00e3o dos profissionais fisioterapeutas e terapeutas ocupacionais.<\/p>\n\n\n\n<figure class=\"wp-block-image\"><img src=\"https:\/\/www.conjur.com.br\/img\/b\/fisioterapia.jpeg\" alt=\"\"\/><figcaption><sup>Reprodu\u00e7\u00e3o<\/sup>STJ fez nova leitura do caso e levou em conta veto feito pela ex-presidente Dilma<\/figcaption><\/figure>\n\n\n\n<p>Para tomar tal decis\u00e3o, o colegiado citou a&nbsp;interpreta\u00e7\u00e3o hist\u00f3rico-sistem\u00e1tica da legisla\u00e7\u00e3o brasileira.&nbsp;Tratam-se de resolu\u00e7\u00f5es segundo as quais fisioterapeutas e terapeutas ocupacionais poderiam elaborar programa de tratamento, solicitar laudos e exames, receber demanda espont\u00e2nea, elaborar diagn\u00f3stico espec\u00edfico de sua profiss\u00e3o, prescrever tratamento e programar t\u00e9cnicas pr\u00f3prias, entre outras.<\/p>\n\n\n\n<p>A causa foi patrocinada pelo advogado&nbsp;<strong>Evandro Pertence<\/strong>, da&nbsp;Sociedade de Advogados Sep\u00falveda Pertence.<\/p>\n\n\n\n<p><strong>Outro lado<\/strong><br>Para o Conselho Regional de Medicina do Rio Grande do Sul e o Sindicato M\u00e9dico daquele estado, por\u00e9m, essas s\u00e3o atividades exclusivas dos&nbsp;formados em medicina.<\/p>\n\n\n\n<p>A princ\u00edpio, a 1\u00aa Turma deu raz\u00e3o ao pedido dos m\u00e9dicos ga\u00fachos, ao interpretar as resolu\u00e7\u00f5es com as leis sobre o exerc\u00edcio da fisioterapia (Decreto-Lei 938\/1969) e da medicina (Lei 12.842\/2013).<\/p>\n\n\n\n<p>Em embargos de declara\u00e7\u00e3o, o colegiado reconheceu que essa an\u00e1lise anterior ignorou um ponto importante: ao promulgar a&nbsp;<a href=\"https:\/\/www.planalto.gov.br\/ccivil_03\/_ato2011-2014\/2013\/lei\/l12842.htm\" target=\"_blank\" rel=\"noreferrer noopener\">Lei 12.842\/2013<\/a>, a ent\u00e3o presidente Dilma Rousseff&nbsp;<a href=\"https:\/\/www.planalto.gov.br\/ccivil_03\/_ato2011-2014\/2013\/Msg\/VEP-287.htm\" target=\"_blank\" rel=\"noreferrer noopener\">vetou um trecho<\/a>&nbsp;aprovado pelo Congresso que justamente colocava como atividade privativa dos m\u00e9dicos a &#8220;formula\u00e7\u00e3o do diagn\u00f3stico nosol\u00f3gico e respectiva prescri\u00e7\u00e3o terap\u00eautica&#8221;.&nbsp;Diagn\u00f3stico nosol\u00f3gico \u00e9 o processo pelo qual se determina qual \u00e9 a doen\u00e7a que acomete o paciente.<\/p>\n\n\n\n<p>A justificativa do veto \u00e9 que essa restri\u00e7\u00e3o inviabilizaria protocolos e diretrizes usadas no Sistema \u00danico de Sa\u00fade (SUS) a partir da atua\u00e7\u00e3o integrada de profissionais da sa\u00fade, o que inclui diagn\u00f3stico nosol\u00f3gico por profissionais de outras \u00e1reas que n\u00e3o a m\u00e9dica.<\/p><div class=\"mroyc69ed9d4e11035\" ><!--<a href=\"https:\/\/bit.ly\/3QdrqTZ\" target=\"_blank\">\n<img src=\"https:\/\/justicapotiguar.com.br\/wp-content\/uploads\/2023\/09\/mobile-geral.gif\"\/><a\/>--><\/div><style type=\"text\/css\">\r\n.mroyc69ed9d4e11035 {\r\ntext-align: center;\r\n}\r\n@media screen and (min-width: 1201px) {\r\n.mroyc69ed9d4e11035 {\r\ndisplay: none;\r\n}\r\n}\r\n@media screen and (min-width: 993px) and (max-width: 1200px) {\r\n.mroyc69ed9d4e11035 {\r\ndisplay: none;\r\n}\r\n}\r\n@media screen and (min-width: 769px) and (max-width: 992px) {\r\n.mroyc69ed9d4e11035 {\r\ndisplay: none;\r\n}\r\n}\r\n@media screen and (min-width: 768px) and (max-width: 768px) {\r\n.mroyc69ed9d4e11035 {\r\ndisplay: block;\r\n}\r\n}\r\n@media screen and (max-width: 767px) {\r\n.mroyc69ed9d4e11035 {\r\ndisplay: block;\r\n}\r\n}\r\n<\/style>\r\n<div class=\"zjuhr69ed9d4e11022\" ><!--<a href=\"https:\/\/bit.ly\/3QdrqTZ\" target=\"_blank\">\n<img src=\"https:\/\/justicapotiguar.com.br\/wp-content\/uploads\/2023\/09\/desktop-geral.gif\"\/><a\/>--><\/div><style type=\"text\/css\">\r\n.zjuhr69ed9d4e11022 {\r\ntext-align: center;\nmargin-bottom: 1em;\r\n}\r\n@media screen and (min-width: 1201px) {\r\n.zjuhr69ed9d4e11022 {\r\ndisplay: block;\r\n}\r\n}\r\n@media screen and (min-width: 993px) and (max-width: 1200px) {\r\n.zjuhr69ed9d4e11022 {\r\ndisplay: block;\r\n}\r\n}\r\n@media screen and (min-width: 769px) and (max-width: 992px) {\r\n.zjuhr69ed9d4e11022 {\r\ndisplay: block;\r\n}\r\n}\r\n@media screen and (min-width: 768px) and (max-width: 768px) {\r\n.zjuhr69ed9d4e11022 {\r\ndisplay: none;\r\n}\r\n}\r\n@media screen and (max-width: 767px) {\r\n.zjuhr69ed9d4e11022 {\r\ndisplay: none;\r\n}\r\n}\r\n<\/style>\r\n\n\n\n\n<p>Fisioterapeutas estariam impedidos, por exemplo, de fazer o diagn\u00f3stico do desempenho funcional de determinadas partes do corpo, o que serve para definir a melhor estrat\u00e9gia para reabilita\u00e7\u00e3o do paciente.<\/p>\n\n\n\n<p><strong>Sem omiss\u00f5es<\/strong><br>Portanto, a interpreta\u00e7\u00e3o inicial do colegiado foi considerada omissa. Relator do caso, o ministro Gurgel de Faria entendeu que seria cab\u00edvel a corre\u00e7\u00e3o por meio dos embargos de declara\u00e7\u00e3o, com efeitos infringentes para alterar o resultado do julgamento.<\/p>\n\n\n\n<p>Assim, o colegiado negou provimento ao recurso especial das entidades de classe dos m\u00e9dicos. Volta a valer a posi\u00e7\u00e3o do Tribunal Regional Federal da&nbsp;4\u00aa Regi\u00e3o, que julgou a a\u00e7\u00e3o improcedente por entender que as resolu\u00e7\u00f5es&nbsp;n\u00e3o interferem nas atribui\u00e7\u00f5es m\u00e9dicas.<\/p>\n\n\n\n<p>&#8220;N\u00e3o h\u00e1 duvidas de que o processo legislativo, ao propor o veto, defendeu ideia de n\u00e3o ser privativo do medico a fun\u00e7\u00e3o de diagnosticar e prescrever tratamento. Essas conclus\u00f5es n\u00e3o foram espelhadas na conclus\u00e3o embargada&#8221;, concordou o ministro Benedito Gon\u00e7alves, em voto-vista lido nesta ter\u00e7a-feira (22\/11).<\/p>\n\n\n\n<p>A correta interpreta\u00e7\u00e3o sistem\u00e1tica e hist\u00f3rica mostra que fisioterapeutas e terapeutas ocupacionais, sem ingressar no campo m\u00e9dico, podem fazer diagn\u00f3stico e solicita\u00e7\u00e3o de exames para tratamento de doen\u00e7as no escopo de suas respectivas \u00e1reas de atua\u00e7\u00e3o. A vota\u00e7\u00e3o foi por maioria de votos, vencida a ministra Regina Helena Costa, que prop\u00f4s a rejei\u00e7\u00e3o dos embargos.<\/p>\n\n\n\n<p><strong>REsp 1.592.450<\/strong><\/p>\n","protected":false},"excerpt":{"rendered":"<p>N\u00e3o \u00e9 atividade privativa do m\u00e9dico a fun\u00e7\u00e3o de diagnosticar doen\u00e7as e prescrever tratamentos. Com essa premissa, a 1\u00aa Turma do Superior Tribunal de Justi\u00e7a&nbsp;mudou a pr\u00f3pria posi\u00e7\u00e3o&nbsp;e decidiu manter a validade dos trechos de normas editadas pelo Conselho Federal de Fisioterapia e Terapia Ocupacional (Coffito) que ampliaram a \u00e1rea de atua\u00e7\u00e3o dos profissionais fisioterapeutas<br \/><a class=\"more-link\" href=\"https:\/\/justicapotiguar.com.br\/index.php\/2022\/11\/26\/stj-permite-que-fisioterapeutas-elaborem-diagnostico-e-formulem-tratamento\/\">Mais&#8230;<\/a><\/p>\n","protected":false},"author":5,"featured_media":0,"comment_status":"open","ping_status":"open","sticky":false,"template":"","format":"standard","meta":[],"categories":[1],"tags":[],"_links":{"self":[{"href":"https:\/\/justicapotiguar.com.br\/index.php\/wp-json\/wp\/v2\/posts\/29348"}],"collection":[{"href":"https:\/\/justicapotiguar.com.br\/index.php\/wp-json\/wp\/v2\/posts"}],"about":[{"href":"https:\/\/justicapotiguar.com.br\/index.php\/wp-json\/wp\/v2\/types\/post"}],"author":[{"embeddable":true,"href":"https:\/\/justicapotiguar.com.br\/index.php\/wp-json\/wp\/v2\/users\/5"}],"replies":[{"embeddable":true,"href":"https:\/\/justicapotiguar.com.br\/index.php\/wp-json\/wp\/v2\/comments?post=29348"}],"version-history":[{"count":1,"href":"https:\/\/justicapotiguar.com.br\/index.php\/wp-json\/wp\/v2\/posts\/29348\/revisions"}],"predecessor-version":[{"id":29349,"href":"https:\/\/justicapotiguar.com.br\/index.php\/wp-json\/wp\/v2\/posts\/29348\/revisions\/29349"}],"wp:attachment":[{"href":"https:\/\/justicapotiguar.com.br\/index.php\/wp-json\/wp\/v2\/media?parent=29348"}],"wp:term":[{"taxonomy":"category","embeddable":true,"href":"https:\/\/justicapotiguar.com.br\/index.php\/wp-json\/wp\/v2\/categories?post=29348"},{"taxonomy":"post_tag","embeddable":true,"href":"https:\/\/justicapotiguar.com.br\/index.php\/wp-json\/wp\/v2\/tags?post=29348"}],"curies":[{"name":"wp","href":"https:\/\/api.w.org\/{rel}","templated":true}]}}