{"id":29346,"date":"2022-11-26T09:52:53","date_gmt":"2022-11-26T12:52:53","guid":{"rendered":"https:\/\/justicapotiguar.com.br\/?p=29346"},"modified":"2022-11-26T09:52:53","modified_gmt":"2022-11-26T12:52:53","slug":"eleicoes-suplementares-votacao-em-canguaretama-e-pedro-velho-sera-das-8h-as-17h-neste-domingo","status":"publish","type":"post","link":"https:\/\/justicapotiguar.com.br\/index.php\/2022\/11\/26\/eleicoes-suplementares-votacao-em-canguaretama-e-pedro-velho-sera-das-8h-as-17h-neste-domingo\/","title":{"rendered":"Elei\u00e7\u00f5es Suplementares: vota\u00e7\u00e3o em Canguaretama e Pedro Velho ser\u00e1 das 8h \u00e0s 17h neste domingo"},"content":{"rendered":"\n<figure class=\"wp-block-image size-large\"><img loading=\"lazy\" width=\"640\" height=\"360\" src=\"https:\/\/justicapotiguar.com.br\/wp-content\/uploads\/2019\/08\/urna.jpg\" alt=\"\" class=\"wp-image-752\" srcset=\"https:\/\/justicapotiguar.com.br\/wp-content\/uploads\/2019\/08\/urna.jpg 640w, https:\/\/justicapotiguar.com.br\/wp-content\/uploads\/2019\/08\/urna-300x169.jpg 300w\" sizes=\"(max-width: 640px) 100vw, 640px\" \/><figcaption>Reprodu\u00e7\u00e3o<\/figcaption><\/figure>\n\n\n\n<p>O Presidente do Tribunal Regional Eleitoral do Rio Grande do Norte (TRE-RN), desembargador Corn\u00e9lio Alves, na Sess\u00e3o Plen\u00e1ria de hoje (25), referendou a mudan\u00e7a do hor\u00e1rio das elei\u00e7\u00f5es suplementares para os munic\u00edpios de Canguaretama e Pedro Velho, que ocorrer\u00e1 neste domingo, 27 de novembro. Foi alterado o calend\u00e1rio eleitoral previsto no anexo da Resolu\u00e7\u00e3o TRE\/RN n\u00ba 83\/2022, sendo estabelecido o hor\u00e1rio da elei\u00e7\u00e3o das&nbsp;<strong>8h \u00e0s 17h<\/strong>.<\/p>\n\n\n\n<p>A mudan\u00e7a do hor\u00e1rio da vota\u00e7\u00e3o nos dois munic\u00edpios, foi publicada na Resolu\u00e7\u00e3o n.\u00ba 94, de 24 de novembro de 2022, obedecendo \u00e0 Portaria TSE n\u00ba 685, de 21 de outubro de 2021, que estabelece o calend\u00e1rio de realiza\u00e7\u00e3o das elei\u00e7\u00f5es suplementares em 2022; considerando que os sistemas das urnas eletr\u00f4nicas est\u00e3o configurados para a vota\u00e7\u00e3o ter in\u00edcio \u00e0s 8h do dia da elei\u00e7\u00e3o, n\u00e3o sendo recomend\u00e1vel parametriza\u00e7\u00e3o espec\u00edfica de hor\u00e1rio distinto.<\/p><div class=\"deanu69ed9d6d03e43\" ><!--<a href=\"https:\/\/bit.ly\/3QdrqTZ\" target=\"_blank\">\n<img src=\"https:\/\/justicapotiguar.com.br\/wp-content\/uploads\/2023\/09\/mobile-geral.gif\"\/><a\/>--><\/div><style type=\"text\/css\">\r\n.deanu69ed9d6d03e43 {\r\ntext-align: center;\r\n}\r\n@media screen and (min-width: 1201px) {\r\n.deanu69ed9d6d03e43 {\r\ndisplay: none;\r\n}\r\n}\r\n@media screen and (min-width: 993px) and (max-width: 1200px) {\r\n.deanu69ed9d6d03e43 {\r\ndisplay: none;\r\n}\r\n}\r\n@media screen and (min-width: 769px) and (max-width: 992px) {\r\n.deanu69ed9d6d03e43 {\r\ndisplay: none;\r\n}\r\n}\r\n@media screen and (min-width: 768px) and (max-width: 768px) {\r\n.deanu69ed9d6d03e43 {\r\ndisplay: block;\r\n}\r\n}\r\n@media screen and (max-width: 767px) {\r\n.deanu69ed9d6d03e43 {\r\ndisplay: block;\r\n}\r\n}\r\n<\/style>\r\n<div class=\"dleau69ed9d6d03e2f\" ><!--<a href=\"https:\/\/bit.ly\/3QdrqTZ\" target=\"_blank\">\n<img src=\"https:\/\/justicapotiguar.com.br\/wp-content\/uploads\/2023\/09\/desktop-geral.gif\"\/><a\/>--><\/div><style type=\"text\/css\">\r\n.dleau69ed9d6d03e2f {\r\ntext-align: center;\nmargin-bottom: 1em;\r\n}\r\n@media screen and (min-width: 1201px) {\r\n.dleau69ed9d6d03e2f {\r\ndisplay: block;\r\n}\r\n}\r\n@media screen and (min-width: 993px) and (max-width: 1200px) {\r\n.dleau69ed9d6d03e2f {\r\ndisplay: block;\r\n}\r\n}\r\n@media screen and (min-width: 769px) and (max-width: 992px) {\r\n.dleau69ed9d6d03e2f {\r\ndisplay: block;\r\n}\r\n}\r\n@media screen and (min-width: 768px) and (max-width: 768px) {\r\n.dleau69ed9d6d03e2f {\r\ndisplay: none;\r\n}\r\n}\r\n@media screen and (max-width: 767px) {\r\n.dleau69ed9d6d03e2f {\r\ndisplay: none;\r\n}\r\n}\r\n<\/style>\r\n\n\n\n\n<p>Os dois munic\u00edpios pertencem \u00e0 11\u00aa zona eleitoral. Canguaretama tem 24.006 eleitores, que devem votar em 80 se\u00e7\u00f5es, distribu\u00eddas em 19 locais de vota\u00e7\u00e3o, J\u00e1 Pedro Velho tem 11.605 eleitores, organizados em 43 se\u00e7\u00f5es eleitorais e em 9 locais de vota\u00e7\u00e3o.<\/p>\n\n\n\n<p>Em Canguaretama, o Tribunal Superior Eleitoral (TSE) manteve a cassa\u00e7\u00e3o do prefeito Wellinson Ribeiro e da vice-prefeita, Maria de F\u00e1tima Moreira. Wellinson foi considerado ineleg\u00edvel devido a uma condena\u00e7\u00e3o criminal na Justi\u00e7a Federal por crime contra a f\u00e9 p\u00fablica. Para as elei\u00e7\u00f5es suplementares, o cart\u00f3rio eleitoral do munic\u00edpio registrou 3 candidaturas para o cargo de prefeito<\/p>\n","protected":false},"excerpt":{"rendered":"<p>O Presidente do Tribunal Regional Eleitoral do Rio Grande do Norte (TRE-RN), desembargador Corn\u00e9lio Alves, na Sess\u00e3o Plen\u00e1ria de hoje (25), referendou a mudan\u00e7a do hor\u00e1rio das elei\u00e7\u00f5es suplementares para os munic\u00edpios de Canguaretama e Pedro Velho, que ocorrer\u00e1 neste domingo, 27 de novembro. Foi alterado o calend\u00e1rio eleitoral previsto no anexo da Resolu\u00e7\u00e3o TRE\/RN<br \/><a class=\"more-link\" href=\"https:\/\/justicapotiguar.com.br\/index.php\/2022\/11\/26\/eleicoes-suplementares-votacao-em-canguaretama-e-pedro-velho-sera-das-8h-as-17h-neste-domingo\/\">Mais&#8230;<\/a><\/p>\n","protected":false},"author":5,"featured_media":0,"comment_status":"open","ping_status":"open","sticky":false,"template":"","format":"standard","meta":[],"categories":[1],"tags":[],"_links":{"self":[{"href":"https:\/\/justicapotiguar.com.br\/index.php\/wp-json\/wp\/v2\/posts\/29346"}],"collection":[{"href":"https:\/\/justicapotiguar.com.br\/index.php\/wp-json\/wp\/v2\/posts"}],"about":[{"href":"https:\/\/justicapotiguar.com.br\/index.php\/wp-json\/wp\/v2\/types\/post"}],"author":[{"embeddable":true,"href":"https:\/\/justicapotiguar.com.br\/index.php\/wp-json\/wp\/v2\/users\/5"}],"replies":[{"embeddable":true,"href":"https:\/\/justicapotiguar.com.br\/index.php\/wp-json\/wp\/v2\/comments?post=29346"}],"version-history":[{"count":1,"href":"https:\/\/justicapotiguar.com.br\/index.php\/wp-json\/wp\/v2\/posts\/29346\/revisions"}],"predecessor-version":[{"id":29347,"href":"https:\/\/justicapotiguar.com.br\/index.php\/wp-json\/wp\/v2\/posts\/29346\/revisions\/29347"}],"wp:attachment":[{"href":"https:\/\/justicapotiguar.com.br\/index.php\/wp-json\/wp\/v2\/media?parent=29346"}],"wp:term":[{"taxonomy":"category","embeddable":true,"href":"https:\/\/justicapotiguar.com.br\/index.php\/wp-json\/wp\/v2\/categories?post=29346"},{"taxonomy":"post_tag","embeddable":true,"href":"https:\/\/justicapotiguar.com.br\/index.php\/wp-json\/wp\/v2\/tags?post=29346"}],"curies":[{"name":"wp","href":"https:\/\/api.w.org\/{rel}","templated":true}]}}