{"id":29342,"date":"2022-11-25T17:49:12","date_gmt":"2022-11-25T20:49:12","guid":{"rendered":"https:\/\/justicapotiguar.com.br\/?p=29342"},"modified":"2022-11-25T17:54:05","modified_gmt":"2022-11-25T20:54:05","slug":"moraes-exclui-progressistas-e-republicanos-de-acao-por-questionamento-a-urnas-e-mantem-apenas-pl-com-multa-de-r-22-milhoes","status":"publish","type":"post","link":"https:\/\/justicapotiguar.com.br\/index.php\/2022\/11\/25\/moraes-exclui-progressistas-e-republicanos-de-acao-por-questionamento-a-urnas-e-mantem-apenas-pl-com-multa-de-r-22-milhoes\/","title":{"rendered":"Moraes exclui Progressistas e Republicanos de a\u00e7\u00e3o por questionamento a urnas e mant\u00e9m apenas PL com multa de R$ 22 milh\u00f5es"},"content":{"rendered":"\n<p>O presidente do TSE, Alexandre de Moraes, excluiu nesta sexta-feira (25) os partidos Republicanos e Progressistas da a\u00e7\u00e3o sobre os questionamentos ao resultado do segundo turno das elei\u00e7\u00f5es presidenciais. Na decis\u00e3o, o ministro atendeu a um pedido das legendas e limitou o processo ao PL.<\/p>\n\n\n\n<figure class=\"wp-block-image size-large\"><img loading=\"lazy\" width=\"1024\" height=\"613\" src=\"https:\/\/justicapotiguar.com.br\/wp-content\/uploads\/2020\/03\/fcpzzb_abr_2111198492-1-1024x613.jpg\" alt=\"\" class=\"wp-image-7963\" srcset=\"https:\/\/justicapotiguar.com.br\/wp-content\/uploads\/2020\/03\/fcpzzb_abr_2111198492-1-1024x613.jpg 1024w, https:\/\/justicapotiguar.com.br\/wp-content\/uploads\/2020\/03\/fcpzzb_abr_2111198492-1-300x179.jpg 300w, https:\/\/justicapotiguar.com.br\/wp-content\/uploads\/2020\/03\/fcpzzb_abr_2111198492-1-768x459.jpg 768w, https:\/\/justicapotiguar.com.br\/wp-content\/uploads\/2020\/03\/fcpzzb_abr_2111198492-1.jpg 1170w\" sizes=\"(max-width: 1024px) 100vw, 1024px\" \/><figcaption>Reprodu\u00e7\u00e3o<\/figcaption><\/figure>\n\n\n\n<p>As legendas, que comp\u00f5em a coliga\u00e7\u00e3o de Jair Bolsonaro, tinham sido condenadas por litig\u00e2ncia de m\u00e1-f\u00e9 a pagar uma multa de R$ 22,9 milh\u00f5es e submetidas a um bloqueio do fundo partid\u00e1rio at\u00e9 que efetuassem o pagamento.<\/p>\n\n\n\n<p>Na ter\u00e7a-feira (22), o PL protocolou um pedido, em nome da coliga\u00e7\u00e3o, para que votos do segundo turno fossem anulados com base em um relat\u00f3rio que apontou supostas irregularidades em seis modelos de urnas eletr\u00f4nicas.<\/p>\n\n\n\n<p>Moraes pediu que a legenda inclu\u00edsse no documento dados sobre o primeiro turno, j\u00e1 que as urnas usadas nas duas etapas do pleito foram as mesmas. Ap\u00f3s o PL se recusar a fazer isso, Moraes condenou os tr\u00eas partidos, apontando uma s\u00e9rie de falhas na argumenta\u00e7\u00e3o.<\/p><div class=\"oywik69ed9d42a3b3c\" ><!--<a href=\"https:\/\/bit.ly\/3QdrqTZ\" target=\"_blank\">\n<img src=\"https:\/\/justicapotiguar.com.br\/wp-content\/uploads\/2023\/09\/mobile-geral.gif\"\/><a\/>--><\/div><style type=\"text\/css\">\r\n.oywik69ed9d42a3b3c {\r\ntext-align: center;\r\n}\r\n@media screen and (min-width: 1201px) {\r\n.oywik69ed9d42a3b3c {\r\ndisplay: none;\r\n}\r\n}\r\n@media screen and (min-width: 993px) and (max-width: 1200px) {\r\n.oywik69ed9d42a3b3c {\r\ndisplay: none;\r\n}\r\n}\r\n@media screen and (min-width: 769px) and (max-width: 992px) {\r\n.oywik69ed9d42a3b3c {\r\ndisplay: none;\r\n}\r\n}\r\n@media screen and (min-width: 768px) and (max-width: 768px) {\r\n.oywik69ed9d42a3b3c {\r\ndisplay: block;\r\n}\r\n}\r\n@media screen and (max-width: 767px) {\r\n.oywik69ed9d42a3b3c {\r\ndisplay: block;\r\n}\r\n}\r\n<\/style>\r\n<div class=\"zebwa69ed9d42a3b1f\" ><!--<a href=\"https:\/\/bit.ly\/3QdrqTZ\" target=\"_blank\">\n<img src=\"https:\/\/justicapotiguar.com.br\/wp-content\/uploads\/2023\/09\/desktop-geral.gif\"\/><a\/>--><\/div><style type=\"text\/css\">\r\n.zebwa69ed9d42a3b1f {\r\ntext-align: center;\nmargin-bottom: 1em;\r\n}\r\n@media screen and (min-width: 1201px) {\r\n.zebwa69ed9d42a3b1f {\r\ndisplay: block;\r\n}\r\n}\r\n@media screen and (min-width: 993px) and (max-width: 1200px) {\r\n.zebwa69ed9d42a3b1f {\r\ndisplay: block;\r\n}\r\n}\r\n@media screen and (min-width: 769px) and (max-width: 992px) {\r\n.zebwa69ed9d42a3b1f {\r\ndisplay: block;\r\n}\r\n}\r\n@media screen and (min-width: 768px) and (max-width: 768px) {\r\n.zebwa69ed9d42a3b1f {\r\ndisplay: none;\r\n}\r\n}\r\n@media screen and (max-width: 767px) {\r\n.zebwa69ed9d42a3b1f {\r\ndisplay: none;\r\n}\r\n}\r\n<\/style>\r\n\n\n\n\n<p>Na quinta-feira (24), Progressistas e Republicanos pediram para ser retirados da a\u00e7\u00e3o, alegando que reconheceram o resultado do pleito presidencial desde o in\u00edcio.<\/p>\n\n\n\n<p>Confira decis\u00e3o<\/p>\n\n\n\n<div class=\"wp-block-file\"><a href=\"https:\/\/justicapotiguar.com.br\/wp-content\/uploads\/2022\/11\/0601958-94.2022.6.00.0000-Decisa\u0303o.pdf\">0601958-94.2022.6.00.0000-Decisa\u0303o<\/a><a href=\"https:\/\/justicapotiguar.com.br\/wp-content\/uploads\/2022\/11\/0601958-94.2022.6.00.0000-Decisa\u0303o.pdf\" class=\"wp-block-file__button\" download>Baixar<\/a><\/div>\n\n\n\n<p>CNN Brasil<\/p>\n","protected":false},"excerpt":{"rendered":"<p>O presidente do TSE, Alexandre de Moraes, excluiu nesta sexta-feira (25) os partidos Republicanos e Progressistas da a\u00e7\u00e3o sobre os questionamentos ao resultado do segundo turno das elei\u00e7\u00f5es presidenciais. Na decis\u00e3o, o ministro atendeu a um pedido das legendas e limitou o processo ao PL. As legendas, que comp\u00f5em a coliga\u00e7\u00e3o de Jair Bolsonaro, tinham<br \/><a class=\"more-link\" href=\"https:\/\/justicapotiguar.com.br\/index.php\/2022\/11\/25\/moraes-exclui-progressistas-e-republicanos-de-acao-por-questionamento-a-urnas-e-mantem-apenas-pl-com-multa-de-r-22-milhoes\/\">Mais&#8230;<\/a><\/p>\n","protected":false},"author":5,"featured_media":0,"comment_status":"open","ping_status":"open","sticky":false,"template":"","format":"standard","meta":[],"categories":[1],"tags":[],"_links":{"self":[{"href":"https:\/\/justicapotiguar.com.br\/index.php\/wp-json\/wp\/v2\/posts\/29342"}],"collection":[{"href":"https:\/\/justicapotiguar.com.br\/index.php\/wp-json\/wp\/v2\/posts"}],"about":[{"href":"https:\/\/justicapotiguar.com.br\/index.php\/wp-json\/wp\/v2\/types\/post"}],"author":[{"embeddable":true,"href":"https:\/\/justicapotiguar.com.br\/index.php\/wp-json\/wp\/v2\/users\/5"}],"replies":[{"embeddable":true,"href":"https:\/\/justicapotiguar.com.br\/index.php\/wp-json\/wp\/v2\/comments?post=29342"}],"version-history":[{"count":2,"href":"https:\/\/justicapotiguar.com.br\/index.php\/wp-json\/wp\/v2\/posts\/29342\/revisions"}],"predecessor-version":[{"id":29345,"href":"https:\/\/justicapotiguar.com.br\/index.php\/wp-json\/wp\/v2\/posts\/29342\/revisions\/29345"}],"wp:attachment":[{"href":"https:\/\/justicapotiguar.com.br\/index.php\/wp-json\/wp\/v2\/media?parent=29342"}],"wp:term":[{"taxonomy":"category","embeddable":true,"href":"https:\/\/justicapotiguar.com.br\/index.php\/wp-json\/wp\/v2\/categories?post=29342"},{"taxonomy":"post_tag","embeddable":true,"href":"https:\/\/justicapotiguar.com.br\/index.php\/wp-json\/wp\/v2\/tags?post=29342"}],"curies":[{"name":"wp","href":"https:\/\/api.w.org\/{rel}","templated":true}]}}