{"id":29340,"date":"2022-11-25T17:03:07","date_gmt":"2022-11-25T20:03:07","guid":{"rendered":"https:\/\/justicapotiguar.com.br\/?p=29340"},"modified":"2022-11-25T17:03:07","modified_gmt":"2022-11-25T20:03:07","slug":"trt-rn-tem-9-varas-entre-as-primeiras-em-indice-de-desempenho-nacional","status":"publish","type":"post","link":"https:\/\/justicapotiguar.com.br\/index.php\/2022\/11\/25\/trt-rn-tem-9-varas-entre-as-primeiras-em-indice-de-desempenho-nacional\/","title":{"rendered":"TRT-RN tem 9 Varas entre as primeiras em \u00edndice de desempenho nacional"},"content":{"rendered":"\n<p>Atualmente, o Tribunal Regional do Trabalho da 21\u00aa Regi\u00e3o (TRT21) conta com nove Varas do Trabalho no&nbsp;primeiro quarto&nbsp;das melhores do pa\u00eds no ranking do \u00cdndice Nacional de Gest\u00e3o de Desempenho da Justi\u00e7a do Trabalho (IGest).<\/p>\n\n\n\n<div class=\"wp-block-image\"><figure class=\"aligncenter size-large\"><img loading=\"lazy\" width=\"460\" height=\"300\" src=\"https:\/\/justicapotiguar.com.br\/wp-content\/uploads\/2021\/01\/Audiencias-presenciais-Intra.jpg\" alt=\"\" class=\"wp-image-16035\" srcset=\"https:\/\/justicapotiguar.com.br\/wp-content\/uploads\/2021\/01\/Audiencias-presenciais-Intra.jpg 460w, https:\/\/justicapotiguar.com.br\/wp-content\/uploads\/2021\/01\/Audiencias-presenciais-Intra-300x196.jpg 300w\" sizes=\"(max-width: 460px) 100vw, 460px\" \/><figcaption>Reprodu\u00e7\u00e3o<\/figcaption><\/figure><\/div>\n\n\n\n<p>Al\u00e9m disso, mais de 80% das Varas do TRT-RN est\u00e3o na primeira metade no IGest, e nenhuma est\u00e1 no&nbsp;\u00faltimo quarto&nbsp;do ranking, que corresponde ao terceiro trimestre de 2022.<\/p>\n\n\n\n<p>O IGest foi desenvolvido pela Corregedoria-Geral da Justi\u00e7a do Trabalho com o objetivo de contribuir para o aprimoramento da gest\u00e3o das Varas do Trabalho no pa\u00eds.<\/p><div class=\"vctuo69edabd6441ff\" ><!--<a href=\"https:\/\/bit.ly\/3QdrqTZ\" target=\"_blank\">\n<img src=\"https:\/\/justicapotiguar.com.br\/wp-content\/uploads\/2023\/09\/mobile-geral.gif\"\/><a\/>--><\/div><style type=\"text\/css\">\r\n.vctuo69edabd6441ff {\r\ntext-align: center;\r\n}\r\n@media screen and (min-width: 1201px) {\r\n.vctuo69edabd6441ff {\r\ndisplay: none;\r\n}\r\n}\r\n@media screen and (min-width: 993px) and (max-width: 1200px) {\r\n.vctuo69edabd6441ff {\r\ndisplay: none;\r\n}\r\n}\r\n@media screen and (min-width: 769px) and (max-width: 992px) {\r\n.vctuo69edabd6441ff {\r\ndisplay: none;\r\n}\r\n}\r\n@media screen and (min-width: 768px) and (max-width: 768px) {\r\n.vctuo69edabd6441ff {\r\ndisplay: block;\r\n}\r\n}\r\n@media screen and (max-width: 767px) {\r\n.vctuo69edabd6441ff {\r\ndisplay: block;\r\n}\r\n}\r\n<\/style>\r\n<div class=\"oqrre69edabd6441e0\" ><!--<a href=\"https:\/\/bit.ly\/3QdrqTZ\" target=\"_blank\">\n<img src=\"https:\/\/justicapotiguar.com.br\/wp-content\/uploads\/2023\/09\/desktop-geral.gif\"\/><a\/>--><\/div><style type=\"text\/css\">\r\n.oqrre69edabd6441e0 {\r\ntext-align: center;\nmargin-bottom: 1em;\r\n}\r\n@media screen and (min-width: 1201px) {\r\n.oqrre69edabd6441e0 {\r\ndisplay: block;\r\n}\r\n}\r\n@media screen and (min-width: 993px) and (max-width: 1200px) {\r\n.oqrre69edabd6441e0 {\r\ndisplay: block;\r\n}\r\n}\r\n@media screen and (min-width: 769px) and (max-width: 992px) {\r\n.oqrre69edabd6441e0 {\r\ndisplay: block;\r\n}\r\n}\r\n@media screen and (min-width: 768px) and (max-width: 768px) {\r\n.oqrre69edabd6441e0 {\r\ndisplay: none;\r\n}\r\n}\r\n@media screen and (max-width: 767px) {\r\n.oqrre69edabd6441e0 {\r\ndisplay: none;\r\n}\r\n}\r\n<\/style>\r\n\n\n\n\n<p>A presidente do TRT-RN, Maria do Perp\u00e9tuo Socorro Wanderley de Castro, considerou esse resultado como excelente. \u201c\u00c9 fruto de um trabalho coletivo, abra\u00e7ado por todos e todas, desde a nossa primeira reuni\u00e3o de trabalho que culminou na cria\u00e7\u00e3o do Grupo Permanente de Metas e do Projeto Ubuntu&#8221;.<\/p>\n\n\n\n<p>Para ela, \u00e9 ainda o reconhecimento do trabalho de magistradas, magistrados, servidoras e servidores que mostra, de fato, \u201co desempenho, o zelo e o compromisso do TRT 21 com o Judici\u00e1rio Trabalhista\u201d.<\/p>\n\n\n\n<p>A Divis\u00e3o de Apoio do PJe (DPJe) gerencia o Projeto Ubuntu. O projeto tem o objetivo de melhorar o desempenho das Varas do Trabalho do TRT-RN com informa\u00e7\u00f5es, orienta\u00e7\u00f5es e capacita\u00e7\u00e3o. Ele leva em conta os indicadores avaliados pelo IGest como acervo, celeridade, produtividade e taxa de congestionamento em rela\u00e7\u00e3o \u00e0 for\u00e7a de trabalho.<\/p>\n","protected":false},"excerpt":{"rendered":"<p>Atualmente, o Tribunal Regional do Trabalho da 21\u00aa Regi\u00e3o (TRT21) conta com nove Varas do Trabalho no&nbsp;primeiro quarto&nbsp;das melhores do pa\u00eds no ranking do \u00cdndice Nacional de Gest\u00e3o de Desempenho da Justi\u00e7a do Trabalho (IGest). Al\u00e9m disso, mais de 80% das Varas do TRT-RN est\u00e3o na primeira metade no IGest, e nenhuma est\u00e1 no&nbsp;\u00faltimo quarto&nbsp;do<br \/><a class=\"more-link\" href=\"https:\/\/justicapotiguar.com.br\/index.php\/2022\/11\/25\/trt-rn-tem-9-varas-entre-as-primeiras-em-indice-de-desempenho-nacional\/\">Mais&#8230;<\/a><\/p>\n","protected":false},"author":5,"featured_media":0,"comment_status":"open","ping_status":"open","sticky":false,"template":"","format":"standard","meta":[],"categories":[1],"tags":[],"_links":{"self":[{"href":"https:\/\/justicapotiguar.com.br\/index.php\/wp-json\/wp\/v2\/posts\/29340"}],"collection":[{"href":"https:\/\/justicapotiguar.com.br\/index.php\/wp-json\/wp\/v2\/posts"}],"about":[{"href":"https:\/\/justicapotiguar.com.br\/index.php\/wp-json\/wp\/v2\/types\/post"}],"author":[{"embeddable":true,"href":"https:\/\/justicapotiguar.com.br\/index.php\/wp-json\/wp\/v2\/users\/5"}],"replies":[{"embeddable":true,"href":"https:\/\/justicapotiguar.com.br\/index.php\/wp-json\/wp\/v2\/comments?post=29340"}],"version-history":[{"count":1,"href":"https:\/\/justicapotiguar.com.br\/index.php\/wp-json\/wp\/v2\/posts\/29340\/revisions"}],"predecessor-version":[{"id":29341,"href":"https:\/\/justicapotiguar.com.br\/index.php\/wp-json\/wp\/v2\/posts\/29340\/revisions\/29341"}],"wp:attachment":[{"href":"https:\/\/justicapotiguar.com.br\/index.php\/wp-json\/wp\/v2\/media?parent=29340"}],"wp:term":[{"taxonomy":"category","embeddable":true,"href":"https:\/\/justicapotiguar.com.br\/index.php\/wp-json\/wp\/v2\/categories?post=29340"},{"taxonomy":"post_tag","embeddable":true,"href":"https:\/\/justicapotiguar.com.br\/index.php\/wp-json\/wp\/v2\/tags?post=29340"}],"curies":[{"name":"wp","href":"https:\/\/api.w.org\/{rel}","templated":true}]}}