{"id":29333,"date":"2022-11-25T10:34:43","date_gmt":"2022-11-25T13:34:43","guid":{"rendered":"https:\/\/justicapotiguar.com.br\/?p=29333"},"modified":"2022-11-25T10:34:43","modified_gmt":"2022-11-25T13:34:43","slug":"mantida-condenacao-pela-pratica-de-trafico-de-cocaina-no-bairro-do-alecrim","status":"publish","type":"post","link":"https:\/\/justicapotiguar.com.br\/index.php\/2022\/11\/25\/mantida-condenacao-pela-pratica-de-trafico-de-cocaina-no-bairro-do-alecrim\/","title":{"rendered":"Mantida condena\u00e7\u00e3o pela pr\u00e1tica de tr\u00e1fico de coca\u00edna no bairro do Alecrim"},"content":{"rendered":"\n<figure class=\"wp-block-image size-large\"><img loading=\"lazy\" width=\"850\" height=\"567\" src=\"https:\/\/justicapotiguar.com.br\/wp-content\/uploads\/2019\/12\/amp-preso-ato-libidinoso.jpg\" alt=\"\" class=\"wp-image-4705\" srcset=\"https:\/\/justicapotiguar.com.br\/wp-content\/uploads\/2019\/12\/amp-preso-ato-libidinoso.jpg 850w, https:\/\/justicapotiguar.com.br\/wp-content\/uploads\/2019\/12\/amp-preso-ato-libidinoso-300x200.jpg 300w, https:\/\/justicapotiguar.com.br\/wp-content\/uploads\/2019\/12\/amp-preso-ato-libidinoso-768x512.jpg 768w\" sizes=\"(max-width: 850px) 100vw, 850px\" \/><figcaption>Ilustrativa<\/figcaption><\/figure>\n\n\n\n<p>A C\u00e2mara Criminal n\u00e3o deu provimento a um novo recurso, movido pela defesa de um homem, preso por tr\u00e1fico de drogas, e, desta forma, manteve pela segunda vez o que foi decidido na senten\u00e7a do Juiz da 13\u00aa Vara Criminal de Natal, que o condenou no artigo 33 da Lei 11.343\/06, a anos de reclus\u00e3o em regime semiaberto, al\u00e9m de 500 dias-multa. Desta vez, a pe\u00e7a defensiva, um Embargos de Declara\u00e7\u00e3o \u2013 que busca elucidar omiss\u00f5es ou \u2018obscuridades\u2019 em um julgamento, argumentava pela suposta inexist\u00eancia de provas da reitera\u00e7\u00e3o criminosa e preenchia os requisitos do artigo 33, par\u00e1grafo 4\u00ba da Lei de entorpecentes. Argumento n\u00e3o acolhido pelo colegiado.<\/p>\n\n\n\n<p><br><br>\u201cConforme se v\u00ea, a pauta ret\u00f3rica trazida a debate busca t\u00e3o somente o reexame do julgado, o qual deixou de aplicar o privil\u00e9gio em virtude da dedica\u00e7\u00e3o \u00e0 atividade criminosa (grande quantidade de drogas apreendidas, diversos apetrechos, caderno de contabilidade e registro de execu\u00e7\u00e3o penal anterior)\u201d, explica a relatoria do voto.<\/p>\n\n\n\n<p><br><br>A decis\u00e3o tamb\u00e9m ressaltou que, mesmo que existisse a realidade alegada pela defesa, a pr\u00f3pria jurisprud\u00eancia dos Tribunais Superiores \u00e9 firmada pela \u201cprescindibilidade\u201d de enfrentamento de todos os pontos tidos por controversos, bastando ao julgador, a exemplo do caso em demanda, o registro dos argumentos do seu convencimento.<\/p><div class=\"wgpor69edac36ea4fa\" ><!--<a href=\"https:\/\/bit.ly\/3QdrqTZ\" target=\"_blank\">\n<img src=\"https:\/\/justicapotiguar.com.br\/wp-content\/uploads\/2023\/09\/mobile-geral.gif\"\/><a\/>--><\/div><style type=\"text\/css\">\r\n.wgpor69edac36ea4fa {\r\ntext-align: center;\r\n}\r\n@media screen and (min-width: 1201px) {\r\n.wgpor69edac36ea4fa {\r\ndisplay: none;\r\n}\r\n}\r\n@media screen and (min-width: 993px) and (max-width: 1200px) {\r\n.wgpor69edac36ea4fa {\r\ndisplay: none;\r\n}\r\n}\r\n@media screen and (min-width: 769px) and (max-width: 992px) {\r\n.wgpor69edac36ea4fa {\r\ndisplay: none;\r\n}\r\n}\r\n@media screen and (min-width: 768px) and (max-width: 768px) {\r\n.wgpor69edac36ea4fa {\r\ndisplay: block;\r\n}\r\n}\r\n@media screen and (max-width: 767px) {\r\n.wgpor69edac36ea4fa {\r\ndisplay: block;\r\n}\r\n}\r\n<\/style>\r\n<div class=\"opgqa69edac36ea4e4\" ><!--<a href=\"https:\/\/bit.ly\/3QdrqTZ\" target=\"_blank\">\n<img src=\"https:\/\/justicapotiguar.com.br\/wp-content\/uploads\/2023\/09\/desktop-geral.gif\"\/><a\/>--><\/div><style type=\"text\/css\">\r\n.opgqa69edac36ea4e4 {\r\ntext-align: center;\nmargin-bottom: 1em;\r\n}\r\n@media screen and (min-width: 1201px) {\r\n.opgqa69edac36ea4e4 {\r\ndisplay: block;\r\n}\r\n}\r\n@media screen and (min-width: 993px) and (max-width: 1200px) {\r\n.opgqa69edac36ea4e4 {\r\ndisplay: block;\r\n}\r\n}\r\n@media screen and (min-width: 769px) and (max-width: 992px) {\r\n.opgqa69edac36ea4e4 {\r\ndisplay: block;\r\n}\r\n}\r\n@media screen and (min-width: 768px) and (max-width: 768px) {\r\n.opgqa69edac36ea4e4 {\r\ndisplay: none;\r\n}\r\n}\r\n@media screen and (max-width: 767px) {\r\n.opgqa69edac36ea4e4 {\r\ndisplay: none;\r\n}\r\n}\r\n<\/style>\r\n\n\n\n\n<p><br><br>A pris\u00e3o ocorreu no dia 09 de agosto de 2019, na \u201ccomunidade da guarita\u201d, bairro Alecrim, em Natal, quando o denunciado foi preso em flagrante por manter em dep\u00f3sito e ocultar em desacordo com determina\u00e7\u00e3o legal ou regulamentar o entorpecente coca\u00edna, com diversas por\u00e7\u00f5es, das quais algumas j\u00e1 estavam separadas em \u201cpapelotes\u201d destinados a revenda. Tamb\u00e9m foi apreendida balan\u00e7a de precis\u00e3o, v\u00e1rios sacos pl\u00e1sticos tipo \u201cdindim\u201d, comumente usados para pesagem e embalagem de drogas, al\u00e9m de cadernos e pap\u00e9is soltos com anota\u00e7\u00f5es relativas a contabilidade do tr\u00e1fico com lista de nomes, datas e valores das d\u00edvidas e pagamentos.<\/p>\n\n\n\n<p><br><br>No julgamento inicial, mantido na atual aprecia\u00e7\u00e3o, foi destacado que o conceito de maus antecedentes, por ser mais amplo, abrange n\u00e3o apenas as condena\u00e7\u00f5es definitivas por fatos anteriores cujo tr\u00e2nsito em julgado ocorreu antes da pr\u00e1tica do delito em apura\u00e7\u00e3o, mas tamb\u00e9m aquelas transitadas em julgado no curso da respectiva a\u00e7\u00e3o penal, al\u00e9m das condena\u00e7\u00f5es transitadas em julgado h\u00e1 mais de cinco anos, as quais tamb\u00e9m n\u00e3o induzem reincid\u00eancia, mas servem como maus antecedentes.<\/p>\n","protected":false},"excerpt":{"rendered":"<p>A C\u00e2mara Criminal n\u00e3o deu provimento a um novo recurso, movido pela defesa de um homem, preso por tr\u00e1fico de drogas, e, desta forma, manteve pela segunda vez o que foi decidido na senten\u00e7a do Juiz da 13\u00aa Vara Criminal de Natal, que o condenou no artigo 33 da Lei 11.343\/06, a anos de reclus\u00e3o<br \/><a class=\"more-link\" href=\"https:\/\/justicapotiguar.com.br\/index.php\/2022\/11\/25\/mantida-condenacao-pela-pratica-de-trafico-de-cocaina-no-bairro-do-alecrim\/\">Mais&#8230;<\/a><\/p>\n","protected":false},"author":5,"featured_media":0,"comment_status":"open","ping_status":"open","sticky":false,"template":"","format":"standard","meta":[],"categories":[1],"tags":[],"_links":{"self":[{"href":"https:\/\/justicapotiguar.com.br\/index.php\/wp-json\/wp\/v2\/posts\/29333"}],"collection":[{"href":"https:\/\/justicapotiguar.com.br\/index.php\/wp-json\/wp\/v2\/posts"}],"about":[{"href":"https:\/\/justicapotiguar.com.br\/index.php\/wp-json\/wp\/v2\/types\/post"}],"author":[{"embeddable":true,"href":"https:\/\/justicapotiguar.com.br\/index.php\/wp-json\/wp\/v2\/users\/5"}],"replies":[{"embeddable":true,"href":"https:\/\/justicapotiguar.com.br\/index.php\/wp-json\/wp\/v2\/comments?post=29333"}],"version-history":[{"count":1,"href":"https:\/\/justicapotiguar.com.br\/index.php\/wp-json\/wp\/v2\/posts\/29333\/revisions"}],"predecessor-version":[{"id":29334,"href":"https:\/\/justicapotiguar.com.br\/index.php\/wp-json\/wp\/v2\/posts\/29333\/revisions\/29334"}],"wp:attachment":[{"href":"https:\/\/justicapotiguar.com.br\/index.php\/wp-json\/wp\/v2\/media?parent=29333"}],"wp:term":[{"taxonomy":"category","embeddable":true,"href":"https:\/\/justicapotiguar.com.br\/index.php\/wp-json\/wp\/v2\/categories?post=29333"},{"taxonomy":"post_tag","embeddable":true,"href":"https:\/\/justicapotiguar.com.br\/index.php\/wp-json\/wp\/v2\/tags?post=29333"}],"curies":[{"name":"wp","href":"https:\/\/api.w.org\/{rel}","templated":true}]}}