{"id":29329,"date":"2022-11-25T08:19:17","date_gmt":"2022-11-25T11:19:17","guid":{"rendered":"https:\/\/justicapotiguar.com.br\/?p=29329"},"modified":"2022-11-25T08:19:17","modified_gmt":"2022-11-25T11:19:17","slug":"tse-retira-de-pauta-julgamento-de-wendell-lagartixa","status":"publish","type":"post","link":"https:\/\/justicapotiguar.com.br\/index.php\/2022\/11\/25\/tse-retira-de-pauta-julgamento-de-wendell-lagartixa\/","title":{"rendered":"TSE retira de pauta julgamento de Wendell Lagartixa"},"content":{"rendered":"\n<figure class=\"wp-block-image size-large\"><img loading=\"lazy\" width=\"627\" height=\"489\" src=\"https:\/\/justicapotiguar.com.br\/wp-content\/uploads\/2022\/10\/images-17.jpeg\" alt=\"\" class=\"wp-image-28621\" srcset=\"https:\/\/justicapotiguar.com.br\/wp-content\/uploads\/2022\/10\/images-17.jpeg 627w, https:\/\/justicapotiguar.com.br\/wp-content\/uploads\/2022\/10\/images-17-300x234.jpeg 300w\" sizes=\"(max-width: 627px) 100vw, 627px\" \/><figcaption>Reprodu\u00e7\u00e3o<\/figcaption><\/figure>\n\n\n\n<p>O Tribunal Superior Eleitoral (TSE) retirou da pauta do plen\u00e1rio virtual o julgamento do registro de candidatura do deputado estadual eleito, Wendell Lagartixa, que recebeu mais de 80 mil votos nas elei\u00e7\u00f5es.<\/p>\n\n\n\n<p>O julgamento que ocorreria de 25 de novembro a 2 de dezembro saiu da pauta ap\u00f3s um dos ministros pedir destaque, o que levar\u00e1 a ser marcada uma nova data para julgamento.<\/p><div class=\"ozwyn69edac56ed808\" ><!--<a href=\"https:\/\/bit.ly\/3QdrqTZ\" target=\"_blank\">\n<img src=\"https:\/\/justicapotiguar.com.br\/wp-content\/uploads\/2023\/09\/mobile-geral.gif\"\/><a\/>--><\/div><style type=\"text\/css\">\r\n.ozwyn69edac56ed808 {\r\ntext-align: center;\r\n}\r\n@media screen and (min-width: 1201px) {\r\n.ozwyn69edac56ed808 {\r\ndisplay: none;\r\n}\r\n}\r\n@media screen and (min-width: 993px) and (max-width: 1200px) {\r\n.ozwyn69edac56ed808 {\r\ndisplay: none;\r\n}\r\n}\r\n@media screen and (min-width: 769px) and (max-width: 992px) {\r\n.ozwyn69edac56ed808 {\r\ndisplay: none;\r\n}\r\n}\r\n@media screen and (min-width: 768px) and (max-width: 768px) {\r\n.ozwyn69edac56ed808 {\r\ndisplay: block;\r\n}\r\n}\r\n@media screen and (max-width: 767px) {\r\n.ozwyn69edac56ed808 {\r\ndisplay: block;\r\n}\r\n}\r\n<\/style>\r\n<div class=\"idhls69edac56ed7f5\" ><!--<a href=\"https:\/\/bit.ly\/3QdrqTZ\" target=\"_blank\">\n<img src=\"https:\/\/justicapotiguar.com.br\/wp-content\/uploads\/2023\/09\/desktop-geral.gif\"\/><a\/>--><\/div><style type=\"text\/css\">\r\n.idhls69edac56ed7f5 {\r\ntext-align: center;\nmargin-bottom: 1em;\r\n}\r\n@media screen and (min-width: 1201px) {\r\n.idhls69edac56ed7f5 {\r\ndisplay: block;\r\n}\r\n}\r\n@media screen and (min-width: 993px) and (max-width: 1200px) {\r\n.idhls69edac56ed7f5 {\r\ndisplay: block;\r\n}\r\n}\r\n@media screen and (min-width: 769px) and (max-width: 992px) {\r\n.idhls69edac56ed7f5 {\r\ndisplay: block;\r\n}\r\n}\r\n@media screen and (min-width: 768px) and (max-width: 768px) {\r\n.idhls69edac56ed7f5 {\r\ndisplay: none;\r\n}\r\n}\r\n@media screen and (max-width: 767px) {\r\n.idhls69edac56ed7f5 {\r\ndisplay: none;\r\n}\r\n}\r\n<\/style>\r\n\n\n\n\n<p>At\u00e9 o momento, apenas o relator ministro Ricardo Lewandowski havia votado e mantido a sua decis\u00e3o monocr\u00e1tica pela cassa\u00e7\u00e3o do registro em virtude de uma condena\u00e7\u00e3o por porte de arma e muni\u00e7\u00e3o, que na \u00e9poca era considerado crime hediondo e entre as penas estava a inelegibilidade. A defesa do deputado tenta reverter a decis\u00e3o com base na atualiza\u00e7\u00e3o da lei que retirou esse tipo de crime dos considerados hediondos.<\/p>\n","protected":false},"excerpt":{"rendered":"<p>O Tribunal Superior Eleitoral (TSE) retirou da pauta do plen\u00e1rio virtual o julgamento do registro de candidatura do deputado estadual eleito, Wendell Lagartixa, que recebeu mais de 80 mil votos nas elei\u00e7\u00f5es. O julgamento que ocorreria de 25 de novembro a 2 de dezembro saiu da pauta ap\u00f3s um dos ministros pedir destaque, o que<br \/><a class=\"more-link\" href=\"https:\/\/justicapotiguar.com.br\/index.php\/2022\/11\/25\/tse-retira-de-pauta-julgamento-de-wendell-lagartixa\/\">Mais&#8230;<\/a><\/p>\n","protected":false},"author":5,"featured_media":0,"comment_status":"open","ping_status":"open","sticky":false,"template":"","format":"standard","meta":[],"categories":[1],"tags":[],"_links":{"self":[{"href":"https:\/\/justicapotiguar.com.br\/index.php\/wp-json\/wp\/v2\/posts\/29329"}],"collection":[{"href":"https:\/\/justicapotiguar.com.br\/index.php\/wp-json\/wp\/v2\/posts"}],"about":[{"href":"https:\/\/justicapotiguar.com.br\/index.php\/wp-json\/wp\/v2\/types\/post"}],"author":[{"embeddable":true,"href":"https:\/\/justicapotiguar.com.br\/index.php\/wp-json\/wp\/v2\/users\/5"}],"replies":[{"embeddable":true,"href":"https:\/\/justicapotiguar.com.br\/index.php\/wp-json\/wp\/v2\/comments?post=29329"}],"version-history":[{"count":1,"href":"https:\/\/justicapotiguar.com.br\/index.php\/wp-json\/wp\/v2\/posts\/29329\/revisions"}],"predecessor-version":[{"id":29330,"href":"https:\/\/justicapotiguar.com.br\/index.php\/wp-json\/wp\/v2\/posts\/29329\/revisions\/29330"}],"wp:attachment":[{"href":"https:\/\/justicapotiguar.com.br\/index.php\/wp-json\/wp\/v2\/media?parent=29329"}],"wp:term":[{"taxonomy":"category","embeddable":true,"href":"https:\/\/justicapotiguar.com.br\/index.php\/wp-json\/wp\/v2\/categories?post=29329"},{"taxonomy":"post_tag","embeddable":true,"href":"https:\/\/justicapotiguar.com.br\/index.php\/wp-json\/wp\/v2\/tags?post=29329"}],"curies":[{"name":"wp","href":"https:\/\/api.w.org\/{rel}","templated":true}]}}