{"id":29320,"date":"2022-11-24T10:27:03","date_gmt":"2022-11-24T13:27:03","guid":{"rendered":"https:\/\/justicapotiguar.com.br\/?p=29320"},"modified":"2022-11-24T10:27:03","modified_gmt":"2022-11-24T13:27:03","slug":"femurn-ganha-acao-e-justica-manda-governo-do-rn-pagar-r-60-milhoes-a-municipios-do-estado","status":"publish","type":"post","link":"https:\/\/justicapotiguar.com.br\/index.php\/2022\/11\/24\/femurn-ganha-acao-e-justica-manda-governo-do-rn-pagar-r-60-milhoes-a-municipios-do-estado\/","title":{"rendered":"Femurn ganha a\u00e7\u00e3o e Justi\u00e7a manda Governo do RN pagar R$ 60 milh\u00f5es a munic\u00edpios do Estado"},"content":{"rendered":"\n<figure class=\"wp-block-image size-large\"><img loading=\"lazy\" width=\"660\" height=\"372\" src=\"https:\/\/justicapotiguar.com.br\/wp-content\/uploads\/2019\/08\/justica.jpg\" alt=\"\" class=\"wp-image-912\" srcset=\"https:\/\/justicapotiguar.com.br\/wp-content\/uploads\/2019\/08\/justica.jpg 660w, https:\/\/justicapotiguar.com.br\/wp-content\/uploads\/2019\/08\/justica-300x169.jpg 300w\" sizes=\"(max-width: 660px) 100vw, 660px\" \/><figcaption>Reprodu\u00e7\u00e3o<\/figcaption><\/figure>\n\n\n\n<p>O Tribunal de Justi\u00e7a do Rio Grande do Norte condenou o Governo do Estado a pagar um valor superior a R$ 60 milh\u00f5es aos munic\u00edpios potiguares. O dinheiro \u00e9 referente aos valores destinados a programas de assist\u00eancia farmac\u00eautica e ao fortalecimento da aten\u00e7\u00e3o b\u00e1sica, que estavam com seus repasses sendo atrasados pelo Executivo estadual desde gest\u00f5es passadas e que se mantinham atualmente. Os pagamentos dever\u00e3o ser feitos em parcelas de R$ 3 milh\u00f5es. A decis\u00e3o do Judici\u00e1rio foi por unanimidade, a partir de a\u00e7\u00e3o movida pela Federa\u00e7\u00e3o dos Munic\u00edpios do Rio Grande do Norte (Femurn).<\/p>\n\n\n\n<p>\u201c\u00c9 mais uma grande conquista da nossa entidade municipalista. Tentamos acordo por vias administrativas com o Governo e n\u00e3o obtivemos \u00eaxito. O Minist\u00e9rio P\u00fablico tamb\u00e9m tentou intermediar, mas n\u00e3o houve acerto por parte do Estado. A atual gest\u00e3o da Femurn buscou um entendimento de todas as formas, e agora com a decis\u00e3o do Tribunal de Justi\u00e7a, os munic\u00edpios receber\u00e3o em parcelas, mas que com certeza far\u00e3o uma diferen\u00e7a grande para a popula\u00e7\u00e3o, em especial na Farm\u00e1cia B\u00e1sica\u201d, disse Bab\u00e1 Pereira, presidente da Femurn.<\/p><div class=\"vdsio69edb53eb629a\" ><!--<a href=\"https:\/\/bit.ly\/3QdrqTZ\" target=\"_blank\">\n<img src=\"https:\/\/justicapotiguar.com.br\/wp-content\/uploads\/2023\/09\/mobile-geral.gif\"\/><a\/>--><\/div><style type=\"text\/css\">\r\n.vdsio69edb53eb629a {\r\ntext-align: center;\r\n}\r\n@media screen and (min-width: 1201px) {\r\n.vdsio69edb53eb629a {\r\ndisplay: none;\r\n}\r\n}\r\n@media screen and (min-width: 993px) and (max-width: 1200px) {\r\n.vdsio69edb53eb629a {\r\ndisplay: none;\r\n}\r\n}\r\n@media screen and (min-width: 769px) and (max-width: 992px) {\r\n.vdsio69edb53eb629a {\r\ndisplay: none;\r\n}\r\n}\r\n@media screen and (min-width: 768px) and (max-width: 768px) {\r\n.vdsio69edb53eb629a {\r\ndisplay: block;\r\n}\r\n}\r\n@media screen and (max-width: 767px) {\r\n.vdsio69edb53eb629a {\r\ndisplay: block;\r\n}\r\n}\r\n<\/style>\r\n<div class=\"fanpw69edb53eb6279\" ><!--<a href=\"https:\/\/bit.ly\/3QdrqTZ\" target=\"_blank\">\n<img src=\"https:\/\/justicapotiguar.com.br\/wp-content\/uploads\/2023\/09\/desktop-geral.gif\"\/><a\/>--><\/div><style type=\"text\/css\">\r\n.fanpw69edb53eb6279 {\r\ntext-align: center;\nmargin-bottom: 1em;\r\n}\r\n@media screen and (min-width: 1201px) {\r\n.fanpw69edb53eb6279 {\r\ndisplay: block;\r\n}\r\n}\r\n@media screen and (min-width: 993px) and (max-width: 1200px) {\r\n.fanpw69edb53eb6279 {\r\ndisplay: block;\r\n}\r\n}\r\n@media screen and (min-width: 769px) and (max-width: 992px) {\r\n.fanpw69edb53eb6279 {\r\ndisplay: block;\r\n}\r\n}\r\n@media screen and (min-width: 768px) and (max-width: 768px) {\r\n.fanpw69edb53eb6279 {\r\ndisplay: none;\r\n}\r\n}\r\n@media screen and (max-width: 767px) {\r\n.fanpw69edb53eb6279 {\r\ndisplay: none;\r\n}\r\n}\r\n<\/style>\r\n\n\n\n\n<p>Na decis\u00e3o do relator do processo, o desembargador Claudio Santos, consta ainda que o Estado dever\u00e1 realizar os repasses mensais rigorosamente na data determinada, tanto dos valores em atraso quanto os futuros pagamentos, sob pena de bloqueio dos recursos. A decis\u00e3o \u00e9 uma grande vit\u00f3ria dos munic\u00edpios potiguares, que mesmo durante a pandemia, precisaram suportar o atraso no repasse das verbas que s\u00e3o utilizadas, dentre outras coisas, para a compra de medicamentos essenciais.<\/p>\n\n\n\n<p>O assunto sempre esteve em destaque na pauta da Femurn, dada a import\u00e2ncia do papel social exercido pelos programas de sa\u00fade relacionados \u00e0 a\u00e7\u00e3o. O processo chegou a ficar suspenso por alguns meses diante da tentativa do Minist\u00e9rio P\u00fablico, coautor da a\u00e7\u00e3o, de mediar um acordo entre as partes. Mas, mesmo reconhecendo o d\u00e9bito, o Estado alegava dificuldades financeiras que lhe levaram a descumprir a obriga\u00e7\u00e3o de repasse dos recursos aos Munic\u00edpios.<\/p>\n","protected":false},"excerpt":{"rendered":"<p>O Tribunal de Justi\u00e7a do Rio Grande do Norte condenou o Governo do Estado a pagar um valor superior a R$ 60 milh\u00f5es aos munic\u00edpios potiguares. O dinheiro \u00e9 referente aos valores destinados a programas de assist\u00eancia farmac\u00eautica e ao fortalecimento da aten\u00e7\u00e3o b\u00e1sica, que estavam com seus repasses sendo atrasados pelo Executivo estadual desde<br \/><a class=\"more-link\" href=\"https:\/\/justicapotiguar.com.br\/index.php\/2022\/11\/24\/femurn-ganha-acao-e-justica-manda-governo-do-rn-pagar-r-60-milhoes-a-municipios-do-estado\/\">Mais&#8230;<\/a><\/p>\n","protected":false},"author":5,"featured_media":0,"comment_status":"open","ping_status":"open","sticky":false,"template":"","format":"standard","meta":[],"categories":[1],"tags":[],"_links":{"self":[{"href":"https:\/\/justicapotiguar.com.br\/index.php\/wp-json\/wp\/v2\/posts\/29320"}],"collection":[{"href":"https:\/\/justicapotiguar.com.br\/index.php\/wp-json\/wp\/v2\/posts"}],"about":[{"href":"https:\/\/justicapotiguar.com.br\/index.php\/wp-json\/wp\/v2\/types\/post"}],"author":[{"embeddable":true,"href":"https:\/\/justicapotiguar.com.br\/index.php\/wp-json\/wp\/v2\/users\/5"}],"replies":[{"embeddable":true,"href":"https:\/\/justicapotiguar.com.br\/index.php\/wp-json\/wp\/v2\/comments?post=29320"}],"version-history":[{"count":1,"href":"https:\/\/justicapotiguar.com.br\/index.php\/wp-json\/wp\/v2\/posts\/29320\/revisions"}],"predecessor-version":[{"id":29321,"href":"https:\/\/justicapotiguar.com.br\/index.php\/wp-json\/wp\/v2\/posts\/29320\/revisions\/29321"}],"wp:attachment":[{"href":"https:\/\/justicapotiguar.com.br\/index.php\/wp-json\/wp\/v2\/media?parent=29320"}],"wp:term":[{"taxonomy":"category","embeddable":true,"href":"https:\/\/justicapotiguar.com.br\/index.php\/wp-json\/wp\/v2\/categories?post=29320"},{"taxonomy":"post_tag","embeddable":true,"href":"https:\/\/justicapotiguar.com.br\/index.php\/wp-json\/wp\/v2\/tags?post=29320"}],"curies":[{"name":"wp","href":"https:\/\/api.w.org\/{rel}","templated":true}]}}