{"id":29316,"date":"2022-11-24T17:47:00","date_gmt":"2022-11-24T20:47:00","guid":{"rendered":"https:\/\/justicapotiguar.com.br\/?p=29316"},"modified":"2022-11-24T17:46:48","modified_gmt":"2022-11-24T20:46:48","slug":"negada-apelacao-e-mantida-condenacao-de-homem-pela-pratica-de-latrocinio-na-vila-de-ponta-negra","status":"publish","type":"post","link":"https:\/\/justicapotiguar.com.br\/index.php\/2022\/11\/24\/negada-apelacao-e-mantida-condenacao-de-homem-pela-pratica-de-latrocinio-na-vila-de-ponta-negra\/","title":{"rendered":"Negada apela\u00e7\u00e3o e mantida condena\u00e7\u00e3o de homem pela pr\u00e1tica de latroc\u00ednio na Vila de Ponta Negra"},"content":{"rendered":"\n<p>A C\u00e2mara Criminal do TJRN, \u00e0 unanimidade de votos, negou apela\u00e7\u00e3o e manteve inalterada senten\u00e7a que condenou um homem \u00e0s penas de 18 anos e nove meses de reclus\u00e3o, mais 100 dias-multa, pela pr\u00e1tica do crime de latroc\u00ednio, fato ocorrido na Vila de Ponta Negra, em setembro do ano passado. Ele atualmente est\u00e1 custodiado no sistema penitenci\u00e1rio estadual.<br>&nbsp;<\/p>\n\n\n\n<figure class=\"wp-block-image size-large\"><img loading=\"lazy\" width=\"960\" height=\"640\" src=\"https:\/\/justicapotiguar.com.br\/wp-content\/uploads\/2019\/08\/processo-exame.jpg\" alt=\"\" class=\"wp-image-679\" srcset=\"https:\/\/justicapotiguar.com.br\/wp-content\/uploads\/2019\/08\/processo-exame.jpg 960w, https:\/\/justicapotiguar.com.br\/wp-content\/uploads\/2019\/08\/processo-exame-300x200.jpg 300w, https:\/\/justicapotiguar.com.br\/wp-content\/uploads\/2019\/08\/processo-exame-768x512.jpg 768w\" sizes=\"(max-width: 960px) 100vw, 960px\" \/><figcaption>Reprodu\u00e7\u00e3o<\/figcaption><\/figure>\n\n\n\n<p><br>Consta nos autos que, na madrugada do dia 19 de setembro de 2021, em uma resid\u00eancia localizada na Vila de Ponta Negra, em Natal, o homem subtraiu um celular, um ventilador, um micro-ondas, duas televis\u00f5es, bolsas contendo roupas, um fog\u00e3o, um colch\u00e3o de solteiro, uma bola de futebol e uma bicicleta da v\u00edtima que morava no local. Na ocasi\u00e3o, ele desferiu golpes de faca na v\u00edtima, que morreu em raz\u00e3o dos ferimentos provocados pela agress\u00e3o.<br>&nbsp;<\/p>\n\n\n\n<p><br>Ap\u00f3s condenado, o homem apresentou apela\u00e7\u00e3o criminal ao Tribunal de Justi\u00e7a contra senten\u00e7a condenat\u00f3ria proferida pela 9\u00aa Vara Criminal de Natal argumentando que prospera a desclassifica\u00e7\u00e3o do crime para o delito de homic\u00eddio simples. Subsidiariamente, pediu pela reforma da dosimetria da pena imposta a ele na primeira inst\u00e2ncia.<br>&nbsp;<\/p>\n\n\n\n<p><br>Ao julgar a apela\u00e7\u00e3o, o relator considerou que, ao contr\u00e1rio do que quis fazer crer a defesa, ficou n\u00edtido o intento do acusado em se apropriar dos bens da v\u00edtima, alcan\u00e7ando este fim por meio da morte desta. Disse que a prova testemunhal anexada ao processo revela de forma induvidosa tal intento.<br>&nbsp;<\/p><div class=\"rsswt69edac567a240\" ><!--<a href=\"https:\/\/bit.ly\/3QdrqTZ\" target=\"_blank\">\n<img src=\"https:\/\/justicapotiguar.com.br\/wp-content\/uploads\/2023\/09\/mobile-geral.gif\"\/><a\/>--><\/div><style type=\"text\/css\">\r\n.rsswt69edac567a240 {\r\ntext-align: center;\r\n}\r\n@media screen and (min-width: 1201px) {\r\n.rsswt69edac567a240 {\r\ndisplay: none;\r\n}\r\n}\r\n@media screen and (min-width: 993px) and (max-width: 1200px) {\r\n.rsswt69edac567a240 {\r\ndisplay: none;\r\n}\r\n}\r\n@media screen and (min-width: 769px) and (max-width: 992px) {\r\n.rsswt69edac567a240 {\r\ndisplay: none;\r\n}\r\n}\r\n@media screen and (min-width: 768px) and (max-width: 768px) {\r\n.rsswt69edac567a240 {\r\ndisplay: block;\r\n}\r\n}\r\n@media screen and (max-width: 767px) {\r\n.rsswt69edac567a240 {\r\ndisplay: block;\r\n}\r\n}\r\n<\/style>\r\n<div class=\"aiqsx69edac567a224\" ><!--<a href=\"https:\/\/bit.ly\/3QdrqTZ\" target=\"_blank\">\n<img src=\"https:\/\/justicapotiguar.com.br\/wp-content\/uploads\/2023\/09\/desktop-geral.gif\"\/><a\/>--><\/div><style type=\"text\/css\">\r\n.aiqsx69edac567a224 {\r\ntext-align: center;\nmargin-bottom: 1em;\r\n}\r\n@media screen and (min-width: 1201px) {\r\n.aiqsx69edac567a224 {\r\ndisplay: block;\r\n}\r\n}\r\n@media screen and (min-width: 993px) and (max-width: 1200px) {\r\n.aiqsx69edac567a224 {\r\ndisplay: block;\r\n}\r\n}\r\n@media screen and (min-width: 769px) and (max-width: 992px) {\r\n.aiqsx69edac567a224 {\r\ndisplay: block;\r\n}\r\n}\r\n@media screen and (min-width: 768px) and (max-width: 768px) {\r\n.aiqsx69edac567a224 {\r\ndisplay: none;\r\n}\r\n}\r\n@media screen and (max-width: 767px) {\r\n.aiqsx69edac567a224 {\r\ndisplay: none;\r\n}\r\n}\r\n<\/style>\r\n\n\n\n\n<p><br>O relator levou em considera\u00e7\u00e3o depoimentos de amigos da v\u00edtima, que relataram, dentre outras coisas, que esta tinha receio de deixar o acusado sozinho em sua casa, mostrando preocupa\u00e7\u00e3o com seu patrim\u00f4nio e desconfian\u00e7a com aquele que viria a ser seu algoz. Considerou ainda um depoimento espec\u00edfico que traz a informa\u00e7\u00e3o de que, no dia do crime, quando dormia na sala da resid\u00eancia da v\u00edtima, acordou \u00e0s 4 horas da manh\u00e3 e se deparou com o acusado de posse do celular da v\u00edtima, separando bens da casa na sala da resid\u00eancia.<br>&nbsp;<\/p>\n\n\n\n<p><br>Para a relatoria do processo, o objetivo do acusado de se apossar dos bens da v\u00edtima era pr\u00e9-existente, sendo a morte desta o meio encontrado para alcan\u00e7\u00e1-lo. Ou seja, a ofensa \u00e0 vida da v\u00edtima foi a forma para alcan\u00e7ar seu objetivo, o de violar o direito patrimonial daquela, o que foi efetivamente alcan\u00e7ado. \u201cPortanto, n\u00e3o h\u00e1 que se falar em desclassifica\u00e7\u00e3o do delito\u201d, decidiu.<\/p>\n\n\n\n<p><strong>(Processo n\u00ba 0852064-22.2021.8.20.5001)<\/strong><\/p>\n","protected":false},"excerpt":{"rendered":"<p>A C\u00e2mara Criminal do TJRN, \u00e0 unanimidade de votos, negou apela\u00e7\u00e3o e manteve inalterada senten\u00e7a que condenou um homem \u00e0s penas de 18 anos e nove meses de reclus\u00e3o, mais 100 dias-multa, pela pr\u00e1tica do crime de latroc\u00ednio, fato ocorrido na Vila de Ponta Negra, em setembro do ano passado. Ele atualmente est\u00e1 custodiado no<br \/><a class=\"more-link\" href=\"https:\/\/justicapotiguar.com.br\/index.php\/2022\/11\/24\/negada-apelacao-e-mantida-condenacao-de-homem-pela-pratica-de-latrocinio-na-vila-de-ponta-negra\/\">Mais&#8230;<\/a><\/p>\n","protected":false},"author":5,"featured_media":0,"comment_status":"open","ping_status":"open","sticky":false,"template":"","format":"standard","meta":[],"categories":[1],"tags":[],"_links":{"self":[{"href":"https:\/\/justicapotiguar.com.br\/index.php\/wp-json\/wp\/v2\/posts\/29316"}],"collection":[{"href":"https:\/\/justicapotiguar.com.br\/index.php\/wp-json\/wp\/v2\/posts"}],"about":[{"href":"https:\/\/justicapotiguar.com.br\/index.php\/wp-json\/wp\/v2\/types\/post"}],"author":[{"embeddable":true,"href":"https:\/\/justicapotiguar.com.br\/index.php\/wp-json\/wp\/v2\/users\/5"}],"replies":[{"embeddable":true,"href":"https:\/\/justicapotiguar.com.br\/index.php\/wp-json\/wp\/v2\/comments?post=29316"}],"version-history":[{"count":1,"href":"https:\/\/justicapotiguar.com.br\/index.php\/wp-json\/wp\/v2\/posts\/29316\/revisions"}],"predecessor-version":[{"id":29317,"href":"https:\/\/justicapotiguar.com.br\/index.php\/wp-json\/wp\/v2\/posts\/29316\/revisions\/29317"}],"wp:attachment":[{"href":"https:\/\/justicapotiguar.com.br\/index.php\/wp-json\/wp\/v2\/media?parent=29316"}],"wp:term":[{"taxonomy":"category","embeddable":true,"href":"https:\/\/justicapotiguar.com.br\/index.php\/wp-json\/wp\/v2\/categories?post=29316"},{"taxonomy":"post_tag","embeddable":true,"href":"https:\/\/justicapotiguar.com.br\/index.php\/wp-json\/wp\/v2\/tags?post=29316"}],"curies":[{"name":"wp","href":"https:\/\/api.w.org\/{rel}","templated":true}]}}