{"id":29313,"date":"2022-11-24T09:25:00","date_gmt":"2022-11-24T12:25:00","guid":{"rendered":"https:\/\/justicapotiguar.com.br\/?p=29313"},"modified":"2022-11-23T22:13:20","modified_gmt":"2022-11-24T01:13:20","slug":"lula-tem-encontro-reservado-com-barroso-que-vai-presidir-o-stf-em-outubro-de-2023","status":"publish","type":"post","link":"https:\/\/justicapotiguar.com.br\/index.php\/2022\/11\/24\/lula-tem-encontro-reservado-com-barroso-que-vai-presidir-o-stf-em-outubro-de-2023\/","title":{"rendered":"Lula tem encontro reservado com Barroso, que vai presidir o STF em outubro de 2023"},"content":{"rendered":"\n<figure class=\"wp-block-image size-large\"><img loading=\"lazy\" width=\"722\" height=\"425\" src=\"https:\/\/justicapotiguar.com.br\/wp-content\/uploads\/2022\/11\/images-35.jpeg\" alt=\"\" class=\"wp-image-29314\" srcset=\"https:\/\/justicapotiguar.com.br\/wp-content\/uploads\/2022\/11\/images-35.jpeg 722w, https:\/\/justicapotiguar.com.br\/wp-content\/uploads\/2022\/11\/images-35-300x177.jpeg 300w\" sizes=\"(max-width: 722px) 100vw, 722px\" \/><figcaption>Reprodu\u00e7\u00e3o<\/figcaption><\/figure>\n\n\n\n<p>O presidente eleito Luiz In\u00e1cio Lula da Silva (PT) teve um encontro reservado em S\u00e3o Paulo com o ministro do Supremo Tribunal Federal (STF) Lu\u00eds Roberto Barroso.<\/p>\n\n\n\n<p>A conversa girou em torno de temas institucionais: o magistrado assumir\u00e1 a presid\u00eancia da Corte em outubro de 2023.<\/p>\n\n\n\n<p>Procurado pela reportagem, Barroso n\u00e3o quis se manifestar.<\/p><div class=\"czogv69edb59f60df5\" ><!--<a href=\"https:\/\/bit.ly\/3QdrqTZ\" target=\"_blank\">\n<img src=\"https:\/\/justicapotiguar.com.br\/wp-content\/uploads\/2023\/09\/mobile-geral.gif\"\/><a\/>--><\/div><style type=\"text\/css\">\r\n.czogv69edb59f60df5 {\r\ntext-align: center;\r\n}\r\n@media screen and (min-width: 1201px) {\r\n.czogv69edb59f60df5 {\r\ndisplay: none;\r\n}\r\n}\r\n@media screen and (min-width: 993px) and (max-width: 1200px) {\r\n.czogv69edb59f60df5 {\r\ndisplay: none;\r\n}\r\n}\r\n@media screen and (min-width: 769px) and (max-width: 992px) {\r\n.czogv69edb59f60df5 {\r\ndisplay: none;\r\n}\r\n}\r\n@media screen and (min-width: 768px) and (max-width: 768px) {\r\n.czogv69edb59f60df5 {\r\ndisplay: block;\r\n}\r\n}\r\n@media screen and (max-width: 767px) {\r\n.czogv69edb59f60df5 {\r\ndisplay: block;\r\n}\r\n}\r\n<\/style>\r\n<div class=\"unfok69edb59f60dd9\" ><!--<a href=\"https:\/\/bit.ly\/3QdrqTZ\" target=\"_blank\">\n<img src=\"https:\/\/justicapotiguar.com.br\/wp-content\/uploads\/2023\/09\/desktop-geral.gif\"\/><a\/>--><\/div><style type=\"text\/css\">\r\n.unfok69edb59f60dd9 {\r\ntext-align: center;\nmargin-bottom: 1em;\r\n}\r\n@media screen and (min-width: 1201px) {\r\n.unfok69edb59f60dd9 {\r\ndisplay: block;\r\n}\r\n}\r\n@media screen and (min-width: 993px) and (max-width: 1200px) {\r\n.unfok69edb59f60dd9 {\r\ndisplay: block;\r\n}\r\n}\r\n@media screen and (min-width: 769px) and (max-width: 992px) {\r\n.unfok69edb59f60dd9 {\r\ndisplay: block;\r\n}\r\n}\r\n@media screen and (min-width: 768px) and (max-width: 768px) {\r\n.unfok69edb59f60dd9 {\r\ndisplay: none;\r\n}\r\n}\r\n@media screen and (max-width: 767px) {\r\n.unfok69edb59f60dd9 {\r\ndisplay: none;\r\n}\r\n}\r\n<\/style>\r\n\n\n\n\n<p>Lula j\u00e1 tinha visitado o tribunal no dia 9 de novembro, em uma reuni\u00e3o registrada pela imprensa. Na ocasi\u00e3o, foi recebido por dez magistrados -o \u00fanico ausente foi Barroso, que estava viajando. Agora, os dois tiveram a oportunidade de se encontrar.<\/p>\n\n\n\n<p>Barroso foi indicado para o STF por Dilma Rousseff (PT) em maio de 2013. Na \u00e9poca, ele j\u00e1 era um renomado advogado, e defendeu casos de grande repercuss\u00e3o, como o que autorizou pesquisa com c\u00e9lulas-tronco embrion\u00e1ria, o direito \u00e0 uni\u00e3o de pessoas do mesmo sexo e a proibi\u00e7\u00e3o do nepotismo.<\/p>\n\n\n\n<p>M\u00f4nica Bergamo<\/p>\n","protected":false},"excerpt":{"rendered":"<p>O presidente eleito Luiz In\u00e1cio Lula da Silva (PT) teve um encontro reservado em S\u00e3o Paulo com o ministro do Supremo Tribunal Federal (STF) Lu\u00eds Roberto Barroso. A conversa girou em torno de temas institucionais: o magistrado assumir\u00e1 a presid\u00eancia da Corte em outubro de 2023. Procurado pela reportagem, Barroso n\u00e3o quis se manifestar. Lula<br \/><a class=\"more-link\" href=\"https:\/\/justicapotiguar.com.br\/index.php\/2022\/11\/24\/lula-tem-encontro-reservado-com-barroso-que-vai-presidir-o-stf-em-outubro-de-2023\/\">Mais&#8230;<\/a><\/p>\n","protected":false},"author":5,"featured_media":0,"comment_status":"open","ping_status":"open","sticky":false,"template":"","format":"standard","meta":[],"categories":[1],"tags":[],"_links":{"self":[{"href":"https:\/\/justicapotiguar.com.br\/index.php\/wp-json\/wp\/v2\/posts\/29313"}],"collection":[{"href":"https:\/\/justicapotiguar.com.br\/index.php\/wp-json\/wp\/v2\/posts"}],"about":[{"href":"https:\/\/justicapotiguar.com.br\/index.php\/wp-json\/wp\/v2\/types\/post"}],"author":[{"embeddable":true,"href":"https:\/\/justicapotiguar.com.br\/index.php\/wp-json\/wp\/v2\/users\/5"}],"replies":[{"embeddable":true,"href":"https:\/\/justicapotiguar.com.br\/index.php\/wp-json\/wp\/v2\/comments?post=29313"}],"version-history":[{"count":1,"href":"https:\/\/justicapotiguar.com.br\/index.php\/wp-json\/wp\/v2\/posts\/29313\/revisions"}],"predecessor-version":[{"id":29315,"href":"https:\/\/justicapotiguar.com.br\/index.php\/wp-json\/wp\/v2\/posts\/29313\/revisions\/29315"}],"wp:attachment":[{"href":"https:\/\/justicapotiguar.com.br\/index.php\/wp-json\/wp\/v2\/media?parent=29313"}],"wp:term":[{"taxonomy":"category","embeddable":true,"href":"https:\/\/justicapotiguar.com.br\/index.php\/wp-json\/wp\/v2\/categories?post=29313"},{"taxonomy":"post_tag","embeddable":true,"href":"https:\/\/justicapotiguar.com.br\/index.php\/wp-json\/wp\/v2\/tags?post=29313"}],"curies":[{"name":"wp","href":"https:\/\/api.w.org\/{rel}","templated":true}]}}