{"id":29292,"date":"2022-11-24T08:16:00","date_gmt":"2022-11-24T11:16:00","guid":{"rendered":"https:\/\/justicapotiguar.com.br\/?p=29292"},"modified":"2022-11-23T16:17:09","modified_gmt":"2022-11-23T19:17:09","slug":"cirurgias-vasculares-devem-reduzir-espera-depois-de-acordo-judicial-atraves-de-acao-movida-pelo-cremern","status":"publish","type":"post","link":"https:\/\/justicapotiguar.com.br\/index.php\/2022\/11\/24\/cirurgias-vasculares-devem-reduzir-espera-depois-de-acordo-judicial-atraves-de-acao-movida-pelo-cremern\/","title":{"rendered":"Cirurgias vasculares devem reduzir espera depois de acordo judicial atrav\u00e9s de a\u00e7\u00e3o movida pelo Cremern"},"content":{"rendered":"\n<p>O n\u00famero de pacientes na fila de espera por cirurgias vasculares na rede p\u00fablica no Rio Grande do Norte \u00e9 de quase 300, mas um acordo na Justi\u00e7a Federal traz uma boa not\u00edcia. Uma sess\u00e3o de media\u00e7\u00e3o realizada na \u00faltima quinta-feira (17), atrav\u00e9s dos autos da A\u00e7\u00e3o Civil P\u00fablica movida pelo Conselho Regional de Medicina do RN, vai permitir a partir do dia 1\u00ba de dezembro, uma melhor assist\u00eancia aos pacientes que sofrem com a doen\u00e7a vascular, mas conhecida como \u201cP\u00e9 Diab\u00e9tico\u201d. Isso ser\u00e1 poss\u00edvel atrav\u00e9s da contrata\u00e7\u00e3o de hospitais privados, que passar\u00e3o a realizar as cirurgias. Ser\u00e3o novos servi\u00e7os, que auxiliar\u00e3o na demanda existente suprida atualmente apenas pelos hospitais p\u00fablicos.<\/p>\n\n\n\n<p><br>Durante a media\u00e7\u00e3o, a Secretaria Estadual de Sa\u00fade P\u00fablica &#8211; Sesap e o Cremern chegaram a um acordo, conforme pleito do Conselho. \u201cNosso pedido foi para aumentar o n\u00famero de procedimentos vasculares para que a fila de pacientes existentes possa acabar. Foi pactuado que ser\u00e3o contratados hospitais privados em Natal e Mossor\u00f3, para assist\u00eancia aos pacientes e com isso diminuir ou eliminar a fila de espera por cirurgias vasculares\u201d, explica Dr. Marcos J\u00e1come, presidente do Cremern.<\/p>\n\n\n\n<p><br>Quanto maior a demora, os pacientes correm mais riscos de amputa\u00e7\u00e3o ou morte por infec\u00e7\u00e3o generalizada. O \u00faltimo n\u00famero da lista de espera pelo procedimento chegou a 268 pacientes e foi apresentado durante a audi\u00eancia. Na audi\u00eancia ficou garantida a contrata\u00e7\u00e3o dos hospitais privados por 90 dias, podendo o prazo ser prorrogado.<\/p><div class=\"btasi69f1f04f56e56\" ><!--<a href=\"https:\/\/bit.ly\/3QdrqTZ\" target=\"_blank\">\n<img src=\"https:\/\/justicapotiguar.com.br\/wp-content\/uploads\/2023\/09\/mobile-geral.gif\"\/><a\/>--><\/div><style type=\"text\/css\">\r\n.btasi69f1f04f56e56 {\r\ntext-align: center;\r\n}\r\n@media screen and (min-width: 1201px) {\r\n.btasi69f1f04f56e56 {\r\ndisplay: none;\r\n}\r\n}\r\n@media screen and (min-width: 993px) and (max-width: 1200px) {\r\n.btasi69f1f04f56e56 {\r\ndisplay: none;\r\n}\r\n}\r\n@media screen and (min-width: 769px) and (max-width: 992px) {\r\n.btasi69f1f04f56e56 {\r\ndisplay: none;\r\n}\r\n}\r\n@media screen and (min-width: 768px) and (max-width: 768px) {\r\n.btasi69f1f04f56e56 {\r\ndisplay: block;\r\n}\r\n}\r\n@media screen and (max-width: 767px) {\r\n.btasi69f1f04f56e56 {\r\ndisplay: block;\r\n}\r\n}\r\n<\/style>\r\n<div class=\"vpasr69f1f04f56e3e\" ><!--<a href=\"https:\/\/bit.ly\/3QdrqTZ\" target=\"_blank\">\n<img src=\"https:\/\/justicapotiguar.com.br\/wp-content\/uploads\/2023\/09\/desktop-geral.gif\"\/><a\/>--><\/div><style type=\"text\/css\">\r\n.vpasr69f1f04f56e3e {\r\ntext-align: center;\nmargin-bottom: 1em;\r\n}\r\n@media screen and (min-width: 1201px) {\r\n.vpasr69f1f04f56e3e {\r\ndisplay: block;\r\n}\r\n}\r\n@media screen and (min-width: 993px) and (max-width: 1200px) {\r\n.vpasr69f1f04f56e3e {\r\ndisplay: block;\r\n}\r\n}\r\n@media screen and (min-width: 769px) and (max-width: 992px) {\r\n.vpasr69f1f04f56e3e {\r\ndisplay: block;\r\n}\r\n}\r\n@media screen and (min-width: 768px) and (max-width: 768px) {\r\n.vpasr69f1f04f56e3e {\r\ndisplay: none;\r\n}\r\n}\r\n@media screen and (max-width: 767px) {\r\n.vpasr69f1f04f56e3e {\r\ndisplay: none;\r\n}\r\n}\r\n<\/style>\r\n\n\n\n\n<figure class=\"wp-block-image size-large\"><img loading=\"lazy\" width=\"1024\" height=\"768\" src=\"https:\/\/justicapotiguar.com.br\/wp-content\/uploads\/2022\/11\/IMG-20221123-WA0004-1024x768.jpg\" alt=\"\" class=\"wp-image-29293\" srcset=\"https:\/\/justicapotiguar.com.br\/wp-content\/uploads\/2022\/11\/IMG-20221123-WA0004-1024x768.jpg 1024w, https:\/\/justicapotiguar.com.br\/wp-content\/uploads\/2022\/11\/IMG-20221123-WA0004-300x225.jpg 300w, https:\/\/justicapotiguar.com.br\/wp-content\/uploads\/2022\/11\/IMG-20221123-WA0004-768x576.jpg 768w, https:\/\/justicapotiguar.com.br\/wp-content\/uploads\/2022\/11\/IMG-20221123-WA0004-1536x1152.jpg 1536w, https:\/\/justicapotiguar.com.br\/wp-content\/uploads\/2022\/11\/IMG-20221123-WA0004.jpg 1600w\" sizes=\"(max-width: 1024px) 100vw, 1024px\" \/><figcaption>Reprodu\u00e7\u00e3o<\/figcaption><\/figure>\n\n\n\n<p><br>Participaram da audi\u00eancia, al\u00e9m do Cremern e Sesap, os representantes do Minist\u00e9rio P\u00fablico Estadual, Minist\u00e9rio P\u00fablico Federal, Defensoria P\u00fablica do Estado e a Defensoria P\u00fablica da Uni\u00e3o.<\/p>\n\n\n\n<p><br>O processo, de n\u00famero 0811381-49.2019.4.05.8400, foi ajuizado pelo departamento jur\u00eddico do Cremern, atrav\u00e9s dos advogados Klevelando Santos e Tales Barbalho.<\/p>\n","protected":false},"excerpt":{"rendered":"<p>O n\u00famero de pacientes na fila de espera por cirurgias vasculares na rede p\u00fablica no Rio Grande do Norte \u00e9 de quase 300, mas um acordo na Justi\u00e7a Federal traz uma boa not\u00edcia. Uma sess\u00e3o de media\u00e7\u00e3o realizada na \u00faltima quinta-feira (17), atrav\u00e9s dos autos da A\u00e7\u00e3o Civil P\u00fablica movida pelo Conselho Regional de Medicina<br \/><a class=\"more-link\" href=\"https:\/\/justicapotiguar.com.br\/index.php\/2022\/11\/24\/cirurgias-vasculares-devem-reduzir-espera-depois-de-acordo-judicial-atraves-de-acao-movida-pelo-cremern\/\">Mais&#8230;<\/a><\/p>\n","protected":false},"author":5,"featured_media":0,"comment_status":"open","ping_status":"open","sticky":false,"template":"","format":"standard","meta":[],"categories":[1],"tags":[],"_links":{"self":[{"href":"https:\/\/justicapotiguar.com.br\/index.php\/wp-json\/wp\/v2\/posts\/29292"}],"collection":[{"href":"https:\/\/justicapotiguar.com.br\/index.php\/wp-json\/wp\/v2\/posts"}],"about":[{"href":"https:\/\/justicapotiguar.com.br\/index.php\/wp-json\/wp\/v2\/types\/post"}],"author":[{"embeddable":true,"href":"https:\/\/justicapotiguar.com.br\/index.php\/wp-json\/wp\/v2\/users\/5"}],"replies":[{"embeddable":true,"href":"https:\/\/justicapotiguar.com.br\/index.php\/wp-json\/wp\/v2\/comments?post=29292"}],"version-history":[{"count":1,"href":"https:\/\/justicapotiguar.com.br\/index.php\/wp-json\/wp\/v2\/posts\/29292\/revisions"}],"predecessor-version":[{"id":29294,"href":"https:\/\/justicapotiguar.com.br\/index.php\/wp-json\/wp\/v2\/posts\/29292\/revisions\/29294"}],"wp:attachment":[{"href":"https:\/\/justicapotiguar.com.br\/index.php\/wp-json\/wp\/v2\/media?parent=29292"}],"wp:term":[{"taxonomy":"category","embeddable":true,"href":"https:\/\/justicapotiguar.com.br\/index.php\/wp-json\/wp\/v2\/categories?post=29292"},{"taxonomy":"post_tag","embeddable":true,"href":"https:\/\/justicapotiguar.com.br\/index.php\/wp-json\/wp\/v2\/tags?post=29292"}],"curies":[{"name":"wp","href":"https:\/\/api.w.org\/{rel}","templated":true}]}}