{"id":29290,"date":"2022-11-24T10:00:00","date_gmt":"2022-11-24T13:00:00","guid":{"rendered":"https:\/\/justicapotiguar.com.br\/?p=29290"},"modified":"2022-11-23T17:38:27","modified_gmt":"2022-11-23T20:38:27","slug":"informativo-1-075-do-stf-de-18-de-novembro-de-2022","status":"publish","type":"post","link":"https:\/\/justicapotiguar.com.br\/index.php\/2022\/11\/24\/informativo-1-075-do-stf-de-18-de-novembro-de-2022\/","title":{"rendered":"Informativo 1.075 do STF, de 18 de novembro de 2022"},"content":{"rendered":"\n<p><strong>Rodrigo Leite | @rodrigocrleite<\/strong><\/p>\n\n\n\n<p><strong>Canal P\u00edlulas Jur\u00eddicas | STF e STJ<\/strong> https:\/\/t.me\/pilulasjuridicasSTFSTJ<\/p>\n\n\n\n<figure class=\"wp-block-image size-large\"><img loading=\"lazy\" width=\"680\" height=\"457\" src=\"https:\/\/justicapotiguar.com.br\/wp-content\/uploads\/2020\/03\/FA65EBD29964946D6535605479BEB50E71F3_stf-1.jpg\" alt=\"\" class=\"wp-image-7753\" srcset=\"https:\/\/justicapotiguar.com.br\/wp-content\/uploads\/2020\/03\/FA65EBD29964946D6535605479BEB50E71F3_stf-1.jpg 680w, https:\/\/justicapotiguar.com.br\/wp-content\/uploads\/2020\/03\/FA65EBD29964946D6535605479BEB50E71F3_stf-1-300x202.jpg 300w\" sizes=\"(max-width: 680px) 100vw, 680px\" \/><figcaption>Foto: Se\u0301rgio Lima\/Poder 360<\/figcaption><\/figure>\n\n\n\n<p><strong>PLEN\u00c1RIO<\/strong><\/p>\n\n\n\n<p>&#8211; S\u00e3o constitucionais os prazos para conclus\u00e3o dos procedimentos administrativos de atualiza\u00e7\u00e3o do rol de procedimentos e eventos em sa\u00fade suplementar (Lei 9.656\/1998, art. 10, \u00a7\u00a7 7\u00ba e 8\u00ba), por inexistir incompatibilidade entre a sua defini\u00e7\u00e3o e a urg\u00eancia dos pacientes na obten\u00e7\u00e3o de um tratamento \u2013 <strong>ADI 7088\/DF<\/strong> e <strong>ADI 7183\/DF<\/strong>, julgamento virtual finalizado em 09\/11\/2022.<\/p>\n\n\n\n<p>&#8211; O formato adotado para a composi\u00e7\u00e3o da Comiss\u00e3o de Atualiza\u00e7\u00e3o do Rol de Procedimentos e Eventos em Sa\u00fade Suplementar (Lei 9.656\/1998, art. 10-D, \u00a7\u00a7 1\u00ba, 2\u00ba e 4\u00ba) n\u00e3o fere a Constitui\u00e7\u00e3o Federal, ante a aus\u00eancia da alegada exclus\u00e3o de participantes usu\u00e1rios de planos de sa\u00fade ou discrimina\u00e7\u00e3o de qualquer natureza \u2013 <strong>ADI 7088\/DF<\/strong> e <strong>ADI 7183\/DF<\/strong>, julgamento virtual finalizado em 09\/11\/2022.<\/p>\n\n\n\n<p>&#8211; S\u00e3o constitucionais os crit\u00e9rios a serem considerados no relat\u00f3rio elaborado pela referida Comiss\u00e3o (Lei 9.656\/1998, art. 10-D, \u00a7 3\u00ba), uma vez que n\u00e3o h\u00e1 submiss\u00e3o do direito \u00e0 sa\u00fade \u00e0 interesses econ\u00f4micos e financeiros \u2013 <strong>ADI 7088\/DF<\/strong> e <strong>ADI 7183\/DF<\/strong>, julgamento virtual finalizado em 09\/11\/2022.<\/p><div class=\"byusl69edc97966f16\" ><!--<a href=\"https:\/\/bit.ly\/3QdrqTZ\" target=\"_blank\">\n<img src=\"https:\/\/justicapotiguar.com.br\/wp-content\/uploads\/2023\/09\/mobile-geral.gif\"\/><a\/>--><\/div><style type=\"text\/css\">\r\n.byusl69edc97966f16 {\r\ntext-align: center;\r\n}\r\n@media screen and (min-width: 1201px) {\r\n.byusl69edc97966f16 {\r\ndisplay: none;\r\n}\r\n}\r\n@media screen and (min-width: 993px) and (max-width: 1200px) {\r\n.byusl69edc97966f16 {\r\ndisplay: none;\r\n}\r\n}\r\n@media screen and (min-width: 769px) and (max-width: 992px) {\r\n.byusl69edc97966f16 {\r\ndisplay: none;\r\n}\r\n}\r\n@media screen and (min-width: 768px) and (max-width: 768px) {\r\n.byusl69edc97966f16 {\r\ndisplay: block;\r\n}\r\n}\r\n@media screen and (max-width: 767px) {\r\n.byusl69edc97966f16 {\r\ndisplay: block;\r\n}\r\n}\r\n<\/style>\r\n<div class=\"pwgsc69edc97966ef7\" ><!--<a href=\"https:\/\/bit.ly\/3QdrqTZ\" target=\"_blank\">\n<img src=\"https:\/\/justicapotiguar.com.br\/wp-content\/uploads\/2023\/09\/desktop-geral.gif\"\/><a\/>--><\/div><style type=\"text\/css\">\r\n.pwgsc69edc97966ef7 {\r\ntext-align: center;\nmargin-bottom: 1em;\r\n}\r\n@media screen and (min-width: 1201px) {\r\n.pwgsc69edc97966ef7 {\r\ndisplay: block;\r\n}\r\n}\r\n@media screen and (min-width: 993px) and (max-width: 1200px) {\r\n.pwgsc69edc97966ef7 {\r\ndisplay: block;\r\n}\r\n}\r\n@media screen and (min-width: 769px) and (max-width: 992px) {\r\n.pwgsc69edc97966ef7 {\r\ndisplay: block;\r\n}\r\n}\r\n@media screen and (min-width: 768px) and (max-width: 768px) {\r\n.pwgsc69edc97966ef7 {\r\ndisplay: none;\r\n}\r\n}\r\n@media screen and (max-width: 767px) {\r\n.pwgsc69edc97966ef7 {\r\ndisplay: none;\r\n}\r\n}\r\n<\/style>\r\n\n\n\n\n<p>&#8211; Em face do arrefecimento dos efeitos da pandemia da Covid-19, cabe adotar um regime de transi\u00e7\u00e3o para a retomada das reintegra\u00e7\u00f5es de posse suspensas em decorr\u00eancia da doen\u00e7a, por meio do qual os tribunais dever\u00e3o instalar comiss\u00f5es para mediar eventuais despejos antes de qualquer decis\u00e3o judicial, a fim de reduzir os impactos habitacionais e humanit\u00e1rios em casos de desocupa\u00e7\u00e3o coletiva \u2013 <strong>ADPF 828 TPI-quarta-Ref\/DF<\/strong>, julgamento virtual finalizado em 02\/11\/2022.<\/p>\n\n\n\n<p>&#8211; Devem ser suspensos os efeitos da Medida Provis\u00f3ria 1.135\/2022 que, ao tratar sobre tema j\u00e1 deliberado pelo Poder Legislativo, alterou a entrega obrigat\u00f3ria de recursos financeiros destinada ao setor de cultura e eventos para mera autoriza\u00e7\u00e3o de repasse de verbas da Uni\u00e3o aos estados, Distrito Federal e munic\u00edpios, observada a disponibilidade or\u00e7ament\u00e1ria e financeira \u2013 <strong>ADI 7232 MC-Ref\/DF<\/strong>, julgamento virtual finalizado em 09\/11\/2022.<strong>&nbsp;&nbsp;&nbsp;<\/strong><\/p>\n\n\n\n<p>_____________________<\/p>\n\n\n\n<p><strong>Rodrigo Costa Rodrigues Leite&nbsp;<\/strong><\/p>\n\n\n\n<p>Coautor do livro \u201cAn\u00e1lise das Diverg\u00eancias Jurisprudenciais no STF e STJ\u201d, Editora Juspodivm. Autor do livro \u201cTombamento \u2013 Vol. 36 \u2013 Cole\u00e7\u00e3o Leis Especiais para Concursos\u201d, Editora Juspodivm. Autor do livro \u201cDesapropria\u00e7\u00e3o \u2013 Vol. 39 \u2013 Cole\u00e7\u00e3o Especiais para Concursos\u201d, Editora Juspodivm. Coautor do livro \u201cSaberes Jurisprudenciais\u201d, Editora Saraiva.&nbsp; Coorganizador do livro \u201cCPC na Jurisprud\u00eancia\u201d, Editora Foco. Especialista em Direito P\u00fablico e Direito Processual Civil. Mestre em Direito Constitucional. Aluno laureado das Turmas 2005.2 da Universidade Potiguar. Professor da P\u00f3s-gradua\u00e7\u00e3o em Direito Civil da Rede Anhaguera-Kroton. M\u00e1ster Universit\u00e1rio em Direito Constitucional pela Universidad Del Pa\u00eds Vasco, San Sebasti\u00e1n, Espanha. Advogado licenciado. Membro do Conselho Editorial da Revista do Poder Judici\u00e1rio do Estado do Rio Grande do Norte \u2013 REPOJURN. Analista Judici\u00e1rio do TJRN. Assessor de Desembargador do TJRN.<\/p>\n","protected":false},"excerpt":{"rendered":"<p>Rodrigo Leite | @rodrigocrleite Canal P\u00edlulas Jur\u00eddicas | STF e STJ https:\/\/t.me\/pilulasjuridicasSTFSTJ PLEN\u00c1RIO &#8211; S\u00e3o constitucionais os prazos para conclus\u00e3o dos procedimentos administrativos de atualiza\u00e7\u00e3o do rol de procedimentos e eventos em sa\u00fade suplementar (Lei 9.656\/1998, art. 10, \u00a7\u00a7 7\u00ba e 8\u00ba), por inexistir incompatibilidade entre a sua defini\u00e7\u00e3o e a urg\u00eancia dos pacientes na<br \/><a class=\"more-link\" href=\"https:\/\/justicapotiguar.com.br\/index.php\/2022\/11\/24\/informativo-1-075-do-stf-de-18-de-novembro-de-2022\/\">Mais&#8230;<\/a><\/p>\n","protected":false},"author":5,"featured_media":0,"comment_status":"open","ping_status":"open","sticky":false,"template":"","format":"standard","meta":[],"categories":[1],"tags":[],"_links":{"self":[{"href":"https:\/\/justicapotiguar.com.br\/index.php\/wp-json\/wp\/v2\/posts\/29290"}],"collection":[{"href":"https:\/\/justicapotiguar.com.br\/index.php\/wp-json\/wp\/v2\/posts"}],"about":[{"href":"https:\/\/justicapotiguar.com.br\/index.php\/wp-json\/wp\/v2\/types\/post"}],"author":[{"embeddable":true,"href":"https:\/\/justicapotiguar.com.br\/index.php\/wp-json\/wp\/v2\/users\/5"}],"replies":[{"embeddable":true,"href":"https:\/\/justicapotiguar.com.br\/index.php\/wp-json\/wp\/v2\/comments?post=29290"}],"version-history":[{"count":1,"href":"https:\/\/justicapotiguar.com.br\/index.php\/wp-json\/wp\/v2\/posts\/29290\/revisions"}],"predecessor-version":[{"id":29291,"href":"https:\/\/justicapotiguar.com.br\/index.php\/wp-json\/wp\/v2\/posts\/29290\/revisions\/29291"}],"wp:attachment":[{"href":"https:\/\/justicapotiguar.com.br\/index.php\/wp-json\/wp\/v2\/media?parent=29290"}],"wp:term":[{"taxonomy":"category","embeddable":true,"href":"https:\/\/justicapotiguar.com.br\/index.php\/wp-json\/wp\/v2\/categories?post=29290"},{"taxonomy":"post_tag","embeddable":true,"href":"https:\/\/justicapotiguar.com.br\/index.php\/wp-json\/wp\/v2\/tags?post=29290"}],"curies":[{"name":"wp","href":"https:\/\/api.w.org\/{rel}","templated":true}]}}