{"id":29252,"date":"2022-11-22T08:11:00","date_gmt":"2022-11-22T11:11:00","guid":{"rendered":"https:\/\/justicapotiguar.com.br\/?p=29252"},"modified":"2022-11-21T23:14:15","modified_gmt":"2022-11-22T02:14:15","slug":"ministro-do-tcu-decide-tirar-licenca-apos-audio-com-teor-golpista","status":"publish","type":"post","link":"https:\/\/justicapotiguar.com.br\/index.php\/2022\/11\/22\/ministro-do-tcu-decide-tirar-licenca-apos-audio-com-teor-golpista\/","title":{"rendered":"Ministro do TCU decide tirar licen\u00e7a ap\u00f3s \u00e1udio com teor golpista"},"content":{"rendered":"\n<figure class=\"wp-block-image size-large\"><img loading=\"lazy\" width=\"799\" height=\"532\" src=\"https:\/\/justicapotiguar.com.br\/wp-content\/uploads\/2022\/11\/30183125328_01120a070d_c.jpg\" alt=\"\" class=\"wp-image-29253\" srcset=\"https:\/\/justicapotiguar.com.br\/wp-content\/uploads\/2022\/11\/30183125328_01120a070d_c.jpg 799w, https:\/\/justicapotiguar.com.br\/wp-content\/uploads\/2022\/11\/30183125328_01120a070d_c-300x200.jpg 300w, https:\/\/justicapotiguar.com.br\/wp-content\/uploads\/2022\/11\/30183125328_01120a070d_c-768x511.jpg 768w\" sizes=\"(max-width: 799px) 100vw, 799px\" \/><figcaption>Reprodu\u00e7\u00e3o<\/figcaption><\/figure>\n\n\n\n<p>O ministro do Tribunal de Contas da Uni\u00e3o (<a rel=\"noreferrer noopener\" href=\"https:\/\/www.metropoles.com\/tag\/tcu?amp\" target=\"_blank\">TCU<\/a>) Augusto Nardes informou a colegas da Corte ter decidido tirar uma licen\u00e7a m\u00e9dica a partir desta segunda-feira (21\/11).<\/p>\n\n\n\n<p>A decis\u00e3o vem ap\u00f3s ele ser cobrado por outros membros do tribunal e do\u00a0<a rel=\"noreferrer noopener\" href=\"https:\/\/www.metropoles.com\/tag\/stf?amp\" target=\"_blank\">STF<\/a>\u00a0por ter enviado, no fim de semana, um\u00a0<a href=\"https:\/\/www.metropoles.com\/brasil\/em-audio-ministro-do-tcu-cita-movimento-forte-em-casernas?amp\">\u00e1udio com teor golpista a um grupo de\u00a0<em>WhatsApp<\/em>\u00a0ligado ao agroneg\u00f3cio<\/a>.<\/p><div class=\"nhpox69f50d0963209\" ><!--<a href=\"https:\/\/bit.ly\/3QdrqTZ\" target=\"_blank\">\n<img src=\"https:\/\/justicapotiguar.com.br\/wp-content\/uploads\/2023\/09\/mobile-geral.gif\"\/><a\/>--><\/div><style type=\"text\/css\">\r\n.nhpox69f50d0963209 {\r\ntext-align: center;\r\n}\r\n@media screen and (min-width: 1201px) {\r\n.nhpox69f50d0963209 {\r\ndisplay: none;\r\n}\r\n}\r\n@media screen and (min-width: 993px) and (max-width: 1200px) {\r\n.nhpox69f50d0963209 {\r\ndisplay: none;\r\n}\r\n}\r\n@media screen and (min-width: 769px) and (max-width: 992px) {\r\n.nhpox69f50d0963209 {\r\ndisplay: none;\r\n}\r\n}\r\n@media screen and (min-width: 768px) and (max-width: 768px) {\r\n.nhpox69f50d0963209 {\r\ndisplay: block;\r\n}\r\n}\r\n@media screen and (max-width: 767px) {\r\n.nhpox69f50d0963209 {\r\ndisplay: block;\r\n}\r\n}\r\n<\/style>\r\n<div class=\"erjpu69f50d09631f4\" ><!--<a href=\"https:\/\/bit.ly\/3QdrqTZ\" target=\"_blank\">\n<img src=\"https:\/\/justicapotiguar.com.br\/wp-content\/uploads\/2023\/09\/desktop-geral.gif\"\/><a\/>--><\/div><style type=\"text\/css\">\r\n.erjpu69f50d09631f4 {\r\ntext-align: center;\nmargin-bottom: 1em;\r\n}\r\n@media screen and (min-width: 1201px) {\r\n.erjpu69f50d09631f4 {\r\ndisplay: block;\r\n}\r\n}\r\n@media screen and (min-width: 993px) and (max-width: 1200px) {\r\n.erjpu69f50d09631f4 {\r\ndisplay: block;\r\n}\r\n}\r\n@media screen and (min-width: 769px) and (max-width: 992px) {\r\n.erjpu69f50d09631f4 {\r\ndisplay: block;\r\n}\r\n}\r\n@media screen and (min-width: 768px) and (max-width: 768px) {\r\n.erjpu69f50d09631f4 {\r\ndisplay: none;\r\n}\r\n}\r\n@media screen and (max-width: 767px) {\r\n.erjpu69f50d09631f4 {\r\ndisplay: none;\r\n}\r\n}\r\n<\/style>\r\n\n\n\n\n<p>No \u00e1udio, Nardes diz \u201cestar acontecendo um movimento muito forte nas casernas\u201d brasileiras e que \u201c\u00e9 quest\u00e3o de horas, dias, no m\u00e1ximo, uma semana, duas, talvez menos do que isso\u201d, para um \u201cdesenlace bastante forte na na\u00e7\u00e3o\u201d.<\/p>\n\n\n\n<p>Metr\u00f3poles<\/p>\n","protected":false},"excerpt":{"rendered":"<p>O ministro do Tribunal de Contas da Uni\u00e3o (TCU) Augusto Nardes informou a colegas da Corte ter decidido tirar uma licen\u00e7a m\u00e9dica a partir desta segunda-feira (21\/11). A decis\u00e3o vem ap\u00f3s ele ser cobrado por outros membros do tribunal e do\u00a0STF\u00a0por ter enviado, no fim de semana, um\u00a0\u00e1udio com teor golpista a um grupo de\u00a0WhatsApp\u00a0ligado<br \/><a class=\"more-link\" href=\"https:\/\/justicapotiguar.com.br\/index.php\/2022\/11\/22\/ministro-do-tcu-decide-tirar-licenca-apos-audio-com-teor-golpista\/\">Mais&#8230;<\/a><\/p>\n","protected":false},"author":5,"featured_media":0,"comment_status":"open","ping_status":"open","sticky":false,"template":"","format":"standard","meta":[],"categories":[1],"tags":[],"_links":{"self":[{"href":"https:\/\/justicapotiguar.com.br\/index.php\/wp-json\/wp\/v2\/posts\/29252"}],"collection":[{"href":"https:\/\/justicapotiguar.com.br\/index.php\/wp-json\/wp\/v2\/posts"}],"about":[{"href":"https:\/\/justicapotiguar.com.br\/index.php\/wp-json\/wp\/v2\/types\/post"}],"author":[{"embeddable":true,"href":"https:\/\/justicapotiguar.com.br\/index.php\/wp-json\/wp\/v2\/users\/5"}],"replies":[{"embeddable":true,"href":"https:\/\/justicapotiguar.com.br\/index.php\/wp-json\/wp\/v2\/comments?post=29252"}],"version-history":[{"count":1,"href":"https:\/\/justicapotiguar.com.br\/index.php\/wp-json\/wp\/v2\/posts\/29252\/revisions"}],"predecessor-version":[{"id":29254,"href":"https:\/\/justicapotiguar.com.br\/index.php\/wp-json\/wp\/v2\/posts\/29252\/revisions\/29254"}],"wp:attachment":[{"href":"https:\/\/justicapotiguar.com.br\/index.php\/wp-json\/wp\/v2\/media?parent=29252"}],"wp:term":[{"taxonomy":"category","embeddable":true,"href":"https:\/\/justicapotiguar.com.br\/index.php\/wp-json\/wp\/v2\/categories?post=29252"},{"taxonomy":"post_tag","embeddable":true,"href":"https:\/\/justicapotiguar.com.br\/index.php\/wp-json\/wp\/v2\/tags?post=29252"}],"curies":[{"name":"wp","href":"https:\/\/api.w.org\/{rel}","templated":true}]}}