{"id":29218,"date":"2022-11-18T15:19:21","date_gmt":"2022-11-18T18:19:21","guid":{"rendered":"https:\/\/justicapotiguar.com.br\/?p=29218"},"modified":"2022-11-18T15:19:21","modified_gmt":"2022-11-18T18:19:21","slug":"relator-moraes-vota-no-stf-por-derrubar-direito-a-prisao-especial-para-quem-tem-curso-superior","status":"publish","type":"post","link":"https:\/\/justicapotiguar.com.br\/index.php\/2022\/11\/18\/relator-moraes-vota-no-stf-por-derrubar-direito-a-prisao-especial-para-quem-tem-curso-superior\/","title":{"rendered":"Relator, Moraes vota no STF por derrubar direito a pris\u00e3o especial para quem tem curso superior"},"content":{"rendered":"\n<p>O ministro do Supremo Tribunal Federal (STF) Alexandre de Moraes votou nesta sexta-feira (18) para derrubar a previs\u00e3o de pris\u00e3o especial para quem tiver diploma de curso superior antes da condena\u00e7\u00e3o definitiva.<\/p>\n\n\n\n<p>Moraes \u00e9 relator de uma a\u00e7\u00e3o protocolada pela Procuradoria-Geral da Rep\u00fablica (PGR) em 2015 que questiona o benef\u00edcio previsto no C\u00f3digo de Processo Penal. A procuradoria defende que a norma viola a Constitui\u00e7\u00e3o, ferindo os princ\u00edpios da dignidade humana e da isonomia.<\/p>\n\n\n\n<p>Os ministros julgam a a\u00e7\u00e3o no plen\u00e1rio virtual, quando os votos s\u00e3o inseridos no sistema eletr\u00f4nico da Corte e n\u00e3o h\u00e1 debates. A pris\u00e3o especial prevista em lei n\u00e3o tem caracter\u00edsticas espec\u00edficas para as celas \u2013 consiste apenas em ficar em local distinto dos presos comuns.<\/p>\n\n\n\n<figure class=\"wp-block-image size-large\"><img loading=\"lazy\" width=\"680\" height=\"349\" src=\"https:\/\/justicapotiguar.com.br\/wp-content\/uploads\/2019\/11\/6B99DF8A7E180B64563A9764A4164CF56165_prisao.jpg\" alt=\"\" class=\"wp-image-4125\" srcset=\"https:\/\/justicapotiguar.com.br\/wp-content\/uploads\/2019\/11\/6B99DF8A7E180B64563A9764A4164CF56165_prisao.jpg 680w, https:\/\/justicapotiguar.com.br\/wp-content\/uploads\/2019\/11\/6B99DF8A7E180B64563A9764A4164CF56165_prisao-300x154.jpg 300w\" sizes=\"(max-width: 680px) 100vw, 680px\" \/><figcaption>Ilustrativa<\/figcaption><\/figure>\n\n\n\n<p>No voto apresentado, Moraes concorda que a norma \u00e9 inconstitucional e fere o princ\u00edpio da isonomia. O ministro afirmou que n\u00e3o h\u00e1 justificativa para manter um benef\u00edcio que, segundo ele, transmite a ideia de que presos comuns n\u00e3o se tornaram pessoas dignas de tratamento especial por parte do Estado.<\/p><div class=\"xojqb69edd75a40c4a\" ><!--<a href=\"https:\/\/bit.ly\/3QdrqTZ\" target=\"_blank\">\n<img src=\"https:\/\/justicapotiguar.com.br\/wp-content\/uploads\/2023\/09\/mobile-geral.gif\"\/><a\/>--><\/div><style type=\"text\/css\">\r\n.xojqb69edd75a40c4a {\r\ntext-align: center;\r\n}\r\n@media screen and (min-width: 1201px) {\r\n.xojqb69edd75a40c4a {\r\ndisplay: none;\r\n}\r\n}\r\n@media screen and (min-width: 993px) and (max-width: 1200px) {\r\n.xojqb69edd75a40c4a {\r\ndisplay: none;\r\n}\r\n}\r\n@media screen and (min-width: 769px) and (max-width: 992px) {\r\n.xojqb69edd75a40c4a {\r\ndisplay: none;\r\n}\r\n}\r\n@media screen and (min-width: 768px) and (max-width: 768px) {\r\n.xojqb69edd75a40c4a {\r\ndisplay: block;\r\n}\r\n}\r\n@media screen and (max-width: 767px) {\r\n.xojqb69edd75a40c4a {\r\ndisplay: block;\r\n}\r\n}\r\n<\/style>\r\n<div class=\"qizgy69edd75a40c2d\" ><!--<a href=\"https:\/\/bit.ly\/3QdrqTZ\" target=\"_blank\">\n<img src=\"https:\/\/justicapotiguar.com.br\/wp-content\/uploads\/2023\/09\/desktop-geral.gif\"\/><a\/>--><\/div><style type=\"text\/css\">\r\n.qizgy69edd75a40c2d {\r\ntext-align: center;\nmargin-bottom: 1em;\r\n}\r\n@media screen and (min-width: 1201px) {\r\n.qizgy69edd75a40c2d {\r\ndisplay: block;\r\n}\r\n}\r\n@media screen and (min-width: 993px) and (max-width: 1200px) {\r\n.qizgy69edd75a40c2d {\r\ndisplay: block;\r\n}\r\n}\r\n@media screen and (min-width: 769px) and (max-width: 992px) {\r\n.qizgy69edd75a40c2d {\r\ndisplay: block;\r\n}\r\n}\r\n@media screen and (min-width: 768px) and (max-width: 768px) {\r\n.qizgy69edd75a40c2d {\r\ndisplay: none;\r\n}\r\n}\r\n@media screen and (max-width: 767px) {\r\n.qizgy69edd75a40c2d {\r\ndisplay: none;\r\n}\r\n}\r\n<\/style>\r\n\n\n\n\n<p>\u201cA norma impugnada n\u00e3o protege uma categoria de pessoas fragilizadas e merecedoras de tutela, pelo contr\u00e1rio, ela favorece aqueles que j\u00e1 s\u00e3o favorecidos por sua posi\u00e7\u00e3o socioecon\u00f4mica. Embora a atual realidade brasileira j\u00e1 desautorize a associa\u00e7\u00e3o entre bacharelado e prest\u00edgio pol\u00edtico, fato \u00e9 que a obten\u00e7\u00e3o de t\u00edtulo acad\u00eamico ainda \u00e9 algo inacess\u00edvel para a maioria da popula\u00e7\u00e3o brasileira&#8221;, diz Moraes.<\/p>\n\n\n\n<p>&#8220;A extens\u00e3o da pris\u00e3o especial a essas pessoas caracteriza verdadeiro privil\u00e9gio que, em \u00faltima an\u00e1lise, materializa a desigualdade social e o vi\u00e9s seletivo do direito penal, e malfere preceito fundamental da Constitui\u00e7\u00e3o que assegura a igualdade entre todos na lei e perante a lei\u201d, escreveu.<\/p>\n\n\n\n<p>G1<\/p>\n","protected":false},"excerpt":{"rendered":"<p>O ministro do Supremo Tribunal Federal (STF) Alexandre de Moraes votou nesta sexta-feira (18) para derrubar a previs\u00e3o de pris\u00e3o especial para quem tiver diploma de curso superior antes da condena\u00e7\u00e3o definitiva. Moraes \u00e9 relator de uma a\u00e7\u00e3o protocolada pela Procuradoria-Geral da Rep\u00fablica (PGR) em 2015 que questiona o benef\u00edcio previsto no C\u00f3digo de Processo<br \/><a class=\"more-link\" href=\"https:\/\/justicapotiguar.com.br\/index.php\/2022\/11\/18\/relator-moraes-vota-no-stf-por-derrubar-direito-a-prisao-especial-para-quem-tem-curso-superior\/\">Mais&#8230;<\/a><\/p>\n","protected":false},"author":5,"featured_media":0,"comment_status":"open","ping_status":"open","sticky":false,"template":"","format":"standard","meta":[],"categories":[1],"tags":[],"_links":{"self":[{"href":"https:\/\/justicapotiguar.com.br\/index.php\/wp-json\/wp\/v2\/posts\/29218"}],"collection":[{"href":"https:\/\/justicapotiguar.com.br\/index.php\/wp-json\/wp\/v2\/posts"}],"about":[{"href":"https:\/\/justicapotiguar.com.br\/index.php\/wp-json\/wp\/v2\/types\/post"}],"author":[{"embeddable":true,"href":"https:\/\/justicapotiguar.com.br\/index.php\/wp-json\/wp\/v2\/users\/5"}],"replies":[{"embeddable":true,"href":"https:\/\/justicapotiguar.com.br\/index.php\/wp-json\/wp\/v2\/comments?post=29218"}],"version-history":[{"count":1,"href":"https:\/\/justicapotiguar.com.br\/index.php\/wp-json\/wp\/v2\/posts\/29218\/revisions"}],"predecessor-version":[{"id":29219,"href":"https:\/\/justicapotiguar.com.br\/index.php\/wp-json\/wp\/v2\/posts\/29218\/revisions\/29219"}],"wp:attachment":[{"href":"https:\/\/justicapotiguar.com.br\/index.php\/wp-json\/wp\/v2\/media?parent=29218"}],"wp:term":[{"taxonomy":"category","embeddable":true,"href":"https:\/\/justicapotiguar.com.br\/index.php\/wp-json\/wp\/v2\/categories?post=29218"},{"taxonomy":"post_tag","embeddable":true,"href":"https:\/\/justicapotiguar.com.br\/index.php\/wp-json\/wp\/v2\/tags?post=29218"}],"curies":[{"name":"wp","href":"https:\/\/api.w.org\/{rel}","templated":true}]}}