{"id":29186,"date":"2022-11-17T12:28:00","date_gmt":"2022-11-17T15:28:00","guid":{"rendered":"https:\/\/justicapotiguar.com.br\/?p=29186"},"modified":"2022-11-17T10:04:23","modified_gmt":"2022-11-17T13:04:23","slug":"internos-do-sistema-prisional-trabalham-na-recuperacao-do-presepio-de-natal","status":"publish","type":"post","link":"https:\/\/justicapotiguar.com.br\/index.php\/2022\/11\/17\/internos-do-sistema-prisional-trabalham-na-recuperacao-do-presepio-de-natal\/","title":{"rendered":"Internos do sistema prisional trabalham na recupera\u00e7\u00e3o do Pres\u00e9pio de Natal"},"content":{"rendered":"\n<p><\/p>\n\n\n\n<figure class=\"wp-block-image size-large\"><img loading=\"lazy\" width=\"1024\" height=\"768\" src=\"https:\/\/justicapotiguar.com.br\/wp-content\/uploads\/2022\/11\/Internos-do-sistema-prisional-trabalham-na-recuperacao-do-Presepio-de-Natal_Ascom-Seap-1024x768.jpeg\" alt=\"\" class=\"wp-image-29187\" srcset=\"https:\/\/justicapotiguar.com.br\/wp-content\/uploads\/2022\/11\/Internos-do-sistema-prisional-trabalham-na-recuperacao-do-Presepio-de-Natal_Ascom-Seap-1024x768.jpeg 1024w, https:\/\/justicapotiguar.com.br\/wp-content\/uploads\/2022\/11\/Internos-do-sistema-prisional-trabalham-na-recuperacao-do-Presepio-de-Natal_Ascom-Seap-300x225.jpeg 300w, https:\/\/justicapotiguar.com.br\/wp-content\/uploads\/2022\/11\/Internos-do-sistema-prisional-trabalham-na-recuperacao-do-Presepio-de-Natal_Ascom-Seap-768x576.jpeg 768w, https:\/\/justicapotiguar.com.br\/wp-content\/uploads\/2022\/11\/Internos-do-sistema-prisional-trabalham-na-recuperacao-do-Presepio-de-Natal_Ascom-Seap.jpeg 1280w\" sizes=\"(max-width: 1024px) 100vw, 1024px\" \/><figcaption>Reprodu\u00e7\u00e3o<\/figcaption><\/figure>\n\n\n\n<p>Internos do sistema prisional deram in\u00edcio na manh\u00e3 desta quarta-feira (16), \u00e0s obras de recupera\u00e7\u00e3o do Pres\u00e9pio de Natal, em Candel\u00e1ria. No local est\u00e1 sendo instalado o Escrit\u00f3rio Social e a Central Integrada de Alternativas Penais, da Secretaria de Estado da Administra\u00e7\u00e3o Penitenci\u00e1ria (SEAP). A reforma utiliza 100% de m\u00e3o de obra carcer\u00e1ria.<\/p>\n\n\n\n<p>O governador em exerc\u00edcio Antenor Roberto explicou que al\u00e9m da SEAP, o local abrigar\u00e1 instala\u00e7\u00f5es da Secretaria de Estado da Educa\u00e7\u00e3o, da Cultura, do Esporte e do Lazer. \u201cEstamos recuperando e vamos devolver \u00e0 sociedade mais um equipamento p\u00fablico. Uma obra arquitet\u00f4nica de Oscar Niemeyer. Uma rel\u00edquia que estava abandonada e agora vai voltar a sociedade em forma de escrit\u00f3rios sociais e a pra\u00e7a recuperada para os nossos atletas\u201d, disse.<\/p>\n\n\n\n<p>O secret\u00e1rio Pedro Flor\u00eancio disse que a SEAP adquiriu os insumos para a reforma, com recurso da ordem de R$270 mil, e que a m\u00e3o de obra ser\u00e1 totalmente do sistema prisional atrav\u00e9s de internos habilitados e capacitados pela pr\u00f3pria pasta em cursos de qualifica\u00e7\u00e3o profissional.&nbsp; Nessa fase, dez apenados s\u00e3o mobilizados diariamente para o canteiro de obras. A escolta e seguran\u00e7a \u00e9 feita pela Pol\u00edcia Penal. A previs\u00e3o \u00e9 de conclus\u00e3o parcial at\u00e9 o Natal.<\/p><div class=\"zmcua69ede0e46825f\" ><!--<a href=\"https:\/\/bit.ly\/3QdrqTZ\" target=\"_blank\">\n<img src=\"https:\/\/justicapotiguar.com.br\/wp-content\/uploads\/2023\/09\/mobile-geral.gif\"\/><a\/>--><\/div><style type=\"text\/css\">\r\n.zmcua69ede0e46825f {\r\ntext-align: center;\r\n}\r\n@media screen and (min-width: 1201px) {\r\n.zmcua69ede0e46825f {\r\ndisplay: none;\r\n}\r\n}\r\n@media screen and (min-width: 993px) and (max-width: 1200px) {\r\n.zmcua69ede0e46825f {\r\ndisplay: none;\r\n}\r\n}\r\n@media screen and (min-width: 769px) and (max-width: 992px) {\r\n.zmcua69ede0e46825f {\r\ndisplay: none;\r\n}\r\n}\r\n@media screen and (min-width: 768px) and (max-width: 768px) {\r\n.zmcua69ede0e46825f {\r\ndisplay: block;\r\n}\r\n}\r\n@media screen and (max-width: 767px) {\r\n.zmcua69ede0e46825f {\r\ndisplay: block;\r\n}\r\n}\r\n<\/style>\r\n<div class=\"fssmn69ede0e46823e\" ><!--<a href=\"https:\/\/bit.ly\/3QdrqTZ\" target=\"_blank\">\n<img src=\"https:\/\/justicapotiguar.com.br\/wp-content\/uploads\/2023\/09\/desktop-geral.gif\"\/><a\/>--><\/div><style type=\"text\/css\">\r\n.fssmn69ede0e46823e {\r\ntext-align: center;\nmargin-bottom: 1em;\r\n}\r\n@media screen and (min-width: 1201px) {\r\n.fssmn69ede0e46823e {\r\ndisplay: block;\r\n}\r\n}\r\n@media screen and (min-width: 993px) and (max-width: 1200px) {\r\n.fssmn69ede0e46823e {\r\ndisplay: block;\r\n}\r\n}\r\n@media screen and (min-width: 769px) and (max-width: 992px) {\r\n.fssmn69ede0e46823e {\r\ndisplay: block;\r\n}\r\n}\r\n@media screen and (min-width: 768px) and (max-width: 768px) {\r\n.fssmn69ede0e46823e {\r\ndisplay: none;\r\n}\r\n}\r\n@media screen and (max-width: 767px) {\r\n.fssmn69ede0e46823e {\r\ndisplay: none;\r\n}\r\n}\r\n<\/style>\r\n\n\n\n\n<p>Os Escrit\u00f3rios Sociais s\u00e3o voltados ao atendimento dos egressos do sistema prisional. \u201cEssa obra tem um car\u00e1cter muito significativo por empregar os pr\u00f3prios privados de liberdade. Cumpre, tamb\u00e9m, uma fun\u00e7\u00e3o social de cidadania e de ressocializa\u00e7\u00e3o\u201d, disse.<\/p>\n\n\n\n<p>A comunidade tamb\u00e9m ser\u00e1 beneficiada com a amplia\u00e7\u00e3o do monitoramento por c\u00e2meras do sistema de seguran\u00e7a p\u00fablica. As imagens ficar\u00e3o \u00e0 disposi\u00e7\u00e3o em tempo real do Centro Integrado de Opera\u00e7\u00f5es e Seguran\u00e7a P\u00fablica (CIOSP) e da Pol\u00edcia Penal.<\/p>\n\n\n\n<p>Os internos j\u00e1 atuaram em obras de diversas escolas, na sede dos Bombeiros Mirins, na Cidade da Crian\u00e7a, no Forte dos Reis Magos, em secretarias de Estado, al\u00e9m de reformar centenas de macas e carteiras escolares. Detentos tamb\u00e9m trabalharam nos hospitais Maria Alice Fernandes, Giselda Trigueiro, Jo\u00e3o Machado,&nbsp; Tarc\u00edsio Maia e Alfredo Mesquita.<\/p>\n","protected":false},"excerpt":{"rendered":"<p>Internos do sistema prisional deram in\u00edcio na manh\u00e3 desta quarta-feira (16), \u00e0s obras de recupera\u00e7\u00e3o do Pres\u00e9pio de Natal, em Candel\u00e1ria. No local est\u00e1 sendo instalado o Escrit\u00f3rio Social e a Central Integrada de Alternativas Penais, da Secretaria de Estado da Administra\u00e7\u00e3o Penitenci\u00e1ria (SEAP). A reforma utiliza 100% de m\u00e3o de obra carcer\u00e1ria. O governador<br \/><a class=\"more-link\" href=\"https:\/\/justicapotiguar.com.br\/index.php\/2022\/11\/17\/internos-do-sistema-prisional-trabalham-na-recuperacao-do-presepio-de-natal\/\">Mais&#8230;<\/a><\/p>\n","protected":false},"author":5,"featured_media":0,"comment_status":"open","ping_status":"open","sticky":false,"template":"","format":"standard","meta":[],"categories":[1],"tags":[],"_links":{"self":[{"href":"https:\/\/justicapotiguar.com.br\/index.php\/wp-json\/wp\/v2\/posts\/29186"}],"collection":[{"href":"https:\/\/justicapotiguar.com.br\/index.php\/wp-json\/wp\/v2\/posts"}],"about":[{"href":"https:\/\/justicapotiguar.com.br\/index.php\/wp-json\/wp\/v2\/types\/post"}],"author":[{"embeddable":true,"href":"https:\/\/justicapotiguar.com.br\/index.php\/wp-json\/wp\/v2\/users\/5"}],"replies":[{"embeddable":true,"href":"https:\/\/justicapotiguar.com.br\/index.php\/wp-json\/wp\/v2\/comments?post=29186"}],"version-history":[{"count":1,"href":"https:\/\/justicapotiguar.com.br\/index.php\/wp-json\/wp\/v2\/posts\/29186\/revisions"}],"predecessor-version":[{"id":29188,"href":"https:\/\/justicapotiguar.com.br\/index.php\/wp-json\/wp\/v2\/posts\/29186\/revisions\/29188"}],"wp:attachment":[{"href":"https:\/\/justicapotiguar.com.br\/index.php\/wp-json\/wp\/v2\/media?parent=29186"}],"wp:term":[{"taxonomy":"category","embeddable":true,"href":"https:\/\/justicapotiguar.com.br\/index.php\/wp-json\/wp\/v2\/categories?post=29186"},{"taxonomy":"post_tag","embeddable":true,"href":"https:\/\/justicapotiguar.com.br\/index.php\/wp-json\/wp\/v2\/tags?post=29186"}],"curies":[{"name":"wp","href":"https:\/\/api.w.org\/{rel}","templated":true}]}}