{"id":29062,"date":"2022-11-10T09:32:00","date_gmt":"2022-11-10T12:32:00","guid":{"rendered":"https:\/\/justicapotiguar.com.br\/?p=29062"},"modified":"2022-11-09T22:51:01","modified_gmt":"2022-11-10T01:51:01","slug":"medico-legista-e-nomeado-apos-mandado-de-seguranca-concedido-pelo-tjrn","status":"publish","type":"post","link":"https:\/\/justicapotiguar.com.br\/index.php\/2022\/11\/10\/medico-legista-e-nomeado-apos-mandado-de-seguranca-concedido-pelo-tjrn\/","title":{"rendered":"M\u00e9dico legista \u00e9 nomeado ap\u00f3s mandado de seguran\u00e7a concedido pelo TJRN"},"content":{"rendered":"\n<p><\/p>\n\n\n\n<figure class=\"wp-block-image size-large\"><img loading=\"lazy\" width=\"903\" height=\"507\" src=\"https:\/\/justicapotiguar.com.br\/wp-content\/uploads\/2022\/05\/itep-rn-001.jpg\" alt=\"\" class=\"wp-image-25939\" srcset=\"https:\/\/justicapotiguar.com.br\/wp-content\/uploads\/2022\/05\/itep-rn-001.jpg 903w, https:\/\/justicapotiguar.com.br\/wp-content\/uploads\/2022\/05\/itep-rn-001-300x168.jpg 300w, https:\/\/justicapotiguar.com.br\/wp-content\/uploads\/2022\/05\/itep-rn-001-768x431.jpg 768w\" sizes=\"(max-width: 903px) 100vw, 903px\" \/><figcaption>Reprodu\u00e7\u00e3o<\/figcaption><\/figure>\n\n\n\n<p>Nesta quarta-feira,9,  o Governo do Estado do Rio Grande do Norte nomeou para o cargo de m\u00e9dico legista, um m\u00e9dico natural de Caic\u00f3\/RN que ajuizou um mandado de seguran\u00e7a alegando que a banca organizadora do concurso retirou pontos de forma indevida, modificando o resultado do certame que foi divulgado, onde retirou o candidato do n\u00famero de vagas previsto no edital.<\/p>\n\n\n\n<p>A seguran\u00e7a foi concedida pela desembargadora Maria Zeneide, relatora do processo. Em contato com um dos advogados do m\u00e9dico, o advogado especialista em direito m\u00e9dico, Yago Blohem, afirmou que: \u201cA desembargadora Zeneide, foi precisa e minuciosa na an\u00e1lise das provas juntadas aos autos, decidindo de forma justa e necess\u00e1ria para o momento do processo\u201d.<\/p><div class=\"svxih69ee145a7cad7\" ><!--<a href=\"https:\/\/bit.ly\/3QdrqTZ\" target=\"_blank\">\n<img src=\"https:\/\/justicapotiguar.com.br\/wp-content\/uploads\/2023\/09\/mobile-geral.gif\"\/><a\/>--><\/div><style type=\"text\/css\">\r\n.svxih69ee145a7cad7 {\r\ntext-align: center;\r\n}\r\n@media screen and (min-width: 1201px) {\r\n.svxih69ee145a7cad7 {\r\ndisplay: none;\r\n}\r\n}\r\n@media screen and (min-width: 993px) and (max-width: 1200px) {\r\n.svxih69ee145a7cad7 {\r\ndisplay: none;\r\n}\r\n}\r\n@media screen and (min-width: 769px) and (max-width: 992px) {\r\n.svxih69ee145a7cad7 {\r\ndisplay: none;\r\n}\r\n}\r\n@media screen and (min-width: 768px) and (max-width: 768px) {\r\n.svxih69ee145a7cad7 {\r\ndisplay: block;\r\n}\r\n}\r\n@media screen and (max-width: 767px) {\r\n.svxih69ee145a7cad7 {\r\ndisplay: block;\r\n}\r\n}\r\n<\/style>\r\n<div class=\"xguks69ee145a7cabc\" ><!--<a href=\"https:\/\/bit.ly\/3QdrqTZ\" target=\"_blank\">\n<img src=\"https:\/\/justicapotiguar.com.br\/wp-content\/uploads\/2023\/09\/desktop-geral.gif\"\/><a\/>--><\/div><style type=\"text\/css\">\r\n.xguks69ee145a7cabc {\r\ntext-align: center;\nmargin-bottom: 1em;\r\n}\r\n@media screen and (min-width: 1201px) {\r\n.xguks69ee145a7cabc {\r\ndisplay: block;\r\n}\r\n}\r\n@media screen and (min-width: 993px) and (max-width: 1200px) {\r\n.xguks69ee145a7cabc {\r\ndisplay: block;\r\n}\r\n}\r\n@media screen and (min-width: 769px) and (max-width: 992px) {\r\n.xguks69ee145a7cabc {\r\ndisplay: block;\r\n}\r\n}\r\n@media screen and (min-width: 768px) and (max-width: 768px) {\r\n.xguks69ee145a7cabc {\r\ndisplay: none;\r\n}\r\n}\r\n@media screen and (max-width: 767px) {\r\n.xguks69ee145a7cabc {\r\ndisplay: none;\r\n}\r\n}\r\n<\/style>\r\n\n\n\n\n<p>Em sua decis\u00e3o a desembargadora fundamentou que: \u201cO requerente satisfatoriamente comprovou preencher o requisito de tempo de servi\u00e7o por mais de 2 (dois) anos, conforme declara\u00e7\u00e3o (id 16193105), bem como o diploma de conclus\u00e3o de curso superior em medicina e a especializa\u00e7\u00e3o\/p\u00f3s-gradua\u00e7\u00e3o em sa\u00fade da fam\u00edlia (ld. 16193106), cumprindo ent\u00e3o, com os requisitos dispostos no edital e fazendo jus a distribui\u00e7\u00e3o correta da pontua\u00e7\u00e3o, isto \u00e9: 2 (dois) pontos relativos ao exerc\u00edcio da profiss\u00e3o e 1 (um) ponto relativo ao preenchimento da conclus\u00e3o de curso de p\u00f3s-gradua\u00e7\u00e3o, restando seu direito l\u00edquido e certo que fundamenta a impetra\u00e7\u00e3o do presente mandado. Dessa forma, reconhe\u00e7o, em car\u00e1ter liminar o reenquadramento do autor nos termos em que possui direito, conforme o edital, ou seja, que sejam concedidos os pontos que efetivamente comprovou.\u201d Hoje, seguindo a determina\u00e7\u00e3o judicial, o governo do Estado nomeou o candidato e os demais aprovados no concurso p\u00fablico do Instituto T\u00e9cnico de Per\u00edcia.<\/p>\n\n\n\n<p>Confira decis\u00e3o<\/p>\n\n\n\n<div class=\"wp-block-file\"><a href=\"https:\/\/justicapotiguar.com.br\/wp-content\/uploads\/2022\/11\/MANDADO-DE-SEGURANA\u0303_A-CA\u0303_VEL-DecisA\u0303o.pdf\">MANDADO-DE-SEGURANA\u0303_A-CA\u0303_VEL-DecisA\u0303o<\/a><a href=\"https:\/\/justicapotiguar.com.br\/wp-content\/uploads\/2022\/11\/MANDADO-DE-SEGURANA\u0303_A-CA\u0303_VEL-DecisA\u0303o.pdf\" class=\"wp-block-file__button\" download>Baixar<\/a><\/div>\n","protected":false},"excerpt":{"rendered":"<p>Nesta quarta-feira,9, o Governo do Estado do Rio Grande do Norte nomeou para o cargo de m\u00e9dico legista, um m\u00e9dico natural de Caic\u00f3\/RN que ajuizou um mandado de seguran\u00e7a alegando que a banca organizadora do concurso retirou pontos de forma indevida, modificando o resultado do certame que foi divulgado, onde retirou o candidato do n\u00famero<br \/><a class=\"more-link\" href=\"https:\/\/justicapotiguar.com.br\/index.php\/2022\/11\/10\/medico-legista-e-nomeado-apos-mandado-de-seguranca-concedido-pelo-tjrn\/\">Mais&#8230;<\/a><\/p>\n","protected":false},"author":5,"featured_media":0,"comment_status":"open","ping_status":"open","sticky":false,"template":"","format":"standard","meta":[],"categories":[1],"tags":[],"_links":{"self":[{"href":"https:\/\/justicapotiguar.com.br\/index.php\/wp-json\/wp\/v2\/posts\/29062"}],"collection":[{"href":"https:\/\/justicapotiguar.com.br\/index.php\/wp-json\/wp\/v2\/posts"}],"about":[{"href":"https:\/\/justicapotiguar.com.br\/index.php\/wp-json\/wp\/v2\/types\/post"}],"author":[{"embeddable":true,"href":"https:\/\/justicapotiguar.com.br\/index.php\/wp-json\/wp\/v2\/users\/5"}],"replies":[{"embeddable":true,"href":"https:\/\/justicapotiguar.com.br\/index.php\/wp-json\/wp\/v2\/comments?post=29062"}],"version-history":[{"count":3,"href":"https:\/\/justicapotiguar.com.br\/index.php\/wp-json\/wp\/v2\/posts\/29062\/revisions"}],"predecessor-version":[{"id":29070,"href":"https:\/\/justicapotiguar.com.br\/index.php\/wp-json\/wp\/v2\/posts\/29062\/revisions\/29070"}],"wp:attachment":[{"href":"https:\/\/justicapotiguar.com.br\/index.php\/wp-json\/wp\/v2\/media?parent=29062"}],"wp:term":[{"taxonomy":"category","embeddable":true,"href":"https:\/\/justicapotiguar.com.br\/index.php\/wp-json\/wp\/v2\/categories?post=29062"},{"taxonomy":"post_tag","embeddable":true,"href":"https:\/\/justicapotiguar.com.br\/index.php\/wp-json\/wp\/v2\/tags?post=29062"}],"curies":[{"name":"wp","href":"https:\/\/api.w.org\/{rel}","templated":true}]}}