{"id":29005,"date":"2022-11-07T15:02:00","date_gmt":"2022-11-07T18:02:00","guid":{"rendered":"https:\/\/justicapotiguar.com.br\/?p=29005"},"modified":"2022-11-07T09:03:39","modified_gmt":"2022-11-07T12:03:39","slug":"pleno-do-tjrn-aprova-formacao-da-3a-turma-recursal-temporaria-do-poder-judiciario","status":"publish","type":"post","link":"https:\/\/justicapotiguar.com.br\/index.php\/2022\/11\/07\/pleno-do-tjrn-aprova-formacao-da-3a-turma-recursal-temporaria-do-poder-judiciario\/","title":{"rendered":"Pleno do TJRN aprova forma\u00e7\u00e3o da 3\u00aa Turma Recursal Tempor\u00e1ria do Poder Judici\u00e1rio"},"content":{"rendered":"\n<figure class=\"wp-block-image size-large\"><img loading=\"lazy\" width=\"1024\" height=\"576\" src=\"https:\/\/justicapotiguar.com.br\/wp-content\/uploads\/2019\/11\/promotor-justica-1200x675-1024x576.jpg\" alt=\"\" class=\"wp-image-4211\" srcset=\"https:\/\/justicapotiguar.com.br\/wp-content\/uploads\/2019\/11\/promotor-justica-1200x675-1024x576.jpg 1024w, https:\/\/justicapotiguar.com.br\/wp-content\/uploads\/2019\/11\/promotor-justica-1200x675-300x169.jpg 300w, https:\/\/justicapotiguar.com.br\/wp-content\/uploads\/2019\/11\/promotor-justica-1200x675-768x432.jpg 768w, https:\/\/justicapotiguar.com.br\/wp-content\/uploads\/2019\/11\/promotor-justica-1200x675.jpg 1200w\" sizes=\"(max-width: 1024px) 100vw, 1024px\" \/><figcaption>Ilustrativa<\/figcaption><\/figure>\n\n\n\n<p>O Pleno do Tribunal de Justi\u00e7a do Rio Grande do Norte aprovou, nesta quinta-feira (3), a forma\u00e7\u00e3o da 3\u00aa Turma Recursal Tempor\u00e1ria do Poder Judici\u00e1rio. A nova turma ser\u00e1 composta por tr\u00eas ju\u00edzes designados para um mandato de dois anos e escolhidos dentre os Ju\u00edzes de Direito de Entr\u00e2ncia Final que integram o Sistema dos Juizados Especiais. A decis\u00e3o faz parte da Resolu\u00e7\u00e3o n\u00b0 69, publicada no DJe do dia 3 de novembro.<\/p>\n\n\n\n<p>Devido a forma\u00e7\u00e3o da 3\u00aa Turma, as atuais 1\u00aa e 2\u00aa Turmas Recursais Tempor\u00e1rias ser\u00e3o desativadas.<\/p>\n\n\n\n<p>A normativa leva em considera\u00e7\u00e3o o acervo processual elevado e tem como objetivo proporcionar a celeridade desses processos, algo que deve nortear a presta\u00e7\u00e3o jurisdicional nos feitos de compet\u00eancia das Turmas Recursais.<\/p>\n\n\n\n<p>Cada gabinete de Juiz da 3\u00aa Turma Recursal contar\u00e1, em sua estrutura, com um Assistente de Gabinete de Juiz e dois Assessores de Gabinete de Juiz, vinculados ao 1\u00ba Gabinete da 3\u00aa Turma Recursal; um Assistente de Gabinete de Juiz e dois Assessores de Gabinete de Juiz, vinculados ao 2\u00ba Gabinete da 3\u00aa Turma Recursal; e um Assistente de Gabinete de Juiz e dois Assessores de Gabinete de Juiz, vinculados ao 3\u00ba Gabinete da 3\u00aa Turma Recursal.<\/p><div class=\"seugd69f572101d29e\" ><!--<a href=\"https:\/\/bit.ly\/3QdrqTZ\" target=\"_blank\">\n<img src=\"https:\/\/justicapotiguar.com.br\/wp-content\/uploads\/2023\/09\/mobile-geral.gif\"\/><a\/>--><\/div><style type=\"text\/css\">\r\n.seugd69f572101d29e {\r\ntext-align: center;\r\n}\r\n@media screen and (min-width: 1201px) {\r\n.seugd69f572101d29e {\r\ndisplay: none;\r\n}\r\n}\r\n@media screen and (min-width: 993px) and (max-width: 1200px) {\r\n.seugd69f572101d29e {\r\ndisplay: none;\r\n}\r\n}\r\n@media screen and (min-width: 769px) and (max-width: 992px) {\r\n.seugd69f572101d29e {\r\ndisplay: none;\r\n}\r\n}\r\n@media screen and (min-width: 768px) and (max-width: 768px) {\r\n.seugd69f572101d29e {\r\ndisplay: block;\r\n}\r\n}\r\n@media screen and (max-width: 767px) {\r\n.seugd69f572101d29e {\r\ndisplay: block;\r\n}\r\n}\r\n<\/style>\r\n<div class=\"lyxjv69f572101d28a\" ><!--<a href=\"https:\/\/bit.ly\/3QdrqTZ\" target=\"_blank\">\n<img src=\"https:\/\/justicapotiguar.com.br\/wp-content\/uploads\/2023\/09\/desktop-geral.gif\"\/><a\/>--><\/div><style type=\"text\/css\">\r\n.lyxjv69f572101d28a {\r\ntext-align: center;\nmargin-bottom: 1em;\r\n}\r\n@media screen and (min-width: 1201px) {\r\n.lyxjv69f572101d28a {\r\ndisplay: block;\r\n}\r\n}\r\n@media screen and (min-width: 993px) and (max-width: 1200px) {\r\n.lyxjv69f572101d28a {\r\ndisplay: block;\r\n}\r\n}\r\n@media screen and (min-width: 769px) and (max-width: 992px) {\r\n.lyxjv69f572101d28a {\r\ndisplay: block;\r\n}\r\n}\r\n@media screen and (min-width: 768px) and (max-width: 768px) {\r\n.lyxjv69f572101d28a {\r\ndisplay: none;\r\n}\r\n}\r\n@media screen and (max-width: 767px) {\r\n.lyxjv69f572101d28a {\r\ndisplay: none;\r\n}\r\n}\r\n<\/style>\r\n\n\n\n\n<p>At\u00e9 que finalize o processo de escolha previsto, poder\u00e3o ser convocados para compor o colegiado da 3\u00aa Turma Recursal os tr\u00eas ju\u00edzes mais antigos dentre os suplentes da 1\u00aa e 2\u00aa Turma Recursal Permanente.<\/p>\n\n\n\n<p>Para conferir a Resolu\u00e7\u00e3o completa, clique&nbsp;<a href=\"https:\/\/centraldeestagio.tjrn.jus.br\/uploads\/Terceira_Turma_Recursal.pdf\">AQUI<\/a>.<\/p>\n\n\n\n<p><strong>Saiba mais<\/strong><\/p>\n\n\n\n<p><br>A nova Turma Recursal ser\u00e1 respons\u00e1vel por processar e julgar os recursos interpostos contra decis\u00f5es dos Juizados Especiais C\u00edveis, Criminais e da Fazenda P\u00fablica e os embargos de declara\u00e7\u00e3o de suas pr\u00f3prias decis\u00f5es, bem como os mandados de seguran\u00e7a e os habeas corpus impetrados contra atos dos ju\u00edzes de direito integrantes dos Juizados Especiais C\u00edveis, Criminais e da Fazenda P\u00fablica, com abrang\u00eancia sobre a jurisdi\u00e7\u00e3o territorial de todo o Estado do Rio Grande do Norte tamb\u00e9m s\u00e3o fun\u00e7\u00f5es da Turma Recursal.<\/p>\n","protected":false},"excerpt":{"rendered":"<p>O Pleno do Tribunal de Justi\u00e7a do Rio Grande do Norte aprovou, nesta quinta-feira (3), a forma\u00e7\u00e3o da 3\u00aa Turma Recursal Tempor\u00e1ria do Poder Judici\u00e1rio. A nova turma ser\u00e1 composta por tr\u00eas ju\u00edzes designados para um mandato de dois anos e escolhidos dentre os Ju\u00edzes de Direito de Entr\u00e2ncia Final que integram o Sistema dos<br \/><a class=\"more-link\" href=\"https:\/\/justicapotiguar.com.br\/index.php\/2022\/11\/07\/pleno-do-tjrn-aprova-formacao-da-3a-turma-recursal-temporaria-do-poder-judiciario\/\">Mais&#8230;<\/a><\/p>\n","protected":false},"author":5,"featured_media":0,"comment_status":"open","ping_status":"open","sticky":false,"template":"","format":"standard","meta":[],"categories":[1],"tags":[],"_links":{"self":[{"href":"https:\/\/justicapotiguar.com.br\/index.php\/wp-json\/wp\/v2\/posts\/29005"}],"collection":[{"href":"https:\/\/justicapotiguar.com.br\/index.php\/wp-json\/wp\/v2\/posts"}],"about":[{"href":"https:\/\/justicapotiguar.com.br\/index.php\/wp-json\/wp\/v2\/types\/post"}],"author":[{"embeddable":true,"href":"https:\/\/justicapotiguar.com.br\/index.php\/wp-json\/wp\/v2\/users\/5"}],"replies":[{"embeddable":true,"href":"https:\/\/justicapotiguar.com.br\/index.php\/wp-json\/wp\/v2\/comments?post=29005"}],"version-history":[{"count":1,"href":"https:\/\/justicapotiguar.com.br\/index.php\/wp-json\/wp\/v2\/posts\/29005\/revisions"}],"predecessor-version":[{"id":29006,"href":"https:\/\/justicapotiguar.com.br\/index.php\/wp-json\/wp\/v2\/posts\/29005\/revisions\/29006"}],"wp:attachment":[{"href":"https:\/\/justicapotiguar.com.br\/index.php\/wp-json\/wp\/v2\/media?parent=29005"}],"wp:term":[{"taxonomy":"category","embeddable":true,"href":"https:\/\/justicapotiguar.com.br\/index.php\/wp-json\/wp\/v2\/categories?post=29005"},{"taxonomy":"post_tag","embeddable":true,"href":"https:\/\/justicapotiguar.com.br\/index.php\/wp-json\/wp\/v2\/tags?post=29005"}],"curies":[{"name":"wp","href":"https:\/\/api.w.org\/{rel}","templated":true}]}}