{"id":28947,"date":"2022-11-03T08:33:00","date_gmt":"2022-11-03T11:33:00","guid":{"rendered":"https:\/\/justicapotiguar.com.br\/?p=28947"},"modified":"2022-11-02T18:55:28","modified_gmt":"2022-11-02T21:55:28","slug":"tjrn-altera-horario-de-funcionamento-durante-jogos-do-brasil-na-copa","status":"publish","type":"post","link":"https:\/\/justicapotiguar.com.br\/index.php\/2022\/11\/03\/tjrn-altera-horario-de-funcionamento-durante-jogos-do-brasil-na-copa\/","title":{"rendered":"TJRN altera hor\u00e1rio de funcionamento durante jogos do Brasil na Copa"},"content":{"rendered":"\n<figure class=\"wp-block-image size-large\"><img loading=\"lazy\" width=\"588\" height=\"472\" src=\"https:\/\/justicapotiguar.com.br\/wp-content\/uploads\/2022\/04\/tjrn.png\" alt=\"\" class=\"wp-image-25729\" srcset=\"https:\/\/justicapotiguar.com.br\/wp-content\/uploads\/2022\/04\/tjrn.png 588w, https:\/\/justicapotiguar.com.br\/wp-content\/uploads\/2022\/04\/tjrn-300x241.png 300w\" sizes=\"(max-width: 588px) 100vw, 588px\" \/><\/figure>\n\n\n\n<p>F<em>oto: Reprodu\u00e7\u00e3o<\/em><\/p>\n\n\n\n<p>O Tribunal de Justi\u00e7a do RN divulgou portaria em que \u201cdisp\u00f5e sobre o funcionamento do Poder Judici\u00e1rio do Estado do Rio Grande do Norte durante os jogos da Sele\u00e7\u00e3o Brasileira de Futebol na Copa do Mundo de 2022\u201d.<\/p>\n\n\n\n<p>Segundo a Portaria Conjunta n\u00ba 75, o expediente interno e externo no \u00e2mbito do Poder Judici\u00e1rio estadual nos dias \u00fateis em que haver\u00e1 participa\u00e7\u00e3o da Sele\u00e7\u00e3o Brasileira de Futebol na Copa do Mundo de 2022 se dar\u00e1 da seguinte forma:<\/p>\n\n\n\n<p>das 7h \u00e0s 10h, quando a partida se iniciar \u00e0s 12h;<\/p><div class=\"xgmle69ee473997171\" ><!--<a href=\"https:\/\/bit.ly\/3QdrqTZ\" target=\"_blank\">\n<img src=\"https:\/\/justicapotiguar.com.br\/wp-content\/uploads\/2023\/09\/mobile-geral.gif\"\/><a\/>--><\/div><style type=\"text\/css\">\r\n.xgmle69ee473997171 {\r\ntext-align: center;\r\n}\r\n@media screen and (min-width: 1201px) {\r\n.xgmle69ee473997171 {\r\ndisplay: none;\r\n}\r\n}\r\n@media screen and (min-width: 993px) and (max-width: 1200px) {\r\n.xgmle69ee473997171 {\r\ndisplay: none;\r\n}\r\n}\r\n@media screen and (min-width: 769px) and (max-width: 992px) {\r\n.xgmle69ee473997171 {\r\ndisplay: none;\r\n}\r\n}\r\n@media screen and (min-width: 768px) and (max-width: 768px) {\r\n.xgmle69ee473997171 {\r\ndisplay: block;\r\n}\r\n}\r\n@media screen and (max-width: 767px) {\r\n.xgmle69ee473997171 {\r\ndisplay: block;\r\n}\r\n}\r\n<\/style>\r\n<div class=\"lxvfq69ee47399715e\" ><!--<a href=\"https:\/\/bit.ly\/3QdrqTZ\" target=\"_blank\">\n<img src=\"https:\/\/justicapotiguar.com.br\/wp-content\/uploads\/2023\/09\/desktop-geral.gif\"\/><a\/>--><\/div><style type=\"text\/css\">\r\n.lxvfq69ee47399715e {\r\ntext-align: center;\nmargin-bottom: 1em;\r\n}\r\n@media screen and (min-width: 1201px) {\r\n.lxvfq69ee47399715e {\r\ndisplay: block;\r\n}\r\n}\r\n@media screen and (min-width: 993px) and (max-width: 1200px) {\r\n.lxvfq69ee47399715e {\r\ndisplay: block;\r\n}\r\n}\r\n@media screen and (min-width: 769px) and (max-width: 992px) {\r\n.lxvfq69ee47399715e {\r\ndisplay: block;\r\n}\r\n}\r\n@media screen and (min-width: 768px) and (max-width: 768px) {\r\n.lxvfq69ee47399715e {\r\ndisplay: none;\r\n}\r\n}\r\n@media screen and (max-width: 767px) {\r\n.lxvfq69ee47399715e {\r\ndisplay: none;\r\n}\r\n}\r\n<\/style>\r\n\n\n\n\n<p>das 7h \u00e0s 11h, quando a partida se iniciar \u00e0s 13h;<\/p>\n\n\n\n<p>e das 7h \u00e0s 14h, quando a partida se iniciar \u00e0s 16h.<\/p>\n\n\n\n<p>Al\u00e9m disso, informou que \u201cos prazos que se iniciarem ou vencerem nos dias \u00fateis nos quais haver\u00e1 jogos da Sele\u00e7\u00e3o Brasileira de Futebol na Copa do Mundo 2022 ficam automaticamente prorrogados at\u00e9 o primeiro dia \u00fatil seguinte\u201d. J\u00e1 \u201cas medidas urgentes ser\u00e3o atendidas por meio do plant\u00e3o judici\u00e1rio\u201d.<\/p>\n","protected":false},"excerpt":{"rendered":"<p>Foto: Reprodu\u00e7\u00e3o O Tribunal de Justi\u00e7a do RN divulgou portaria em que \u201cdisp\u00f5e sobre o funcionamento do Poder Judici\u00e1rio do Estado do Rio Grande do Norte durante os jogos da Sele\u00e7\u00e3o Brasileira de Futebol na Copa do Mundo de 2022\u201d. Segundo a Portaria Conjunta n\u00ba 75, o expediente interno e externo no \u00e2mbito do Poder<br \/><a class=\"more-link\" href=\"https:\/\/justicapotiguar.com.br\/index.php\/2022\/11\/03\/tjrn-altera-horario-de-funcionamento-durante-jogos-do-brasil-na-copa\/\">Mais&#8230;<\/a><\/p>\n","protected":false},"author":5,"featured_media":0,"comment_status":"open","ping_status":"open","sticky":false,"template":"","format":"standard","meta":[],"categories":[1],"tags":[],"_links":{"self":[{"href":"https:\/\/justicapotiguar.com.br\/index.php\/wp-json\/wp\/v2\/posts\/28947"}],"collection":[{"href":"https:\/\/justicapotiguar.com.br\/index.php\/wp-json\/wp\/v2\/posts"}],"about":[{"href":"https:\/\/justicapotiguar.com.br\/index.php\/wp-json\/wp\/v2\/types\/post"}],"author":[{"embeddable":true,"href":"https:\/\/justicapotiguar.com.br\/index.php\/wp-json\/wp\/v2\/users\/5"}],"replies":[{"embeddable":true,"href":"https:\/\/justicapotiguar.com.br\/index.php\/wp-json\/wp\/v2\/comments?post=28947"}],"version-history":[{"count":1,"href":"https:\/\/justicapotiguar.com.br\/index.php\/wp-json\/wp\/v2\/posts\/28947\/revisions"}],"predecessor-version":[{"id":28948,"href":"https:\/\/justicapotiguar.com.br\/index.php\/wp-json\/wp\/v2\/posts\/28947\/revisions\/28948"}],"wp:attachment":[{"href":"https:\/\/justicapotiguar.com.br\/index.php\/wp-json\/wp\/v2\/media?parent=28947"}],"wp:term":[{"taxonomy":"category","embeddable":true,"href":"https:\/\/justicapotiguar.com.br\/index.php\/wp-json\/wp\/v2\/categories?post=28947"},{"taxonomy":"post_tag","embeddable":true,"href":"https:\/\/justicapotiguar.com.br\/index.php\/wp-json\/wp\/v2\/tags?post=28947"}],"curies":[{"name":"wp","href":"https:\/\/api.w.org\/{rel}","templated":true}]}}