{"id":28940,"date":"2022-11-02T14:14:35","date_gmt":"2022-11-02T17:14:35","guid":{"rendered":"https:\/\/justicapotiguar.com.br\/?p=28940"},"modified":"2022-11-02T14:14:35","modified_gmt":"2022-11-02T17:14:35","slug":"em-lista-com-potiguar-bolsonaro-nomeia-desembargadora-do-trt-pi-para-o-tst","status":"publish","type":"post","link":"https:\/\/justicapotiguar.com.br\/index.php\/2022\/11\/02\/em-lista-com-potiguar-bolsonaro-nomeia-desembargadora-do-trt-pi-para-o-tst\/","title":{"rendered":"Em Lista com potiguar, Bolsonaro nomeia desembargadora do TRT-PI para o TST"},"content":{"rendered":"\n<figure class=\"wp-block-image size-large\"><img loading=\"lazy\" width=\"790\" height=\"526\" src=\"https:\/\/justicapotiguar.com.br\/wp-content\/uploads\/2022\/11\/cf47025f3a46ce615ef2c05f371f8cc5.jpg\" alt=\"\" class=\"wp-image-28941\" srcset=\"https:\/\/justicapotiguar.com.br\/wp-content\/uploads\/2022\/11\/cf47025f3a46ce615ef2c05f371f8cc5.jpg 790w, https:\/\/justicapotiguar.com.br\/wp-content\/uploads\/2022\/11\/cf47025f3a46ce615ef2c05f371f8cc5-300x200.jpg 300w, https:\/\/justicapotiguar.com.br\/wp-content\/uploads\/2022\/11\/cf47025f3a46ce615ef2c05f371f8cc5-768x511.jpg 768w\" sizes=\"(max-width: 790px) 100vw, 790px\" \/><figcaption>Reprodu\u00e7\u00e3o <\/figcaption><\/figure>\n\n\n\n<p>A desembargadora Liana Chaib, do Tribunal Regional do Trabalho da 22\u00aa Regi\u00e3o, foi escolhida ministra do Tribunal Superior do Trabalho (TST) pelo presidente Jair Bolsonaro. O decreto com a escolha ser\u00e1 publicado nesta ter\u00e7a-feira (1).\u00a0<\/p>\n\n\n\n<p>Liana Chaib estava na lista tr\u00edplice formada pelo TST e disputava o cargo com as desembargadoras Joseane Dantas dos Santos, do TRT-21 (Rio Grande do Norte) e Ana Paula Lockmann, do TRT-15 (Campinas).<\/p>\n\n\n\n<p>A vaga no Tribunal \u00e9 em decorr\u00eancia da aposentadoria do ministro Renato de Lacerda Paiva, reservada para membros de carreira da magistratura.&nbsp;<\/p>\n\n\n\n<p>A desembargadora Liana Chaib j\u00e1 presidiu o TRT da 22\u00aa Regi\u00e3o por duas vezes.&nbsp; A \u00faltima no bi\u00eanio 2018-2020. Recentemente, ela passou a integrar a Academia Piauiense de Letras Jur\u00eddicas. A desembargadora ocupa a Cadeira 21 que tem como patrono seu pai, Jorge Azar Chaib.<\/p><div class=\"azuqb69ee5e94f320b\" ><!--<a href=\"https:\/\/bit.ly\/3QdrqTZ\" target=\"_blank\">\n<img src=\"https:\/\/justicapotiguar.com.br\/wp-content\/uploads\/2023\/09\/mobile-geral.gif\"\/><a\/>--><\/div><style type=\"text\/css\">\r\n.azuqb69ee5e94f320b {\r\ntext-align: center;\r\n}\r\n@media screen and (min-width: 1201px) {\r\n.azuqb69ee5e94f320b {\r\ndisplay: none;\r\n}\r\n}\r\n@media screen and (min-width: 993px) and (max-width: 1200px) {\r\n.azuqb69ee5e94f320b {\r\ndisplay: none;\r\n}\r\n}\r\n@media screen and (min-width: 769px) and (max-width: 992px) {\r\n.azuqb69ee5e94f320b {\r\ndisplay: none;\r\n}\r\n}\r\n@media screen and (min-width: 768px) and (max-width: 768px) {\r\n.azuqb69ee5e94f320b {\r\ndisplay: block;\r\n}\r\n}\r\n@media screen and (max-width: 767px) {\r\n.azuqb69ee5e94f320b {\r\ndisplay: block;\r\n}\r\n}\r\n<\/style>\r\n<div class=\"mhnxq69ee5e94f31ea\" ><!--<a href=\"https:\/\/bit.ly\/3QdrqTZ\" target=\"_blank\">\n<img src=\"https:\/\/justicapotiguar.com.br\/wp-content\/uploads\/2023\/09\/desktop-geral.gif\"\/><a\/>--><\/div><style type=\"text\/css\">\r\n.mhnxq69ee5e94f31ea {\r\ntext-align: center;\nmargin-bottom: 1em;\r\n}\r\n@media screen and (min-width: 1201px) {\r\n.mhnxq69ee5e94f31ea {\r\ndisplay: block;\r\n}\r\n}\r\n@media screen and (min-width: 993px) and (max-width: 1200px) {\r\n.mhnxq69ee5e94f31ea {\r\ndisplay: block;\r\n}\r\n}\r\n@media screen and (min-width: 769px) and (max-width: 992px) {\r\n.mhnxq69ee5e94f31ea {\r\ndisplay: block;\r\n}\r\n}\r\n@media screen and (min-width: 768px) and (max-width: 768px) {\r\n.mhnxq69ee5e94f31ea {\r\ndisplay: none;\r\n}\r\n}\r\n@media screen and (max-width: 767px) {\r\n.mhnxq69ee5e94f31ea {\r\ndisplay: none;\r\n}\r\n}\r\n<\/style>\r\n\n\n\n\n<p>A nova ministra ser\u00e1 sabatinada pela Comiss\u00e3o de Constitui\u00e7\u00e3o e Justi\u00e7a do Senado Federal, e, ap\u00f3s a aprova\u00e7\u00e3o pela Comiss\u00e3o, o nome ser\u00e1 submetido ao plen\u00e1rio do Senado Federal antes da nomea\u00e7\u00e3o.<\/p>\n\n\n\n<p>Cidade Verde<\/p>\n\n\n\n<h2><\/h2>\n","protected":false},"excerpt":{"rendered":"<p>A desembargadora Liana Chaib, do Tribunal Regional do Trabalho da 22\u00aa Regi\u00e3o, foi escolhida ministra do Tribunal Superior do Trabalho (TST) pelo presidente Jair Bolsonaro. O decreto com a escolha ser\u00e1 publicado nesta ter\u00e7a-feira (1).\u00a0 Liana Chaib estava na lista tr\u00edplice formada pelo TST e disputava o cargo com as desembargadoras Joseane Dantas dos Santos,<br \/><a class=\"more-link\" href=\"https:\/\/justicapotiguar.com.br\/index.php\/2022\/11\/02\/em-lista-com-potiguar-bolsonaro-nomeia-desembargadora-do-trt-pi-para-o-tst\/\">Mais&#8230;<\/a><\/p>\n","protected":false},"author":5,"featured_media":0,"comment_status":"open","ping_status":"open","sticky":false,"template":"","format":"standard","meta":[],"categories":[1],"tags":[],"_links":{"self":[{"href":"https:\/\/justicapotiguar.com.br\/index.php\/wp-json\/wp\/v2\/posts\/28940"}],"collection":[{"href":"https:\/\/justicapotiguar.com.br\/index.php\/wp-json\/wp\/v2\/posts"}],"about":[{"href":"https:\/\/justicapotiguar.com.br\/index.php\/wp-json\/wp\/v2\/types\/post"}],"author":[{"embeddable":true,"href":"https:\/\/justicapotiguar.com.br\/index.php\/wp-json\/wp\/v2\/users\/5"}],"replies":[{"embeddable":true,"href":"https:\/\/justicapotiguar.com.br\/index.php\/wp-json\/wp\/v2\/comments?post=28940"}],"version-history":[{"count":1,"href":"https:\/\/justicapotiguar.com.br\/index.php\/wp-json\/wp\/v2\/posts\/28940\/revisions"}],"predecessor-version":[{"id":28942,"href":"https:\/\/justicapotiguar.com.br\/index.php\/wp-json\/wp\/v2\/posts\/28940\/revisions\/28942"}],"wp:attachment":[{"href":"https:\/\/justicapotiguar.com.br\/index.php\/wp-json\/wp\/v2\/media?parent=28940"}],"wp:term":[{"taxonomy":"category","embeddable":true,"href":"https:\/\/justicapotiguar.com.br\/index.php\/wp-json\/wp\/v2\/categories?post=28940"},{"taxonomy":"post_tag","embeddable":true,"href":"https:\/\/justicapotiguar.com.br\/index.php\/wp-json\/wp\/v2\/tags?post=28940"}],"curies":[{"name":"wp","href":"https:\/\/api.w.org\/{rel}","templated":true}]}}