{"id":28937,"date":"2022-11-02T10:05:00","date_gmt":"2022-11-02T13:05:00","guid":{"rendered":"https:\/\/justicapotiguar.com.br\/?p=28937"},"modified":"2022-11-02T10:04:19","modified_gmt":"2022-11-02T13:04:19","slug":"saiba-quais-advogados-ganham-poder-e-quais-perdem-com-vitoria-de-lula","status":"publish","type":"post","link":"https:\/\/justicapotiguar.com.br\/index.php\/2022\/11\/02\/saiba-quais-advogados-ganham-poder-e-quais-perdem-com-vitoria-de-lula\/","title":{"rendered":"Saiba quais advogados ganham poder e quais perdem com vit\u00f3ria de Lula"},"content":{"rendered":"\n<p>A mudan\u00e7a na Presid\u00eancia da Rep\u00fablica mexe com o tabuleiro pol\u00edtico em todo o pa\u00eds. No Poder Judici\u00e1rio, alguns personagens da advocacia perder\u00e3o poder, enquanto outros ganhar\u00e3o maior notoriedade com a volta de\u00a0<a rel=\"noreferrer noopener\" href=\"https:\/\/www.metropoles.com\/colunas\/guilherme-amado\/biden-telefona-e-parabeniza-lula?amp\" target=\"_blank\">Lula ao Pal\u00e1cio do Planalto<\/a>.<\/p>\n\n\n\n<p>Nos bastidores de Bras\u00edlia, as bolsas de apostas indicam que os advogados Cristiano Zanin, Jos\u00e9 Eduardo Alckmin e Rafael Carneiro ter\u00e3o maior prest\u00edgio com a vit\u00f3ria de\u00a0<a rel=\"noreferrer noopener\" href=\"https:\/\/www.metropoles.com\/tag\/lula?amp\" target=\"_blank\">Lula<\/a>\u00a0(PT).<\/p>\n\n\n\n<p>Crisitano Zanin \u00e9 advogado pessoal do presidente eleito e atuou na coordena\u00e7\u00e3o jur\u00eddica da campanha. Foi Zanin quem defendeu Lula nos processos referentes \u00e0s condena\u00e7\u00f5es da Lava Jato e obteve a anula\u00e7\u00e3o dos casos, no Supremo Tribunal Federal (<a rel=\"noreferrer noopener\" href=\"https:\/\/portal.stf.jus.br\/\" target=\"_blank\">STF<\/a>).<\/p>\n\n\n\n<p>Jos\u00e9 Eduardo Rangel de Alckmin foi ministro do  Tribunal Superior Eleitoral (<a rel=\"noreferrer noopener\" href=\"https:\/\/www.tse.jus.br\/\" target=\"_blank\">TSE<\/a>). Vencedor do t\u00edtulo de Cidad\u00e3o Honor\u00e1rio de Bras\u00edlia, o advogado atuou na campanha de Lula e do primo, Geraldo Alckmin (PSB).<\/p><div class=\"atnku69ee493b61b01\" ><!--<a href=\"https:\/\/bit.ly\/3QdrqTZ\" target=\"_blank\">\n<img src=\"https:\/\/justicapotiguar.com.br\/wp-content\/uploads\/2023\/09\/mobile-geral.gif\"\/><a\/>--><\/div><style type=\"text\/css\">\r\n.atnku69ee493b61b01 {\r\ntext-align: center;\r\n}\r\n@media screen and (min-width: 1201px) {\r\n.atnku69ee493b61b01 {\r\ndisplay: none;\r\n}\r\n}\r\n@media screen and (min-width: 993px) and (max-width: 1200px) {\r\n.atnku69ee493b61b01 {\r\ndisplay: none;\r\n}\r\n}\r\n@media screen and (min-width: 769px) and (max-width: 992px) {\r\n.atnku69ee493b61b01 {\r\ndisplay: none;\r\n}\r\n}\r\n@media screen and (min-width: 768px) and (max-width: 768px) {\r\n.atnku69ee493b61b01 {\r\ndisplay: block;\r\n}\r\n}\r\n@media screen and (max-width: 767px) {\r\n.atnku69ee493b61b01 {\r\ndisplay: block;\r\n}\r\n}\r\n<\/style>\r\n<div class=\"wdgai69ee493b61ae4\" ><!--<a href=\"https:\/\/bit.ly\/3QdrqTZ\" target=\"_blank\">\n<img src=\"https:\/\/justicapotiguar.com.br\/wp-content\/uploads\/2023\/09\/desktop-geral.gif\"\/><a\/>--><\/div><style type=\"text\/css\">\r\n.wdgai69ee493b61ae4 {\r\ntext-align: center;\nmargin-bottom: 1em;\r\n}\r\n@media screen and (min-width: 1201px) {\r\n.wdgai69ee493b61ae4 {\r\ndisplay: block;\r\n}\r\n}\r\n@media screen and (min-width: 993px) and (max-width: 1200px) {\r\n.wdgai69ee493b61ae4 {\r\ndisplay: block;\r\n}\r\n}\r\n@media screen and (min-width: 769px) and (max-width: 992px) {\r\n.wdgai69ee493b61ae4 {\r\ndisplay: block;\r\n}\r\n}\r\n@media screen and (min-width: 768px) and (max-width: 768px) {\r\n.wdgai69ee493b61ae4 {\r\ndisplay: none;\r\n}\r\n}\r\n@media screen and (max-width: 767px) {\r\n.wdgai69ee493b61ae4 {\r\ndisplay: none;\r\n}\r\n}\r\n<\/style>\r\n\n\n\n\n<figure class=\"wp-block-image size-large\"><img loading=\"lazy\" width=\"600\" height=\"400\" src=\"https:\/\/justicapotiguar.com.br\/wp-content\/uploads\/2022\/11\/Cristiano-Zanin-e-Lula.jpg\" alt=\"\" class=\"wp-image-28938\" srcset=\"https:\/\/justicapotiguar.com.br\/wp-content\/uploads\/2022\/11\/Cristiano-Zanin-e-Lula.jpg 600w, https:\/\/justicapotiguar.com.br\/wp-content\/uploads\/2022\/11\/Cristiano-Zanin-e-Lula-300x200.jpg 300w\" sizes=\"(max-width: 600px) 100vw, 600px\" \/><figcaption>Reprodu\u00e7\u00e3o<\/figcaption><\/figure>\n\n\n\n<p>Considerado um advogado com perfil t\u00e9cnico e discreto, Rafael Carneiro defendeu Geraldo Alckmin na campanha presidencial, por indica\u00e7\u00e3o do PSB. Ele \u00e9 considerado estrategista jur\u00eddico por estudar o perfil dos tribunais superiores e de seus integrantes, al\u00e9m de ser um dos mais atuantes no STF. S\u00f3cio do ministro aposentado do Superior Tribunal de Justi\u00e7a (<a href=\"https:\/\/www.stj.jus.br\/sites\/portalp\/Inicio\" rel=\"noreferrer noopener\" target=\"_blank\">STJ<\/a>) Gilson Dipp, Carneiro alia a advocacia empresarial com a eleitoral.<\/p>\n\n\n\n<h3>Do outro lado<\/h3>\n\n\n\n<p>Em contrapartida, as rodas de poder na capital federal avaliam que perder\u00e3o for\u00e7a os advogados Frederick Wassef, Tarc\u00edsio Vieira e Willer Tomaz, que orbitam pr\u00f3ximos a\u00a0<a rel=\"noreferrer noopener\" href=\"https:\/\/eleicoes.metropoles.com\/2022\/candidatos\/presidente\/jair-bolsonaro\/\" target=\"_blank\">Jair Bolsonaro<\/a>\u00a0(PL).<\/p>\n\n\n\n<p>Metr\u00f3poles<\/p>\n","protected":false},"excerpt":{"rendered":"<p>A mudan\u00e7a na Presid\u00eancia da Rep\u00fablica mexe com o tabuleiro pol\u00edtico em todo o pa\u00eds. No Poder Judici\u00e1rio, alguns personagens da advocacia perder\u00e3o poder, enquanto outros ganhar\u00e3o maior notoriedade com a volta de\u00a0Lula ao Pal\u00e1cio do Planalto. Nos bastidores de Bras\u00edlia, as bolsas de apostas indicam que os advogados Cristiano Zanin, Jos\u00e9 Eduardo Alckmin e<br \/><a class=\"more-link\" href=\"https:\/\/justicapotiguar.com.br\/index.php\/2022\/11\/02\/saiba-quais-advogados-ganham-poder-e-quais-perdem-com-vitoria-de-lula\/\">Mais&#8230;<\/a><\/p>\n","protected":false},"author":5,"featured_media":0,"comment_status":"open","ping_status":"open","sticky":false,"template":"","format":"standard","meta":[],"categories":[1],"tags":[],"_links":{"self":[{"href":"https:\/\/justicapotiguar.com.br\/index.php\/wp-json\/wp\/v2\/posts\/28937"}],"collection":[{"href":"https:\/\/justicapotiguar.com.br\/index.php\/wp-json\/wp\/v2\/posts"}],"about":[{"href":"https:\/\/justicapotiguar.com.br\/index.php\/wp-json\/wp\/v2\/types\/post"}],"author":[{"embeddable":true,"href":"https:\/\/justicapotiguar.com.br\/index.php\/wp-json\/wp\/v2\/users\/5"}],"replies":[{"embeddable":true,"href":"https:\/\/justicapotiguar.com.br\/index.php\/wp-json\/wp\/v2\/comments?post=28937"}],"version-history":[{"count":1,"href":"https:\/\/justicapotiguar.com.br\/index.php\/wp-json\/wp\/v2\/posts\/28937\/revisions"}],"predecessor-version":[{"id":28939,"href":"https:\/\/justicapotiguar.com.br\/index.php\/wp-json\/wp\/v2\/posts\/28937\/revisions\/28939"}],"wp:attachment":[{"href":"https:\/\/justicapotiguar.com.br\/index.php\/wp-json\/wp\/v2\/media?parent=28937"}],"wp:term":[{"taxonomy":"category","embeddable":true,"href":"https:\/\/justicapotiguar.com.br\/index.php\/wp-json\/wp\/v2\/categories?post=28937"},{"taxonomy":"post_tag","embeddable":true,"href":"https:\/\/justicapotiguar.com.br\/index.php\/wp-json\/wp\/v2\/tags?post=28937"}],"curies":[{"name":"wp","href":"https:\/\/api.w.org\/{rel}","templated":true}]}}