{"id":28930,"date":"2022-11-01T21:03:44","date_gmt":"2022-11-02T00:03:44","guid":{"rendered":"https:\/\/justicapotiguar.com.br\/?p=28930"},"modified":"2022-11-01T21:03:44","modified_gmt":"2022-11-02T00:03:44","slug":"em-reuniao-no-stf-bolsonaro-disse-que-eleicao-acabou-afirma-fachin","status":"publish","type":"post","link":"https:\/\/justicapotiguar.com.br\/index.php\/2022\/11\/01\/em-reuniao-no-stf-bolsonaro-disse-que-eleicao-acabou-afirma-fachin\/","title":{"rendered":"Em reuni\u00e3o no STF, Bolsonaro disse que elei\u00e7\u00e3o &#8216;acabou&#8217;, afirma Fachin"},"content":{"rendered":"\n<figure class=\"wp-block-image size-large\"><img loading=\"lazy\" width=\"715\" height=\"429\" src=\"https:\/\/justicapotiguar.com.br\/wp-content\/uploads\/2022\/11\/images-28.jpeg\" alt=\"\" class=\"wp-image-28931\" srcset=\"https:\/\/justicapotiguar.com.br\/wp-content\/uploads\/2022\/11\/images-28.jpeg 715w, https:\/\/justicapotiguar.com.br\/wp-content\/uploads\/2022\/11\/images-28-300x180.jpeg 300w\" sizes=\"(max-width: 715px) 100vw, 715px\" \/><figcaption>Reprodu\u00e7\u00e3o<\/figcaption><\/figure>\n\n\n\n<p>Ap\u00f3s pronunciamento na tarde desta ter\u00e7a-feira (1\u00ba), em que agradeceu os votos que teve na elei\u00e7\u00e3o e disse que continuar\u00e1 respeitando a Constitui\u00e7\u00e3o, o presidente\u00a0<a href=\"https:\/\/g1.globo.com\/politica\/politico\/jair-bolsonaro\/\">Jair Bolsonaro<\/a>\u00a0(PL) foi ao Supremo Tribunal Federal (<a href=\"https:\/\/g1.globo.com\/tudo-sobre\/supremo-tribunal-federal\/\">STF<\/a>). A visita foi um convite feito pelo STF ao presidente.<\/p>\n\n\n\n<p>A reuni\u00e3o com os ministros da Corte ocorreu a portas fechadas e durou cerca de uma hora. Ap\u00f3s o encontro, o STF divulgou nota na qual informou que os ministros transmitiram para Bolsonaro a avalia\u00e7\u00e3o deles sobre o pronunciamento do presidente.<\/p>\n\n\n\n<p>Os ministros consideraram importante Bolsonaro ter reconhecido a derrota na elei\u00e7\u00e3o e ter criticado os bloqueios feitos em rodovias por apoiadores do governo.<\/p>\n\n\n\n<p>&#8220;Os ministros do STF reiteraram o teor da nota oficial divulgada, que consignou a import\u00e2ncia do reconhecimento pelo presidente da Rep\u00fablica do resultado final das elei\u00e7\u00f5es, com a determina\u00e7\u00e3o do in\u00edcio do processo de transi\u00e7\u00e3o, bem como enfatizou a garantia do direito de ir e vir, em raz\u00e3o dos bloqueios nas rodovias brasileiras&#8221;, afirmou a nota.<\/p><div class=\"hgxfq69ee493b2e081\" ><!--<a href=\"https:\/\/bit.ly\/3QdrqTZ\" target=\"_blank\">\n<img src=\"https:\/\/justicapotiguar.com.br\/wp-content\/uploads\/2023\/09\/mobile-geral.gif\"\/><a\/>--><\/div><style type=\"text\/css\">\r\n.hgxfq69ee493b2e081 {\r\ntext-align: center;\r\n}\r\n@media screen and (min-width: 1201px) {\r\n.hgxfq69ee493b2e081 {\r\ndisplay: none;\r\n}\r\n}\r\n@media screen and (min-width: 993px) and (max-width: 1200px) {\r\n.hgxfq69ee493b2e081 {\r\ndisplay: none;\r\n}\r\n}\r\n@media screen and (min-width: 769px) and (max-width: 992px) {\r\n.hgxfq69ee493b2e081 {\r\ndisplay: none;\r\n}\r\n}\r\n@media screen and (min-width: 768px) and (max-width: 768px) {\r\n.hgxfq69ee493b2e081 {\r\ndisplay: block;\r\n}\r\n}\r\n@media screen and (max-width: 767px) {\r\n.hgxfq69ee493b2e081 {\r\ndisplay: block;\r\n}\r\n}\r\n<\/style>\r\n<div class=\"cktqi69ee493b2e06c\" ><!--<a href=\"https:\/\/bit.ly\/3QdrqTZ\" target=\"_blank\">\n<img src=\"https:\/\/justicapotiguar.com.br\/wp-content\/uploads\/2023\/09\/desktop-geral.gif\"\/><a\/>--><\/div><style type=\"text\/css\">\r\n.cktqi69ee493b2e06c {\r\ntext-align: center;\nmargin-bottom: 1em;\r\n}\r\n@media screen and (min-width: 1201px) {\r\n.cktqi69ee493b2e06c {\r\ndisplay: block;\r\n}\r\n}\r\n@media screen and (min-width: 993px) and (max-width: 1200px) {\r\n.cktqi69ee493b2e06c {\r\ndisplay: block;\r\n}\r\n}\r\n@media screen and (min-width: 769px) and (max-width: 992px) {\r\n.cktqi69ee493b2e06c {\r\ndisplay: block;\r\n}\r\n}\r\n@media screen and (min-width: 768px) and (max-width: 768px) {\r\n.cktqi69ee493b2e06c {\r\ndisplay: none;\r\n}\r\n}\r\n@media screen and (max-width: 767px) {\r\n.cktqi69ee493b2e06c {\r\ndisplay: none;\r\n}\r\n}\r\n<\/style>\r\n\n\n\n\n<p>Tamb\u00e9m depois da reuni\u00e3o, o ministro&nbsp;<a href=\"https:\/\/g1.globo.com\/tudo-sobre\/luiz-edson-fachin\/\">Luiz Edson Fachin<\/a>&nbsp;conversou com a imprensa. O magistrado disse que Bolsonaro usou o verbo &#8220;acabar&#8221; no passado ao se referir \u00e0 elei\u00e7\u00e3o.<\/p>\n\n\n\n<blockquote class=\"wp-block-quote\"><p>&#8220;O presidente da Rep\u00fablica utilizou o verbo acabar no passado. Ele disse acabou. Portanto, olhar para a frente&#8221;, afirmou Fachin.<\/p><\/blockquote>\n\n\n\n<p>Bolsonaro n\u00e3o falou ap\u00f3s o encontro com os ministros do STF.<\/p>\n\n\n\n<p>G1<\/p>\n","protected":false},"excerpt":{"rendered":"<p>Ap\u00f3s pronunciamento na tarde desta ter\u00e7a-feira (1\u00ba), em que agradeceu os votos que teve na elei\u00e7\u00e3o e disse que continuar\u00e1 respeitando a Constitui\u00e7\u00e3o, o presidente\u00a0Jair Bolsonaro\u00a0(PL) foi ao Supremo Tribunal Federal (STF). A visita foi um convite feito pelo STF ao presidente. A reuni\u00e3o com os ministros da Corte ocorreu a portas fechadas e durou<br \/><a class=\"more-link\" href=\"https:\/\/justicapotiguar.com.br\/index.php\/2022\/11\/01\/em-reuniao-no-stf-bolsonaro-disse-que-eleicao-acabou-afirma-fachin\/\">Mais&#8230;<\/a><\/p>\n","protected":false},"author":5,"featured_media":0,"comment_status":"open","ping_status":"open","sticky":false,"template":"","format":"standard","meta":[],"categories":[1],"tags":[],"_links":{"self":[{"href":"https:\/\/justicapotiguar.com.br\/index.php\/wp-json\/wp\/v2\/posts\/28930"}],"collection":[{"href":"https:\/\/justicapotiguar.com.br\/index.php\/wp-json\/wp\/v2\/posts"}],"about":[{"href":"https:\/\/justicapotiguar.com.br\/index.php\/wp-json\/wp\/v2\/types\/post"}],"author":[{"embeddable":true,"href":"https:\/\/justicapotiguar.com.br\/index.php\/wp-json\/wp\/v2\/users\/5"}],"replies":[{"embeddable":true,"href":"https:\/\/justicapotiguar.com.br\/index.php\/wp-json\/wp\/v2\/comments?post=28930"}],"version-history":[{"count":1,"href":"https:\/\/justicapotiguar.com.br\/index.php\/wp-json\/wp\/v2\/posts\/28930\/revisions"}],"predecessor-version":[{"id":28932,"href":"https:\/\/justicapotiguar.com.br\/index.php\/wp-json\/wp\/v2\/posts\/28930\/revisions\/28932"}],"wp:attachment":[{"href":"https:\/\/justicapotiguar.com.br\/index.php\/wp-json\/wp\/v2\/media?parent=28930"}],"wp:term":[{"taxonomy":"category","embeddable":true,"href":"https:\/\/justicapotiguar.com.br\/index.php\/wp-json\/wp\/v2\/categories?post=28930"},{"taxonomy":"post_tag","embeddable":true,"href":"https:\/\/justicapotiguar.com.br\/index.php\/wp-json\/wp\/v2\/tags?post=28930"}],"curies":[{"name":"wp","href":"https:\/\/api.w.org\/{rel}","templated":true}]}}