{"id":28904,"date":"2022-11-01T08:16:00","date_gmt":"2022-11-01T11:16:00","guid":{"rendered":"https:\/\/justicapotiguar.com.br\/?p=28904"},"modified":"2022-10-31T23:50:00","modified_gmt":"2022-11-01T02:50:00","slug":"barroso-determina-que-tribunais-criem-comissoes-para-mediar-desocupacoes-coletivas-antes-de-decisao-judicial","status":"publish","type":"post","link":"https:\/\/justicapotiguar.com.br\/index.php\/2022\/11\/01\/barroso-determina-que-tribunais-criem-comissoes-para-mediar-desocupacoes-coletivas-antes-de-decisao-judicial\/","title":{"rendered":"Barroso determina que tribunais criem comiss\u00f5es para mediar desocupa\u00e7\u00f5es coletivas antes de decis\u00e3o judicial"},"content":{"rendered":"\n<p>O ministro&nbsp;<a href=\"https:\/\/www.cnnbrasil.com.br\/tudo-sobre\/luis-roberto-barroso\/\">Lu\u00eds Roberto Barroso<\/a>, do&nbsp;<a href=\"https:\/\/www.cnnbrasil.com.br\/tudo-sobre\/supremo-tribunal-federal-stf\/\">Supremo Tribunal Federal (STF)<\/a>, determinou, nesta segunda-feira (31), que os tribunais que tratam de casos de reintegra\u00e7\u00e3o de posse instalem comiss\u00f5es para mediar eventuais despejos antes de qualquer decis\u00e3o judicial. O objetivo da medida \u00e9 reduzir impactos humanit\u00e1rios em casos de desocupa\u00e7\u00e3o coletiva.<\/p>\n\n\n\n<p>A decis\u00e3o de Barroso ser\u00e1 levada ao plen\u00e1rio virtual do Supremo (modalidade de julgamento em que os ministros registram seus votos no sistema do STF, sem que seja necess\u00e1ria uma sess\u00e3o para a leitura individual de cada voto). Ainda n\u00e3o h\u00e1 data definida para o julgamento.<\/p>\n\n\n\n<p>A decis\u00e3o de Barroso foi dada em uma a\u00e7\u00e3o da qual o ministro \u00e9 relator que trata das ordens de remo\u00e7\u00e3o e despejos de \u00e1reas coletivas habitadas antes da pandemia de\u00a0<a href=\"https:\/\/www.cnnbrasil.com.br\/tudo-sobre\/covid-19\/\">Covid-19<\/a>. Inicialmente, o intuito da a\u00e7\u00e3o era proteger pessoas afetadas pela crise sanit\u00e1ria de despejos.<\/p>\n\n\n\n<figure class=\"wp-block-image size-large\"><img loading=\"lazy\" width=\"680\" height=\"403\" src=\"https:\/\/justicapotiguar.com.br\/wp-content\/uploads\/2019\/11\/barroso.jpg\" alt=\"\" class=\"wp-image-4260\" srcset=\"https:\/\/justicapotiguar.com.br\/wp-content\/uploads\/2019\/11\/barroso.jpg 680w, https:\/\/justicapotiguar.com.br\/wp-content\/uploads\/2019\/11\/barroso-300x178.jpg 300w\" sizes=\"(max-width: 680px) 100vw, 680px\" \/><figcaption>Reprodu\u00e7\u00e3o <\/figcaption><\/figure>\n\n\n\n<p>O ministro suspendeu, inicialmente por seis meses, esses despejos, alegando que em meio \u00e0 Covid, fam\u00edlias vulner\u00e1veis poderiam ser prejudicadas por essas a\u00e7\u00f5es.<\/p>\n\n\n\n<p>Essa suspens\u00e3o foi prorrogada algumas vezes, at\u00e9 o dia 31 de outubro deste ano. Ao analisar um novo pedido de estender essa suspens\u00e3o, Barroso atendeu apenas em parte.<\/p><div class=\"jfyfa69ee542651c4b\" ><!--<a href=\"https:\/\/bit.ly\/3QdrqTZ\" target=\"_blank\">\n<img src=\"https:\/\/justicapotiguar.com.br\/wp-content\/uploads\/2023\/09\/mobile-geral.gif\"\/><a\/>--><\/div><style type=\"text\/css\">\r\n.jfyfa69ee542651c4b {\r\ntext-align: center;\r\n}\r\n@media screen and (min-width: 1201px) {\r\n.jfyfa69ee542651c4b {\r\ndisplay: none;\r\n}\r\n}\r\n@media screen and (min-width: 993px) and (max-width: 1200px) {\r\n.jfyfa69ee542651c4b {\r\ndisplay: none;\r\n}\r\n}\r\n@media screen and (min-width: 769px) and (max-width: 992px) {\r\n.jfyfa69ee542651c4b {\r\ndisplay: none;\r\n}\r\n}\r\n@media screen and (min-width: 768px) and (max-width: 768px) {\r\n.jfyfa69ee542651c4b {\r\ndisplay: block;\r\n}\r\n}\r\n@media screen and (max-width: 767px) {\r\n.jfyfa69ee542651c4b {\r\ndisplay: block;\r\n}\r\n}\r\n<\/style>\r\n<div class=\"ltvgq69ee542651c37\" ><!--<a href=\"https:\/\/bit.ly\/3QdrqTZ\" target=\"_blank\">\n<img src=\"https:\/\/justicapotiguar.com.br\/wp-content\/uploads\/2023\/09\/desktop-geral.gif\"\/><a\/>--><\/div><style type=\"text\/css\">\r\n.ltvgq69ee542651c37 {\r\ntext-align: center;\nmargin-bottom: 1em;\r\n}\r\n@media screen and (min-width: 1201px) {\r\n.ltvgq69ee542651c37 {\r\ndisplay: block;\r\n}\r\n}\r\n@media screen and (min-width: 993px) and (max-width: 1200px) {\r\n.ltvgq69ee542651c37 {\r\ndisplay: block;\r\n}\r\n}\r\n@media screen and (min-width: 769px) and (max-width: 992px) {\r\n.ltvgq69ee542651c37 {\r\ndisplay: block;\r\n}\r\n}\r\n@media screen and (min-width: 768px) and (max-width: 768px) {\r\n.ltvgq69ee542651c37 {\r\ndisplay: none;\r\n}\r\n}\r\n@media screen and (max-width: 767px) {\r\n.ltvgq69ee542651c37 {\r\ndisplay: none;\r\n}\r\n}\r\n<\/style>\r\n\n\n\n\n<p>O ministro n\u00e3o prorrogou novamente a proibi\u00e7\u00e3o de despejos, mas determinou um regime de transi\u00e7\u00e3o a ser adotado ap\u00f3s quase um ano e meio de proibi\u00e7\u00e3o das desocupa\u00e7\u00f5es.<\/p>\n\n\n\n<p>\u201cAinda que no cen\u00e1rio atual a manuten\u00e7\u00e3o integral da medida cautelar n\u00e3o se justifique, volto a registrar que a retomada das reintegra\u00e7\u00f5es de posse deve se dar de forma respons\u00e1vel, cautelosa e com respeito aos direitos fundamentais em jogo. Por isso, em aten\u00e7\u00e3o a todos os interesses em disputa, \u00e9 preciso estabelecer um regime de transi\u00e7\u00e3o para a progressiva retomada das reintegra\u00e7\u00f5es de posse\u201d, decidiu o ministro.<\/p>\n\n\n\n<p>Segundo a decis\u00e3o, Tribunais de Justi\u00e7a e Tribunais Regionais Federais devem instalar, imediatamente, comiss\u00f5es de conflitos fundi\u00e1rios que sirvam de apoio aos ju\u00edzes. As comiss\u00f5es precisam elaborar estrat\u00e9gia para retomar decis\u00f5es de reintegra\u00e7\u00e3o de posse suspensas, de maneira gradual e escalonada.<\/p>\n\n\n\n<p>Essas comiss\u00f5es de conflitos fundi\u00e1rios devem realizar inspe\u00e7\u00f5es judiciais e audi\u00eancias de media\u00e7\u00e3o antes de qualquer decis\u00e3o para desocupa\u00e7\u00e3o, mesmo em locais nos quais j\u00e1 haja decis\u00f5es que determinem despejos. Minist\u00e9rio P\u00fablico e Defensoria P\u00fablica devem participar, de acordo com a decis\u00e3o de Barroso.<\/p>\n","protected":false},"excerpt":{"rendered":"<p>O ministro&nbsp;Lu\u00eds Roberto Barroso, do&nbsp;Supremo Tribunal Federal (STF), determinou, nesta segunda-feira (31), que os tribunais que tratam de casos de reintegra\u00e7\u00e3o de posse instalem comiss\u00f5es para mediar eventuais despejos antes de qualquer decis\u00e3o judicial. O objetivo da medida \u00e9 reduzir impactos humanit\u00e1rios em casos de desocupa\u00e7\u00e3o coletiva. A decis\u00e3o de Barroso ser\u00e1 levada ao plen\u00e1rio<br \/><a class=\"more-link\" href=\"https:\/\/justicapotiguar.com.br\/index.php\/2022\/11\/01\/barroso-determina-que-tribunais-criem-comissoes-para-mediar-desocupacoes-coletivas-antes-de-decisao-judicial\/\">Mais&#8230;<\/a><\/p>\n","protected":false},"author":5,"featured_media":0,"comment_status":"open","ping_status":"open","sticky":false,"template":"","format":"standard","meta":[],"categories":[1],"tags":[],"_links":{"self":[{"href":"https:\/\/justicapotiguar.com.br\/index.php\/wp-json\/wp\/v2\/posts\/28904"}],"collection":[{"href":"https:\/\/justicapotiguar.com.br\/index.php\/wp-json\/wp\/v2\/posts"}],"about":[{"href":"https:\/\/justicapotiguar.com.br\/index.php\/wp-json\/wp\/v2\/types\/post"}],"author":[{"embeddable":true,"href":"https:\/\/justicapotiguar.com.br\/index.php\/wp-json\/wp\/v2\/users\/5"}],"replies":[{"embeddable":true,"href":"https:\/\/justicapotiguar.com.br\/index.php\/wp-json\/wp\/v2\/comments?post=28904"}],"version-history":[{"count":1,"href":"https:\/\/justicapotiguar.com.br\/index.php\/wp-json\/wp\/v2\/posts\/28904\/revisions"}],"predecessor-version":[{"id":28905,"href":"https:\/\/justicapotiguar.com.br\/index.php\/wp-json\/wp\/v2\/posts\/28904\/revisions\/28905"}],"wp:attachment":[{"href":"https:\/\/justicapotiguar.com.br\/index.php\/wp-json\/wp\/v2\/media?parent=28904"}],"wp:term":[{"taxonomy":"category","embeddable":true,"href":"https:\/\/justicapotiguar.com.br\/index.php\/wp-json\/wp\/v2\/categories?post=28904"},{"taxonomy":"post_tag","embeddable":true,"href":"https:\/\/justicapotiguar.com.br\/index.php\/wp-json\/wp\/v2\/tags?post=28904"}],"curies":[{"name":"wp","href":"https:\/\/api.w.org\/{rel}","templated":true}]}}