{"id":28901,"date":"2022-10-31T22:12:21","date_gmt":"2022-11-01T01:12:21","guid":{"rendered":"https:\/\/justicapotiguar.com.br\/?p=28901"},"modified":"2022-10-31T22:13:42","modified_gmt":"2022-11-01T01:13:42","slug":"moraes-determina-que-policias-tomem-acoes-imediatas-para-desobstrucao-de-rodovias-e-possibilidade-de-prisao-de-diretor-da-prf","status":"publish","type":"post","link":"https:\/\/justicapotiguar.com.br\/index.php\/2022\/10\/31\/moraes-determina-que-policias-tomem-acoes-imediatas-para-desobstrucao-de-rodovias-e-possibilidade-de-prisao-de-diretor-da-prf\/","title":{"rendered":"Moraes determina que pol\u00edcias tomem a\u00e7\u00f5es imediatas para desobstru\u00e7\u00e3o de rodovias"},"content":{"rendered":"\n<figure class=\"wp-block-image size-large\"><img loading=\"lazy\" width=\"540\" height=\"304\" src=\"https:\/\/justicapotiguar.com.br\/wp-content\/uploads\/2022\/10\/silvinei-vasques.jpeg\" alt=\"\" class=\"wp-image-28874\" srcset=\"https:\/\/justicapotiguar.com.br\/wp-content\/uploads\/2022\/10\/silvinei-vasques.jpeg 540w, https:\/\/justicapotiguar.com.br\/wp-content\/uploads\/2022\/10\/silvinei-vasques-300x169.jpeg 300w\" sizes=\"(max-width: 540px) 100vw, 540px\" \/><figcaption>Reprodu\u00e7\u00e3o<\/figcaption><\/figure>\n\n\n\n<p>O presidente do&nbsp;<a href=\"https:\/\/g1.globo.com\/tudo-sobre\/tribunal-superior-eleitoral\/\">Tribunal Superior Eleitoral<\/a>&nbsp;(TSE), ministro&nbsp;<a href=\"https:\/\/g1.globo.com\/tudo-sobre\/alexandre-de-moraes\/\">Alexandre de Moraes<\/a>, determinou na noite desta segunda-feira (31) que a Pol\u00edcia Rodovi\u00e1ria Federal e as pol\u00edcias militares dos estados tomem a\u00e7\u00f5es imediatas para desobstru\u00e7\u00e3o de vias ocupadas ilegalmente.<\/p>\n\n\n\n<p>Moraes atendeu a um pedido da Confedera\u00e7\u00e3o Nacional dos Transportes e do vice-procurador geral eleitoral.<\/p>\n\n\n\n<p>Manifestantes ocuparam trechos de rodovias em estados do pa\u00eds nesta segunda em protesto contra a derrota do presidente&nbsp;<a href=\"https:\/\/g1.globo.com\/politica\/politico\/jair-bolsonaro\/\">Jair Bolsonaro<\/a>&nbsp;na elei\u00e7\u00e3o.<\/p><div class=\"aymuq69ee54070b838\" ><!--<a href=\"https:\/\/bit.ly\/3QdrqTZ\" target=\"_blank\">\n<img src=\"https:\/\/justicapotiguar.com.br\/wp-content\/uploads\/2023\/09\/mobile-geral.gif\"\/><a\/>--><\/div><style type=\"text\/css\">\r\n.aymuq69ee54070b838 {\r\ntext-align: center;\r\n}\r\n@media screen and (min-width: 1201px) {\r\n.aymuq69ee54070b838 {\r\ndisplay: none;\r\n}\r\n}\r\n@media screen and (min-width: 993px) and (max-width: 1200px) {\r\n.aymuq69ee54070b838 {\r\ndisplay: none;\r\n}\r\n}\r\n@media screen and (min-width: 769px) and (max-width: 992px) {\r\n.aymuq69ee54070b838 {\r\ndisplay: none;\r\n}\r\n}\r\n@media screen and (min-width: 768px) and (max-width: 768px) {\r\n.aymuq69ee54070b838 {\r\ndisplay: block;\r\n}\r\n}\r\n@media screen and (max-width: 767px) {\r\n.aymuq69ee54070b838 {\r\ndisplay: block;\r\n}\r\n}\r\n<\/style>\r\n<div class=\"jygxz69ee54070b820\" ><!--<a href=\"https:\/\/bit.ly\/3QdrqTZ\" target=\"_blank\">\n<img src=\"https:\/\/justicapotiguar.com.br\/wp-content\/uploads\/2023\/09\/desktop-geral.gif\"\/><a\/>--><\/div><style type=\"text\/css\">\r\n.jygxz69ee54070b820 {\r\ntext-align: center;\nmargin-bottom: 1em;\r\n}\r\n@media screen and (min-width: 1201px) {\r\n.jygxz69ee54070b820 {\r\ndisplay: block;\r\n}\r\n}\r\n@media screen and (min-width: 993px) and (max-width: 1200px) {\r\n.jygxz69ee54070b820 {\r\ndisplay: block;\r\n}\r\n}\r\n@media screen and (min-width: 769px) and (max-width: 992px) {\r\n.jygxz69ee54070b820 {\r\ndisplay: block;\r\n}\r\n}\r\n@media screen and (min-width: 768px) and (max-width: 768px) {\r\n.jygxz69ee54070b820 {\r\ndisplay: none;\r\n}\r\n}\r\n@media screen and (max-width: 767px) {\r\n.jygxz69ee54070b820 {\r\ndisplay: none;\r\n}\r\n}\r\n<\/style>\r\n\n\n\n\n<p>&#8220;Que sejam imediatamente tomadas, pela Pol\u00edcia Rodovi\u00e1ria Federal e pelas respectivas pol\u00edcias militares estaduais \u2013 no \u00e2mbito de suas atribui\u00e7\u00f5es \u2013 , todas as medidas necess\u00e1rias e suficientes, a crit\u00e9rio das autoridades respons\u00e1veis do poder executivo federal e dos poderes executivos estaduais, para a imediata desobstru\u00e7\u00e3o de todas as vias p\u00fablicas que, ilicitamente, estejam com seu tr\u00e2nsito interrompido&#8221;, escreveu Moraes.<\/p>\n\n\n\n<p>O ministro tamb\u00e9m estipulou para o diretor da PRF, Silvinei Vasques, em caso de descumprimento da ordem, multa de R$ 100 mil por hora e eventual afastamento do cargo.<\/p>\n\n\n\n<p>G1<\/p>\n","protected":false},"excerpt":{"rendered":"<p>O presidente do&nbsp;Tribunal Superior Eleitoral&nbsp;(TSE), ministro&nbsp;Alexandre de Moraes, determinou na noite desta segunda-feira (31) que a Pol\u00edcia Rodovi\u00e1ria Federal e as pol\u00edcias militares dos estados tomem a\u00e7\u00f5es imediatas para desobstru\u00e7\u00e3o de vias ocupadas ilegalmente. Moraes atendeu a um pedido da Confedera\u00e7\u00e3o Nacional dos Transportes e do vice-procurador geral eleitoral. Manifestantes ocuparam trechos de rodovias em<br \/><a class=\"more-link\" href=\"https:\/\/justicapotiguar.com.br\/index.php\/2022\/10\/31\/moraes-determina-que-policias-tomem-acoes-imediatas-para-desobstrucao-de-rodovias-e-possibilidade-de-prisao-de-diretor-da-prf\/\">Mais&#8230;<\/a><\/p>\n","protected":false},"author":5,"featured_media":0,"comment_status":"open","ping_status":"open","sticky":false,"template":"","format":"standard","meta":[],"categories":[1],"tags":[],"_links":{"self":[{"href":"https:\/\/justicapotiguar.com.br\/index.php\/wp-json\/wp\/v2\/posts\/28901"}],"collection":[{"href":"https:\/\/justicapotiguar.com.br\/index.php\/wp-json\/wp\/v2\/posts"}],"about":[{"href":"https:\/\/justicapotiguar.com.br\/index.php\/wp-json\/wp\/v2\/types\/post"}],"author":[{"embeddable":true,"href":"https:\/\/justicapotiguar.com.br\/index.php\/wp-json\/wp\/v2\/users\/5"}],"replies":[{"embeddable":true,"href":"https:\/\/justicapotiguar.com.br\/index.php\/wp-json\/wp\/v2\/comments?post=28901"}],"version-history":[{"count":2,"href":"https:\/\/justicapotiguar.com.br\/index.php\/wp-json\/wp\/v2\/posts\/28901\/revisions"}],"predecessor-version":[{"id":28903,"href":"https:\/\/justicapotiguar.com.br\/index.php\/wp-json\/wp\/v2\/posts\/28901\/revisions\/28903"}],"wp:attachment":[{"href":"https:\/\/justicapotiguar.com.br\/index.php\/wp-json\/wp\/v2\/media?parent=28901"}],"wp:term":[{"taxonomy":"category","embeddable":true,"href":"https:\/\/justicapotiguar.com.br\/index.php\/wp-json\/wp\/v2\/categories?post=28901"},{"taxonomy":"post_tag","embeddable":true,"href":"https:\/\/justicapotiguar.com.br\/index.php\/wp-json\/wp\/v2\/tags?post=28901"}],"curies":[{"name":"wp","href":"https:\/\/api.w.org\/{rel}","templated":true}]}}