{"id":28896,"date":"2022-10-31T17:22:46","date_gmt":"2022-10-31T20:22:46","guid":{"rendered":"https:\/\/justicapotiguar.com.br\/?p=28896"},"modified":"2022-10-31T17:26:25","modified_gmt":"2022-10-31T20:26:25","slug":"mpf-pede-explicacoes-da-prf-sobre-bloqueios-nas-rodovias-apos-vitoria-de-lula","status":"publish","type":"post","link":"https:\/\/justicapotiguar.com.br\/index.php\/2022\/10\/31\/mpf-pede-explicacoes-da-prf-sobre-bloqueios-nas-rodovias-apos-vitoria-de-lula\/","title":{"rendered":"MPF pede explica\u00e7\u00f5es da PRF sobre a\u00e7\u00f5es contra bloqueios de caminhoneiros nas rodovias ap\u00f3s vit\u00f3ria de Lula"},"content":{"rendered":"\n<p>O&nbsp;<a href=\"https:\/\/www.cnnbrasil.com.br\/tudo-sobre\/mpf-ministerio-publico-federal\/\">Minist\u00e9rio P\u00fablico Federal (MPF)<\/a>&nbsp;pediu, nesta segunda-feira (31), que a<a href=\"https:\/\/www.cnnbrasil.com.br\/tudo-sobre\/policia-rodoviaria-federal-prf\/\">&nbsp;Pol\u00edcia Rodovi\u00e1ria Federal (PRF)<\/a>&nbsp;explique, em at\u00e9 24 horas, as provid\u00eancias adotadas pela corpora\u00e7\u00e3o para garantir a manuten\u00e7\u00e3o do fluxo nas rodovias federais.<\/p>\n\n\n\n<figure class=\"wp-block-image size-large\"><img loading=\"lazy\" width=\"1024\" height=\"683\" src=\"https:\/\/justicapotiguar.com.br\/wp-content\/uploads\/2020\/02\/prf-foto-Luca-_Gebara-Ag__ncia-AL-1024x683.jpeg\" alt=\"\" class=\"wp-image-6269\" srcset=\"https:\/\/justicapotiguar.com.br\/wp-content\/uploads\/2020\/02\/prf-foto-Luca-_Gebara-Ag__ncia-AL-1024x683.jpeg 1024w, https:\/\/justicapotiguar.com.br\/wp-content\/uploads\/2020\/02\/prf-foto-Luca-_Gebara-Ag__ncia-AL-300x200.jpeg 300w, https:\/\/justicapotiguar.com.br\/wp-content\/uploads\/2020\/02\/prf-foto-Luca-_Gebara-Ag__ncia-AL-768x512.jpeg 768w\" sizes=\"(max-width: 1024px) 100vw, 1024px\" \/><figcaption>Reprodu\u00e7\u00e3o<\/figcaption><\/figure>\n\n\n\n<p>O pedido se d\u00e1 diante da not\u00edcia de diversos bloqueios promovidos por caminhoneiros ap\u00f3s a derrota do presidente&nbsp;<a href=\"https:\/\/www.cnnbrasil.com.br\/tudo-sobre\/jair-bolsonaro\/\">Jair Bolsonaro (PL)<\/a>&nbsp;nas elei\u00e7\u00f5es deste ano.<\/p>\n\n\n\n<p>Tendo em vista not\u00edcias veiculadas sobre o bloqueio das rodovias federais por caminhoneiros em todo o pa\u00eds, como forma de protesto aos resultados das elei\u00e7\u00f5es para presidente do Brasil, solicito a Vossa Excel\u00eancia informa\u00e7\u00f5es sobre as provid\u00eancias que est\u00e3o sendo adotadas pela Pol\u00edcia Rodovi\u00e1ria Federal para garantir a manuten\u00e7\u00e3o do fluxo nas rodovias federais, dentre elas a rela\u00e7\u00e3o completa dos bloqueios e as respectivas a\u00e7\u00f5es empreendidas pelo \u00f3rg\u00e3o em cada caso\u201d, pediu a subprocuradora-geral da Rep\u00fablica Elizeta Maria de Paiva Ramos, coordenadora da 7\u00aa C\u00e2mara de Coordena\u00e7\u00e3o e Revis\u00e3o do Minist\u00e9rio P\u00fablico Federal.<\/p><div class=\"hqwfl69ee533979a7e\" ><!--<a href=\"https:\/\/bit.ly\/3QdrqTZ\" target=\"_blank\">\n<img src=\"https:\/\/justicapotiguar.com.br\/wp-content\/uploads\/2023\/09\/mobile-geral.gif\"\/><a\/>--><\/div><style type=\"text\/css\">\r\n.hqwfl69ee533979a7e {\r\ntext-align: center;\r\n}\r\n@media screen and (min-width: 1201px) {\r\n.hqwfl69ee533979a7e {\r\ndisplay: none;\r\n}\r\n}\r\n@media screen and (min-width: 993px) and (max-width: 1200px) {\r\n.hqwfl69ee533979a7e {\r\ndisplay: none;\r\n}\r\n}\r\n@media screen and (min-width: 769px) and (max-width: 992px) {\r\n.hqwfl69ee533979a7e {\r\ndisplay: none;\r\n}\r\n}\r\n@media screen and (min-width: 768px) and (max-width: 768px) {\r\n.hqwfl69ee533979a7e {\r\ndisplay: block;\r\n}\r\n}\r\n@media screen and (max-width: 767px) {\r\n.hqwfl69ee533979a7e {\r\ndisplay: block;\r\n}\r\n}\r\n<\/style>\r\n<div class=\"hjqaq69ee533979a69\" ><!--<a href=\"https:\/\/bit.ly\/3QdrqTZ\" target=\"_blank\">\n<img src=\"https:\/\/justicapotiguar.com.br\/wp-content\/uploads\/2023\/09\/desktop-geral.gif\"\/><a\/>--><\/div><style type=\"text\/css\">\r\n.hjqaq69ee533979a69 {\r\ntext-align: center;\nmargin-bottom: 1em;\r\n}\r\n@media screen and (min-width: 1201px) {\r\n.hjqaq69ee533979a69 {\r\ndisplay: block;\r\n}\r\n}\r\n@media screen and (min-width: 993px) and (max-width: 1200px) {\r\n.hjqaq69ee533979a69 {\r\ndisplay: block;\r\n}\r\n}\r\n@media screen and (min-width: 769px) and (max-width: 992px) {\r\n.hjqaq69ee533979a69 {\r\ndisplay: block;\r\n}\r\n}\r\n@media screen and (min-width: 768px) and (max-width: 768px) {\r\n.hjqaq69ee533979a69 {\r\ndisplay: none;\r\n}\r\n}\r\n@media screen and (max-width: 767px) {\r\n.hjqaq69ee533979a69 {\r\ndisplay: none;\r\n}\r\n}\r\n<\/style>\r\n\n\n\n\n<p>A subprocuradora-geral da Rep\u00fablica tamb\u00e9m enviou um of\u00edcio a todos os procuradores-chefes do Estados solicitando explica\u00e7\u00f5es sobre as provid\u00eancias adotadas em cada local para impedir esses bloqueios.<\/p>\n\n\n\n<p>\u201cSolicito a Vossa Excel\u00eancia informa\u00e7\u00f5es sobre as provid\u00eancias que est\u00e3o sendo adotadas no \u00e2mbito de sua Unidade para coibir eventual omiss\u00e3o ou facilita\u00e7\u00e3o dos agentes da Pol\u00edcia Rodovi\u00e1ria Federal na garantia da manuten\u00e7\u00e3o do fluxo nas rodovias federais\u201d, disse Ramos, no documento encaminhado aos estados.<\/p>\n\n\n\n<p>CNN<\/p>\n","protected":false},"excerpt":{"rendered":"<p>O&nbsp;Minist\u00e9rio P\u00fablico Federal (MPF)&nbsp;pediu, nesta segunda-feira (31), que a&nbsp;Pol\u00edcia Rodovi\u00e1ria Federal (PRF)&nbsp;explique, em at\u00e9 24 horas, as provid\u00eancias adotadas pela corpora\u00e7\u00e3o para garantir a manuten\u00e7\u00e3o do fluxo nas rodovias federais. O pedido se d\u00e1 diante da not\u00edcia de diversos bloqueios promovidos por caminhoneiros ap\u00f3s a derrota do presidente&nbsp;Jair Bolsonaro (PL)&nbsp;nas elei\u00e7\u00f5es deste ano. Tendo em<br \/><a class=\"more-link\" href=\"https:\/\/justicapotiguar.com.br\/index.php\/2022\/10\/31\/mpf-pede-explicacoes-da-prf-sobre-bloqueios-nas-rodovias-apos-vitoria-de-lula\/\">Mais&#8230;<\/a><\/p>\n","protected":false},"author":5,"featured_media":0,"comment_status":"open","ping_status":"open","sticky":false,"template":"","format":"standard","meta":[],"categories":[1],"tags":[],"_links":{"self":[{"href":"https:\/\/justicapotiguar.com.br\/index.php\/wp-json\/wp\/v2\/posts\/28896"}],"collection":[{"href":"https:\/\/justicapotiguar.com.br\/index.php\/wp-json\/wp\/v2\/posts"}],"about":[{"href":"https:\/\/justicapotiguar.com.br\/index.php\/wp-json\/wp\/v2\/types\/post"}],"author":[{"embeddable":true,"href":"https:\/\/justicapotiguar.com.br\/index.php\/wp-json\/wp\/v2\/users\/5"}],"replies":[{"embeddable":true,"href":"https:\/\/justicapotiguar.com.br\/index.php\/wp-json\/wp\/v2\/comments?post=28896"}],"version-history":[{"count":3,"href":"https:\/\/justicapotiguar.com.br\/index.php\/wp-json\/wp\/v2\/posts\/28896\/revisions"}],"predecessor-version":[{"id":28899,"href":"https:\/\/justicapotiguar.com.br\/index.php\/wp-json\/wp\/v2\/posts\/28896\/revisions\/28899"}],"wp:attachment":[{"href":"https:\/\/justicapotiguar.com.br\/index.php\/wp-json\/wp\/v2\/media?parent=28896"}],"wp:term":[{"taxonomy":"category","embeddable":true,"href":"https:\/\/justicapotiguar.com.br\/index.php\/wp-json\/wp\/v2\/categories?post=28896"},{"taxonomy":"post_tag","embeddable":true,"href":"https:\/\/justicapotiguar.com.br\/index.php\/wp-json\/wp\/v2\/tags?post=28896"}],"curies":[{"name":"wp","href":"https:\/\/api.w.org\/{rel}","templated":true}]}}