{"id":28893,"date":"2022-10-31T17:18:15","date_gmt":"2022-10-31T20:18:15","guid":{"rendered":"https:\/\/justicapotiguar.com.br\/?p=28893"},"modified":"2022-10-31T17:18:15","modified_gmt":"2022-10-31T20:18:15","slug":"informativo-754-do-stj-de-24-de-outubro-de-2022","status":"publish","type":"post","link":"https:\/\/justicapotiguar.com.br\/index.php\/2022\/10\/31\/informativo-754-do-stj-de-24-de-outubro-de-2022\/","title":{"rendered":"Informativo 754 do STJ, de 24 de outubro de 2022"},"content":{"rendered":"\n<p><strong>Rodrigo Leite | @rodrigocrleite<\/strong><\/p>\n\n\n\n<p><strong>Canal P\u00edlulas Jur\u00eddicas | STF e STJ <\/strong>https:\/\/t.me\/pilulasjuridicasSTFSTJ<\/p>\n\n\n\n<figure class=\"wp-block-image size-large\"><img loading=\"lazy\" width=\"680\" height=\"382\" src=\"https:\/\/justicapotiguar.com.br\/wp-content\/uploads\/2020\/03\/CAF8748F04366BA854D310F46072236A80B3_stj.jpg\" alt=\"\" class=\"wp-image-6777\" srcset=\"https:\/\/justicapotiguar.com.br\/wp-content\/uploads\/2020\/03\/CAF8748F04366BA854D310F46072236A80B3_stj.jpg 680w, https:\/\/justicapotiguar.com.br\/wp-content\/uploads\/2020\/03\/CAF8748F04366BA854D310F46072236A80B3_stj-300x169.jpg 300w\" sizes=\"(max-width: 680px) 100vw, 680px\" \/><\/figure>\n\n\n\n<p><strong>PRIMEIRA TURMA<\/strong><\/p>\n\n\n\n<p>&#8211; A interposi\u00e7\u00e3o de recurso administrativo n\u00e3o afasta a incid\u00eancia dos juros morat\u00f3rios sobre multa aplicada por ag\u00eancia reguladora \u2013 <strong>AREsp 1.574.873-RJ<\/strong>, julgado em 18\/10\/2022.<\/p>\n\n\n\n<p>&#8211; O art. 12, \u00a7 11, da IN SRF n. 243\/2002 extrapolou a mera interpreta\u00e7\u00e3o do art. 18, II, da Lei n. 9.430\/1996, na medida em que criou novos conceitos e m\u00e9tricas a serem considerados no c\u00e1lculo do pre\u00e7o-par\u00e2metro, n\u00e3o previstos, sequer de forma impl\u00edcita, no texto legal ent\u00e3o vigente \u2013 <strong>AREsp 511.736-SP<\/strong>, julgado em 04\/10\/2022.<\/p>\n\n\n\n<p><strong>SEGUNDA TURMA<\/strong><\/p>\n\n\n\n<p>&#8211; A ades\u00e3o a programa de parcelamento tribut\u00e1rio \u00e9 causa de suspens\u00e3o da exigibilidade do cr\u00e9dito e interrompe o prazo prescricional \u2013 <strong>REsp 1.922.063-PR<\/strong>, julgado em 18\/10\/2022.<\/p>\n\n\n\n<p><strong>TERCEIRA TURMA<\/strong><\/p>\n\n\n\n<p>&#8211; N\u00e3o se aplica a teoria da perda de uma chance para responsabilizar empresa que deixou de apresentar seus livros societ\u00e1rios em prazo h\u00e1bil para subsidiar impugna\u00e7\u00e3o de alegada doa\u00e7\u00e3o inoficiosa por um de seus s\u00f3cios, na hip\u00f3tese de n\u00e3o restar comprovado o nexo de causalidade entre o extravio dos livros e as chances de vit\u00f3ria na demanda judicial \u2013 <strong>REsp 1.929.450-SP<\/strong>, julgado em 18\/10\/2022.<\/p>\n\n\n\n<p>&#8211; N\u00e3o incidem juros remunerat\u00f3rios na restitui\u00e7\u00e3o de dep\u00f3sito judicial \u2013 <strong>REsp 1.809.207-PA<\/strong>, julgado em 18\/10\/2022.<\/p>\n\n\n\n<p>&#8211; O reconhecimento de simula\u00e7\u00e3o na compra e venda de im\u00f3vel em detrimento da partilha de bens do casal gera nulidade do neg\u00f3cio e garante o direito \u00e0 mea\u00e7\u00e3o a ex-c\u00f4njuge \u2013 <strong>REsp 1.969.648-DF<\/strong>, julgado em 18\/10\/2022.<\/p>\n\n\n\n<p>&#8211; A cl\u00e1usula que desobriga uma das partes a remunerar a outra por servi\u00e7os prestados na hip\u00f3tese de rescis\u00e3o contratual n\u00e3o viola a boa-f\u00e9 e a fun\u00e7\u00e3o social do contrato quando presente equil\u00edbrio entre as partes contratantes no momento da estipula\u00e7\u00e3o \u2013 <strong>REsp 1.799.039-SP<\/strong>, julgado em 04\/10\/2022.<\/p>\n\n\n\n<p><strong>QUARTA TURMA<\/strong><\/p>\n\n\n\n<p>&#8211; Em raz\u00e3o do princ\u00edpio da unicidade da interrup\u00e7\u00e3o prescricional, mesmo diante de uma hip\u00f3tese interruptiva extrajudicial (protesto de t\u00edtulo) e outra em decorr\u00eancia de a\u00e7\u00e3o judicial de cancelamento de protesto e t\u00edtulo executivo, apenas admite-se a interrup\u00e7\u00e3o do prazo pelo primeiro dos eventos \u2013 <strong>REsp 1.786.266-DF<\/strong>, julgado em 11\/10\/2022.<\/p>\n\n\n\n<p>&#8211; O CUB-SINDUSCON \u00e9 indexador v\u00e1lido para a corre\u00e7\u00e3o monet\u00e1ria das presta\u00e7\u00f5es ajustadas relativamente ao per\u00edodo de edifica\u00e7\u00e3o do im\u00f3vel e ap\u00f3s a conclus\u00e3o da obra deve incidir o \u00cdndice Nacional de Pre\u00e7os ao Consumidor (INPC) \u2013 <strong>AgInt no REsp 1.716.741-RS<\/strong>, julgado em 12\/09\/2022.<\/p><div class=\"qddzd69ee53782462d\" ><!--<a href=\"https:\/\/bit.ly\/3QdrqTZ\" target=\"_blank\">\n<img src=\"https:\/\/justicapotiguar.com.br\/wp-content\/uploads\/2023\/09\/mobile-geral.gif\"\/><a\/>--><\/div><style type=\"text\/css\">\r\n.qddzd69ee53782462d {\r\ntext-align: center;\r\n}\r\n@media screen and (min-width: 1201px) {\r\n.qddzd69ee53782462d {\r\ndisplay: none;\r\n}\r\n}\r\n@media screen and (min-width: 993px) and (max-width: 1200px) {\r\n.qddzd69ee53782462d {\r\ndisplay: none;\r\n}\r\n}\r\n@media screen and (min-width: 769px) and (max-width: 992px) {\r\n.qddzd69ee53782462d {\r\ndisplay: none;\r\n}\r\n}\r\n@media screen and (min-width: 768px) and (max-width: 768px) {\r\n.qddzd69ee53782462d {\r\ndisplay: block;\r\n}\r\n}\r\n@media screen and (max-width: 767px) {\r\n.qddzd69ee53782462d {\r\ndisplay: block;\r\n}\r\n}\r\n<\/style>\r\n<div class=\"sdtsa69ee537824619\" ><!--<a href=\"https:\/\/bit.ly\/3QdrqTZ\" target=\"_blank\">\n<img src=\"https:\/\/justicapotiguar.com.br\/wp-content\/uploads\/2023\/09\/desktop-geral.gif\"\/><a\/>--><\/div><style type=\"text\/css\">\r\n.sdtsa69ee537824619 {\r\ntext-align: center;\nmargin-bottom: 1em;\r\n}\r\n@media screen and (min-width: 1201px) {\r\n.sdtsa69ee537824619 {\r\ndisplay: block;\r\n}\r\n}\r\n@media screen and (min-width: 993px) and (max-width: 1200px) {\r\n.sdtsa69ee537824619 {\r\ndisplay: block;\r\n}\r\n}\r\n@media screen and (min-width: 769px) and (max-width: 992px) {\r\n.sdtsa69ee537824619 {\r\ndisplay: block;\r\n}\r\n}\r\n@media screen and (min-width: 768px) and (max-width: 768px) {\r\n.sdtsa69ee537824619 {\r\ndisplay: none;\r\n}\r\n}\r\n@media screen and (max-width: 767px) {\r\n.sdtsa69ee537824619 {\r\ndisplay: none;\r\n}\r\n}\r\n<\/style>\r\n\n\n\n\n<p>&#8211; &nbsp; Para fins de aplica\u00e7\u00e3o da Teoria Menor da desconsidera\u00e7\u00e3o da personalidade jur\u00eddica, o \u00a7 5\u00ba do art. 28 do CDC n\u00e3o d\u00e1 margem para admitir a responsabiliza\u00e7\u00e3o pessoal de quem n\u00e3o integra o quadro societ\u00e1rio da empresa (administrador n\u00e3o s\u00f3cio) \u2013 <strong>REsp 1.860.333-DF<\/strong>, julgado em 11\/10\/2022.<\/p>\n\n\n\n<p>&#8211; O pedido de nova ado\u00e7\u00e3o formulado pela m\u00e3e biol\u00f3gica, em rela\u00e7\u00e3o \u00e0 filha adotada por outrem, anteriormente, na inf\u00e2ncia, n\u00e3o se afigura juridicamente imposs\u00edvel \u2013 <strong>Processo sob segredo de justi\u00e7a<\/strong>, julgado em 11\/10\/2022.<\/p>\n\n\n\n<p>&#8211; \u00c9 poss\u00edvel o ju\u00edzo de fal\u00eancia autorizar modalidade alternativa de aliena\u00e7\u00e3o de ativos, mesmo diante da rejei\u00e7\u00e3o da proposta pela assembleia-geral de credores \u2013 <strong>Processo sob segredo de justi\u00e7a<\/strong>, julgado em 04\/10\/2022.<\/p>\n\n\n\n<p>&#8211; Ap\u00f3s a transfer\u00eancia da propriedade com o registro da adjudica\u00e7\u00e3o no cart\u00f3rio de registro de im\u00f3veis, o efeito suspensivo concedido posteriormente ao agravo de instrumento interposto pela Uni\u00e3o (Fazenda Nacional) n\u00e3o tem o cond\u00e3o de retroagir a fim de atingir a efic\u00e1cia do registro, porquanto a desconstitui\u00e7\u00e3o do ato n\u00e3o pode ser realizada nos autos da execu\u00e7\u00e3o, sendo necess\u00e1ria a\u00e7\u00e3o anulat\u00f3ria \u2013 <strong>AgInt no REsp 1.838.866-DF<\/strong>, julgado em 23\/08\/2022.<\/p>\n\n\n\n<p>&#8211; \u00c9 invi\u00e1vel a interven\u00e7\u00e3o an\u00f4mala da Uni\u00e3o na fase de execu\u00e7\u00e3o ou no processo executivo, salvo na a\u00e7\u00e3o cognitiva incidental de embargos \u2013 <strong>AgInt no REsp 1.838.866-DF<\/strong>, julgado em 23\/08\/2022.<\/p>\n\n\n\n<p><strong>QUINTA TURMA<\/strong><\/p>\n\n\n\n<p>&#8211; As altera\u00e7\u00f5es providas pelo Pacote Anticrime (Lei n. 13.964\/2019) apenas afastaram o car\u00e1ter hediondo ou equiparado do tr\u00e1fico privilegiado, previsto no art. 33, \u00a7 4\u00ba, da Lei n. 11.343\/2006, nada dispondo sobre os demais dispositivos da Lei de Drogas \u2013 <strong>AgRg no HC 748.033-SC<\/strong>, julgado em 27\/09\/2022.<\/p>\n\n\n\n<p><strong>SEXTA TURMA<\/strong><\/p>\n\n\n\n<p>&#8211; O delito de favorecimento \u00e0 explora\u00e7\u00e3o sexual de adolescente n\u00e3o exige habitualidade. Trata-se de crime instant\u00e2neo, que se consuma no momento em que o agente obt\u00e9m a anu\u00eancia para pr\u00e1ticas sexuais com a v\u00edtima menor de idade, mediante artif\u00edcios como a oferta de dinheiro ou outra vantagem, ainda que o ato libidinoso n\u00e3o seja efetivamente praticado \u2013 <strong>Processo sob segredo de justi\u00e7a<\/strong>, julgado em 20\/09\/2022.<\/p>\n\n\n\n<p>&#8211; A colabora\u00e7\u00e3o premiada \u00e9 um acordo realizado entre o acusador e a defesa, n\u00e3o podendo a v\u00edtima ser colaboradora \u2013 <strong>HC 750.946-RJ<\/strong>, julgado em 11\/10\/2022.<\/p>\n\n\n\n<p>&#8211; A falta de acordo entre as partes quanto ao valor a ser pago a t\u00edtulo de repara\u00e7\u00e3o do dano inviabiliza o benef\u00edcio legal da suspens\u00e3o condicional do processo \u2013 <strong>RHC 163.897-RS<\/strong>, julgado em 18\/10\/2022.<\/p>\n\n\n\n<p>________________________<\/p>\n\n\n\n<p><strong>Rodrigo Costa Rodrigues Leite<\/strong><\/p>\n\n\n\n<p>Coautor do livro \u201cAn\u00e1lise das Diverg\u00eancias Jurisprudenciais no STF e STJ\u201d, Editora Juspodivm. Autor do livro \u201cTombamento \u2013 Vol. 36 \u2013 Cole\u00e7\u00e3o Leis Especiais para Concursos\u201d, Editora Juspodivm. Autor do livro \u201cDesapropria\u00e7\u00e3o \u2013 Vol. 39 \u2013 Cole\u00e7\u00e3o Especiais para Concursos\u201d, Editora Juspodivm. Coautor do livro \u201cSaberes Jurisprudenciais\u201d, Editora Saraiva.&nbsp; Coorganizador do livro \u201cCPC na Jurisprud\u00eancia\u201d, Editora Foco. Especialista em Direito P\u00fablico e Direito Processual Civil. Mestre em Direito Constitucional. Aluno laureado das Turmas 2005.2 da Universidade Potiguar. Professor da P\u00f3s-gradua\u00e7\u00e3o em Direito Civil da Rede Anhaguera-Kroton. M\u00e1ster Universit\u00e1rio em Direito Constitucional pela Universidad Del Pa\u00eds Vasco, San Sebasti\u00e1n, Espanha. Advogado licenciado. Membro do Conselho Editorial da Revista do Poder Judici\u00e1rio do Estado do Rio Grande do Norte \u2013 REPOJURN. Analista Judici\u00e1rio do TJRN. Assessor de Desembargador do TJRN.<\/p>\n","protected":false},"excerpt":{"rendered":"<p>Rodrigo Leite | @rodrigocrleite Canal P\u00edlulas Jur\u00eddicas | STF e STJ https:\/\/t.me\/pilulasjuridicasSTFSTJ PRIMEIRA TURMA &#8211; A interposi\u00e7\u00e3o de recurso administrativo n\u00e3o afasta a incid\u00eancia dos juros morat\u00f3rios sobre multa aplicada por ag\u00eancia reguladora \u2013 AREsp 1.574.873-RJ, julgado em 18\/10\/2022. &#8211; O art. 12, \u00a7 11, da IN SRF n. 243\/2002 extrapolou a mera interpreta\u00e7\u00e3o do<br \/><a class=\"more-link\" href=\"https:\/\/justicapotiguar.com.br\/index.php\/2022\/10\/31\/informativo-754-do-stj-de-24-de-outubro-de-2022\/\">Mais&#8230;<\/a><\/p>\n","protected":false},"author":5,"featured_media":0,"comment_status":"open","ping_status":"open","sticky":false,"template":"","format":"standard","meta":[],"categories":[1],"tags":[],"_links":{"self":[{"href":"https:\/\/justicapotiguar.com.br\/index.php\/wp-json\/wp\/v2\/posts\/28893"}],"collection":[{"href":"https:\/\/justicapotiguar.com.br\/index.php\/wp-json\/wp\/v2\/posts"}],"about":[{"href":"https:\/\/justicapotiguar.com.br\/index.php\/wp-json\/wp\/v2\/types\/post"}],"author":[{"embeddable":true,"href":"https:\/\/justicapotiguar.com.br\/index.php\/wp-json\/wp\/v2\/users\/5"}],"replies":[{"embeddable":true,"href":"https:\/\/justicapotiguar.com.br\/index.php\/wp-json\/wp\/v2\/comments?post=28893"}],"version-history":[{"count":1,"href":"https:\/\/justicapotiguar.com.br\/index.php\/wp-json\/wp\/v2\/posts\/28893\/revisions"}],"predecessor-version":[{"id":28894,"href":"https:\/\/justicapotiguar.com.br\/index.php\/wp-json\/wp\/v2\/posts\/28893\/revisions\/28894"}],"wp:attachment":[{"href":"https:\/\/justicapotiguar.com.br\/index.php\/wp-json\/wp\/v2\/media?parent=28893"}],"wp:term":[{"taxonomy":"category","embeddable":true,"href":"https:\/\/justicapotiguar.com.br\/index.php\/wp-json\/wp\/v2\/categories?post=28893"},{"taxonomy":"post_tag","embeddable":true,"href":"https:\/\/justicapotiguar.com.br\/index.php\/wp-json\/wp\/v2\/tags?post=28893"}],"curies":[{"name":"wp","href":"https:\/\/api.w.org\/{rel}","templated":true}]}}